{"id":51592,"date":"2025-03-19T20:10:05","date_gmt":"2025-03-19T23:10:05","guid":{"rendered":"https:\/\/radiorevelacionfm.cl\/?p=51592"},"modified":"2025-03-19T20:10:05","modified_gmt":"2025-03-19T23:10:05","slug":"convocatoria-abierta-sumate-a-la-ciencia-e-innovacion-escolar-en-aysen","status":"publish","type":"post","link":"https:\/\/radiorevelacionfm.cl\/?p=51592","title":{"rendered":"Convocatoria abierta: \u00a1S\u00famate a la ciencia e innovaci\u00f3n escolar en Ays\u00e9n!"},"content":{"rendered":"<div class=\"flex_column av_one_full  flex_column_div av-zero-column-padding first  avia-builder-el-0  el_before_av_one_full  avia-builder-el-first  \" style='border-radius:0px; '><div  class='avia-image-container  av-styling-    avia-builder-el-1  avia-builder-el-no-sibling  avia-align-center '  itemprop=\"image\" itemscope=\"itemscope\" itemtype=\"https:\/\/schema.org\/ImageObject\"  ><div class='avia-image-container-inner'><div class='avia-image-overlay-wrap'><img decoding=\"async\" class='wp-image-51593 avia-img-lazy-loading-not-51593 avia_image' src=\"https:\/\/radiorevelacionfm.cl\/wp-content\/uploads\/2025\/03\/7-16-1_optimized.jpeg\" alt='' title='7-(16)-(1)_optimized' height=\"600\" width=\"800\"  itemprop=\"thumbnailUrl\" srcset=\"https:\/\/radiorevelacionfm.cl\/wp-content\/uploads\/2025\/03\/7-16-1_optimized.jpeg 800w, https:\/\/radiorevelacionfm.cl\/wp-content\/uploads\/2025\/03\/7-16-1_optimized-300x225.jpeg 300w, https:\/\/radiorevelacionfm.cl\/wp-content\/uploads\/2025\/03\/7-16-1_optimized-768x576.jpeg 768w, https:\/\/radiorevelacionfm.cl\/wp-content\/uploads\/2025\/03\/7-16-1_optimized-705x529.jpeg 705w, https:\/\/radiorevelacionfm.cl\/wp-content\/uploads\/2025\/03\/7-16-1_optimized-450x338.jpeg 450w, https:\/\/radiorevelacionfm.cl\/wp-content\/uploads\/2025\/03\/7-16-1_optimized-600x450.jpeg 600w\" sizes=\"(max-width: 800px) 100vw, 800px\" \/><\/div><\/div><\/div><\/div><div class=\"flex_column av_one_full  flex_column_div av-zero-column-padding first  avia-builder-el-2  el_after_av_one_full  el_before_av_one_full  column-top-margin\" style='border-radius:0px; '><section class=\"av_textblock_section \"  itemscope=\"itemscope\" itemtype=\"https:\/\/schema.org\/BlogPosting\" itemprop=\"blogPost\" ><div class='avia_textblock  '   itemprop=\"text\" ><p style=\"text-align: center;\"><span style=\"font-size: 18pt;\"><strong>Convocatoria abierta: \u00a1S\u00famate a la ciencia e innovaci\u00f3n escolar en Ays\u00e9n!<\/strong><\/span><\/p>\n<div id=\"gtx-trans\" style=\"position: absolute; left: -50px; top: 4.31534px;\">\n<div class=\"gtx-trans-icon\"><\/div>\n<\/div>\n<\/div><\/section><\/div><div class=\"flex_column av_one_full  flex_column_div av-zero-column-padding first  avia-builder-el-4  el_after_av_one_full  el_before_av_hr  column-top-margin\" style='border-radius:0px; '><section class=\"av_textblock_section \"  itemscope=\"itemscope\" itemtype=\"https:\/\/schema.org\/BlogPosting\" itemprop=\"blogPost\" ><div class='avia_textblock  '   itemprop=\"text\" ><p style=\"text-align: justify;\"><em>Hasta el 4 de abril, docentes y estudiantes de ense\u00f1anza b\u00e1sica y media pueden postular al programa de Investigaci\u00f3n e Innovaci\u00f3n Escolar de Explora Ays\u00e9n. <\/em><\/p>\n<p style=\"text-align: justify;\">Ser parte de un espacio de aprendizaje donde docentes y estudiantes puedan descubrir, discutir y trabajar en equipo en la b\u00fasqueda de soluciones a preguntas y problem\u00e1ticas de su entorno es la invitaci\u00f3n del programa de Investigaci\u00f3n e Innovaci\u00f3n Escolar (IIE) en su versi\u00f3n 2025-2026.<\/p>\n<p style=\"text-align: justify;\">La iniciativa, impulsada por el Proyecto Explora Ays\u00e9n del Ministerio de Ciencia, Tecnolog\u00eda, Conocimiento e Innovaci\u00f3n, e implementado por el Campus Patagonia de la Universidad Austral de Chile, tiene por objetivo promover la socializaci\u00f3n del conocimiento dentro de la comunidad educativa, contribuyendo al desarrollo de competencias en las distintas \u00e1reas del conocimiento, la tecnolog\u00eda y la innovaci\u00f3n.<\/p>\n<p style=\"text-align: justify;\"><strong>Una experiencia para potenciar habilidades cient\u00edficas <\/strong><\/p>\n<p style=\"text-align: justify;\">Durante dos a\u00f1os consecutivos, los equipos de investigaci\u00f3n e innovaci\u00f3n participar\u00e1n de una ruta formativa, en modalidad presencial, que consistir\u00e1 en talleres para el desarrollo de competencias y metodolog\u00edas de investigaci\u00f3n e innovaci\u00f3n, adem\u00e1s de sesiones de trabajo y acompa\u00f1amiento con asesores\/as cient\u00edficos\/as y el equipo del PAR Explora Ays\u00e9n.<\/p>\n<p style=\"text-align: justify;\">Para finalizar la ruta formativa, cada a\u00f1o los equipos tendr\u00e1n la posibilidad de participar en espacios de encuentro y socializaci\u00f3n como son el Congreso Regional de Investigaci\u00f3n e Innovaci\u00f3n Escolar y una Jornada de Reencuentro entre los equipos.<\/p>\n<p style=\"text-align: justify;\"><strong>\u00bfC\u00f3mo postular?<\/strong><\/p>\n<p style=\"text-align: justify;\">Cada equipo, conformado por un\/a docente y dos o m\u00e1s estudiantes de ense\u00f1anza b\u00e1sica o media, debe inscribirse a trav\u00e9s del formulario de postulaci\u00f3n disponible en <a href=\"http:\/\/www.explora.cl\/aysen\">www.explora.cl\/aysen<\/a>, anexando una carta de compromiso institucional y una planilla con los antecedentes del equipo completo.<\/p>\n<p style=\"text-align: justify;\">\u200b\u200bLas consultas sobre este proceso de convocatoria podr\u00e1n realizarse hasta el <strong>21 de marzo<\/strong> al correo <strong>exploraysen@uach.cl<\/strong> y\/o al tel\u00e9fono <strong>+56 9 2382 5609<\/strong> &#8211; <strong>(67) 2 526956<\/strong> de lunes a viernes entre las 9:00 y las 18:00 horas.<\/p>\n<\/div><\/section><\/div><div  style='height:50px' class='hr hr-invisible   avia-builder-el-6  el_after_av_one_full  el_before_av_social_share '><span class='hr-inner ' ><span class='hr-inner-style'><\/span><\/span><\/div><\/p>\n<div  class='av-social-sharing-box  avia-builder-el-7  el_after_av_hr  el_before_av_hr  '><div class='av-share-box'><h5 class='av-share-link-description av-no-toc '>Compartir esta noticia<\/h5><ul class='av-share-box-list noLightbox'><li class='av-share-link av-social-link-facebook' ><a target=\"_blank\" aria-label=\"Compartir en Facebook\" href='https:\/\/www.facebook.com\/sharer.php?u=https:\/\/radiorevelacionfm.cl\/?p=51592&#038;t=Convocatoria%20abierta%3A%20%C2%A1S%C3%BAmate%20a%20la%20ciencia%20e%20innovaci%C3%B3n%20escolar%20en%20Ays%C3%A9n%21' aria-hidden='false' data-av_icon='\ue8f3' data-av_iconfont='entypo-fontello' title='' data-avia-related-tooltip='Compartir en Facebook' rel=\"noopener\"><span class='avia_hidden_link_text'>Compartir en Facebook<\/span><\/a><\/li><li class='av-share-link av-social-link-twitter' ><a target=\"_blank\" aria-label=\"Compartir en Twitter\" href='https:\/\/twitter.com\/share?text=Convocatoria%20abierta%3A%20%C2%A1S%C3%BAmate%20a%20la%20ciencia%20e%20innovaci%C3%B3n%20escolar%20en%20Ays%C3%A9n%21&#038;url=https:\/\/radiorevelacionfm.cl\/?p=51592' aria-hidden='false' data-av_icon='\ue8f1' data-av_iconfont='entypo-fontello' title='' data-avia-related-tooltip='Compartir en Twitter' rel=\"noopener\"><span class='avia_hidden_link_text'>Compartir en Twitter<\/span><\/a><\/li><li class='av-share-link av-social-link-whatsapp' ><a target=\"_blank\" aria-label=\"Compartir en Whatsapp\" href='https:\/\/api.whatsapp.com\/send?text=https:\/\/radiorevelacionfm.cl\/?p=51592' aria-hidden='false' data-av_icon='\uf232' data-av_iconfont='entypo-fontello' title='' data-avia-related-tooltip='Compartir en Whatsapp' rel=\"noopener\"><span class='avia_hidden_link_text'>Compartir en Whatsapp<\/span><\/a><\/li><li class='av-share-link av-social-link-linkedin' ><a target=\"_blank\" aria-label=\"Compartir en LinkedIn\" href='https:\/\/linkedin.com\/shareArticle?mini=true&#038;title=Convocatoria%20abierta%3A%20%C2%A1S%C3%BAmate%20a%20la%20ciencia%20e%20innovaci%C3%B3n%20escolar%20en%20Ays%C3%A9n%21&#038;url=https:\/\/radiorevelacionfm.cl\/?p=51592' aria-hidden='false' data-av_icon='\ue8fc' data-av_iconfont='entypo-fontello' title='' data-avia-related-tooltip='Compartir en LinkedIn' rel=\"noopener\"><span class='avia_hidden_link_text'>Compartir en LinkedIn<\/span><\/a><\/li><li class='av-share-link av-social-link-mail' ><a  aria-label=\"Compartir por correo\" href='mailto:?subject=Convocatoria%20abierta%3A%20%C2%A1S%C3%BAmate%20a%20la%20ciencia%20e%20innovaci%C3%B3n%20escolar%20en%20Ays%C3%A9n%21&#038;body=https:\/\/radiorevelacionfm.cl\/?p=51592' aria-hidden='false' data-av_icon='\ue805' data-av_iconfont='entypo-fontello' title='' data-avia-related-tooltip='Compartir por correo'><span class='avia_hidden_link_text'>Compartir por correo<\/span><\/a><\/li><\/ul><\/div><\/div>\n<div  style='height:50px' class='hr hr-invisible   avia-builder-el-8  el_after_av_social_share  el_before_av_comments_list '><span class='hr-inner ' ><span class='hr-inner-style'><\/span><\/span><\/div>\n<div  class='av-buildercomment  av-blog-meta-html-info-disabled av-blog-meta-tag-disabled  '><\/div>\n","protected":false},"excerpt":{"rendered":"","protected":false},"author":1,"featured_media":51593,"comment_status":"open","ping_status":"open","sticky":false,"template":"","format":"standard","meta":{"footnotes":""},"categories":[49],"tags":[],"class_list":["post-51592","post","type-post","status-publish","format-standard","has-post-thumbnail","hentry","category-educacion"],"jetpack_featured_media_url":"https:\/\/radiorevelacionfm.cl\/wp-content\/uploads\/2025\/03\/7-16-1_optimized.jpeg","_links":{"self":[{"href":"https:\/\/radiorevelacionfm.cl\/index.php?rest_route=\/wp\/v2\/posts\/51592","targetHints":{"allow":["GET"]}}],"collection":[{"href":"https:\/\/radiorevelacionfm.cl\/index.php?rest_route=\/wp\/v2\/posts"}],"about":[{"href":"https:\/\/radiorevelacionfm.cl\/index.php?rest_route=\/wp\/v2\/types\/post"}],"author":[{"embeddable":true,"href":"https:\/\/radiorevelacionfm.cl\/index.php?rest_route=\/wp\/v2\/users\/1"}],"replies":[{"embeddable":true,"href":"https:\/\/radiorevelacionfm.cl\/index.php?rest_route=%2Fwp%2Fv2%2Fcomments&post=51592"}],"version-history":[{"count":1,"href":"https:\/\/radiorevelacionfm.cl\/index.php?rest_route=\/wp\/v2\/posts\/51592\/revisions"}],"predecessor-version":[{"id":51594,"href":"https:\/\/radiorevelacionfm.cl\/index.php?rest_route=\/wp\/v2\/posts\/51592\/revisions\/51594"}],"wp:featuredmedia":[{"embeddable":true,"href":"https:\/\/radiorevelacionfm.cl\/index.php?rest_route=\/wp\/v2\/media\/51593"}],"wp:attachment":[{"href":"https:\/\/radiorevelacionfm.cl\/index.php?rest_route=%2Fwp%2Fv2%2Fmedia&parent=51592"}],"wp:term":[{"taxonomy":"category","embeddable":true,"href":"https:\/\/radiorevelacionfm.cl\/index.php?rest_route=%2Fwp%2Fv2%2Fcategories&post=51592"},{"taxonomy":"post_tag","embeddable":true,"href":"https:\/\/radiorevelacionfm.cl\/index.php?rest_route=%2Fwp%2Fv2%2Ftags&post=51592"}],"curies":[{"name":"wp","href":"https:\/\/api.w.org\/{rel}","templated":true}]}}