{"id":51589,"date":"2025-03-19T18:30:07","date_gmt":"2025-03-19T21:30:07","guid":{"rendered":"https:\/\/radiorevelacionfm.cl\/?p=51589"},"modified":"2025-03-20T10:43:25","modified_gmt":"2025-03-20T13:43:25","slug":"participacion-ciudadana-gobierno-realizo-capacitaciones-en-la-region-de-aysen","status":"publish","type":"post","link":"https:\/\/radiorevelacionfm.cl\/?p=51589","title":{"rendered":"Participaci\u00f3n Ciudadana: Gobierno realiz\u00f3 capacitaciones en la regi\u00f3n de Ays\u00e9n"},"content":{"rendered":"<div class=\"flex_column av_one_full  flex_column_div av-zero-column-padding first  avia-builder-el-0  el_before_av_one_full  avia-builder-el-first  \" style='border-radius:0px; '><div  class='avia-image-container  av-styling-    avia-builder-el-1  avia-builder-el-no-sibling  avia-align-center '  itemprop=\"image\" itemscope=\"itemscope\" itemtype=\"https:\/\/schema.org\/ImageObject\"  ><div class='avia-image-container-inner'><div class='avia-image-overlay-wrap'><img decoding=\"async\" class='wp-image-51590 avia-img-lazy-loading-not-51590 avia_image' src=\"https:\/\/radiorevelacionfm.cl\/wp-content\/uploads\/2025\/03\/foto-3-37-1_optimized-1.jpeg\" alt='' title='foto-3-(37)-(1)_optimized (1)' height=\"600\" width=\"800\"  itemprop=\"thumbnailUrl\" srcset=\"https:\/\/radiorevelacionfm.cl\/wp-content\/uploads\/2025\/03\/foto-3-37-1_optimized-1.jpeg 800w, https:\/\/radiorevelacionfm.cl\/wp-content\/uploads\/2025\/03\/foto-3-37-1_optimized-1-300x225.jpeg 300w, https:\/\/radiorevelacionfm.cl\/wp-content\/uploads\/2025\/03\/foto-3-37-1_optimized-1-768x576.jpeg 768w, https:\/\/radiorevelacionfm.cl\/wp-content\/uploads\/2025\/03\/foto-3-37-1_optimized-1-705x529.jpeg 705w, https:\/\/radiorevelacionfm.cl\/wp-content\/uploads\/2025\/03\/foto-3-37-1_optimized-1-450x338.jpeg 450w, https:\/\/radiorevelacionfm.cl\/wp-content\/uploads\/2025\/03\/foto-3-37-1_optimized-1-600x450.jpeg 600w\" sizes=\"(max-width: 800px) 100vw, 800px\" \/><\/div><\/div><\/div><\/div>\n<div class=\"flex_column av_one_full  flex_column_div av-zero-column-padding first  avia-builder-el-2  el_after_av_one_full  el_before_av_one_full  column-top-margin\" style='border-radius:0px; '><section class=\"av_textblock_section \"  itemscope=\"itemscope\" itemtype=\"https:\/\/schema.org\/BlogPosting\" itemprop=\"blogPost\" ><div class='avia_textblock  '   itemprop=\"text\" ><p style=\"text-align: center;\"><strong><span style=\"font-size: 18pt;\">Participaci\u00f3n Ciudadana: Gobierno realiz\u00f3 capacitaciones en la regi\u00f3n de Ays\u00e9n<\/span><\/strong><\/p>\n<div id=\"gtx-trans\" style=\"position: absolute; left: -50px; top: 4.31534px;\">\n<div class=\"gtx-trans-icon\"><\/div>\n<\/div>\n<\/div><\/section><\/div>\n<div class=\"flex_column av_one_full  flex_column_div av-zero-column-padding first  avia-builder-el-4  el_after_av_one_full  el_before_av_hr  column-top-margin\" style='border-radius:0px; '><section class=\"av_textblock_section \"  itemscope=\"itemscope\" itemtype=\"https:\/\/schema.org\/BlogPosting\" itemprop=\"blogPost\" ><div class='avia_textblock  '   itemprop=\"text\" ><div>\n<p class=\"v1MsoNormal\" style=\"text-align: justify;\"><i>Funcionarias y funcionarios p\u00fablicos, dirigentes sociales y autoridades locales participaron en dos jornadas de perfeccionamiento en la Ley 20.500, sobre asociaci\u00f3n y participaci\u00f3n ciudadana en la gesti\u00f3n p\u00fablica.<\/i><\/p>\n<p class=\"v1MsoNormal\" style=\"text-align: justify;\">El Observatorio de Participaci\u00f3n Ciudadana y No Discriminaci\u00f3n, del Ministerio Secretar\u00eda General de Gobierno, lleg\u00f3 hasta la Regi\u00f3n de Ays\u00e9n para realizar capacitaciones de sensibilizaci\u00f3n en materias de asociatividad y participaci\u00f3n ciudadana en la administraci\u00f3n del Estado.<\/p>\n<p class=\"v1MsoNormal\" style=\"text-align: justify;\">El objetivo de estos espacios fue informar y acercar estas tem\u00e1ticas a trabajadores y trabajadoras p\u00fablicas, dirigentes sociales y autoridades locales para mejorar su conocimiento y aplicabilidad en el servicio que prestan a la ciudadan\u00eda.<\/p>\n<p class=\"v1MsoNormal\" style=\"text-align: justify;\">En paralelo, el Observatorio de la Segegob lider\u00f3 una charla para combatir la desinformaci\u00f3n en el Centro de Educaci\u00f3n Integrada de Adultos en Coyhaique. En la instancia, se mostr\u00f3 la campa\u00f1a \u00abAguanta, Chequea, Comparte\u00bb, lanzada en junio del a\u00f1o pasado por el mismo ministerio, cuyo objetivo es entregar recomendaciones y herramientas a la ciudadan\u00eda para contrarrestar los efectos de la viralizaci\u00f3n de informaci\u00f3n falsa en plataformas digitales. Esto, a partir de las recomendaciones entregadas por la Comisi\u00f3n Asesora contra la Desinformaci\u00f3n.<\/p>\n<p class=\"v1MsoNormal\" style=\"text-align: justify;\">Al respecto, la seremi de Gobierno, \u00darsula Mix, explic\u00f3 que \u00abesta campa\u00f1a busca transmitir elementos para que la poblaci\u00f3n pueda reconocer y reaccionar ante contenidos que constituyan desinformaci\u00f3n, y que puedan afectar el derecho al acceso a la informaci\u00f3n, generando impactos concretos en su d\u00eda a d\u00eda. Mediante pasos sencillos, se invita a la audiencia a verificar y chequear la informaci\u00f3n antes de compartirla en sus propias redes sociales\u00bb.<\/p>\n<p class=\"v1MsoNormal\" style=\"text-align: justify;\">Por su parte, la directora del Observatorio de la Segegob, Carmen Luz Morales, se refiri\u00f3 al despliegue de su equipo para llegar con las capacitaciones a Coyhaique y Puerto Ays\u00e9n. \u00abNuestro objetivo es fortalecer la participaci\u00f3n ciudadana en la gesti\u00f3n p\u00fablica desde un enfoque de propender la participaci\u00f3n de aquellos grupos que han sido hist\u00f3ricamente discriminados o excluidos de las tomas de decisiones\u00bb, sostuvo. \u00abEs importante escuchar las voces de todos los grupos de personas, en toda su diversidad, para que puedan alimentar con informaci\u00f3n, con sus demandas e intereses a quienes trabajamos en la funci\u00f3n p\u00fablica\u00bb, a\u00f1adi\u00f3.<\/p>\n<p class=\"v1MsoNormal\" style=\"text-align: justify;\">En su visita a la regi\u00f3n, el equipo del Observatorio tambi\u00e9n difundi\u00f3 la campa\u00f1a \u00abEn Lugar de Violencia: Respeto\u00bb, la cual busca sensibilizar a la poblaci\u00f3n para prevenir la discriminaci\u00f3n hacia la comunidad LGBTIQA+; el foco este a\u00f1o est\u00e1 puesto en los ni\u00f1os, ni\u00f1as y adolescentes trans.<\/p>\n<p class=\"v1MsoNormal\" style=\"text-align: justify;\">Sobre este tema, la seremi de Gobierno regional dijo que \u00abestamos muy contentos de recibir la visita de la Directora del Observatorio, y del aporte que significa promover la sensibilizaci\u00f3n en tem\u00e1ticas relativas a la no discriminaci\u00f3n arbitraria, para avanzar hacia una regi\u00f3n m\u00e1s democr\u00e1tica, respetuosa e inclusiva\u00bb.<\/p>\n<p class=\"v1MsoNormal\" style=\"text-align: justify;\">El Observatorio de Participaci\u00f3n Ciudadana y No Discriminaci\u00f3n es una unidad del Ministerio Secretar\u00eda General de Gobierno, cuya misi\u00f3n es capacitar a quienes trabajan en instituciones p\u00fablicas sobre materias de participaci\u00f3n ciudadana y no discriminaci\u00f3n relacionadas con las leyes 20.500 y 20.609. Asimismo, su funci\u00f3n es generar espacios de di\u00e1logo en torno a estas tem\u00e1ticas con organizaciones de la sociedad civil y la academia.<\/p>\n<\/div>\n<div style=\"text-align: justify;\"><\/div>\n<\/div><\/section><\/div><div  style='height:50px' class='hr hr-invisible   avia-builder-el-6  el_after_av_one_full  el_before_av_social_share '><span class='hr-inner ' ><span class='hr-inner-style'><\/span><\/span><\/div><\/p>\n<div  class='av-social-sharing-box  avia-builder-el-7  el_after_av_hr  el_before_av_hr  '><div class='av-share-box'><h5 class='av-share-link-description av-no-toc '>Compartir esta noticia<\/h5><ul class='av-share-box-list noLightbox'><li class='av-share-link av-social-link-facebook' ><a target=\"_blank\" aria-label=\"Compartir en Facebook\" href='https:\/\/www.facebook.com\/sharer.php?u=https:\/\/radiorevelacionfm.cl\/?p=51589&#038;t=Participaci%C3%B3n%20Ciudadana%3A%20Gobierno%20realiz%C3%B3%20capacitaciones%20en%20la%20regi%C3%B3n%20de%20Ays%C3%A9n' aria-hidden='false' data-av_icon='\ue8f3' data-av_iconfont='entypo-fontello' title='' data-avia-related-tooltip='Compartir en Facebook' rel=\"noopener\"><span class='avia_hidden_link_text'>Compartir en Facebook<\/span><\/a><\/li><li class='av-share-link av-social-link-twitter' ><a target=\"_blank\" aria-label=\"Compartir en Twitter\" href='https:\/\/twitter.com\/share?text=Participaci%C3%B3n%20Ciudadana%3A%20Gobierno%20realiz%C3%B3%20capacitaciones%20en%20la%20regi%C3%B3n%20de%20Ays%C3%A9n&#038;url=https:\/\/radiorevelacionfm.cl\/?p=51589' aria-hidden='false' data-av_icon='\ue8f1' data-av_iconfont='entypo-fontello' title='' data-avia-related-tooltip='Compartir en Twitter' rel=\"noopener\"><span class='avia_hidden_link_text'>Compartir en Twitter<\/span><\/a><\/li><li class='av-share-link av-social-link-whatsapp' ><a target=\"_blank\" aria-label=\"Compartir en Whatsapp\" href='https:\/\/api.whatsapp.com\/send?text=https:\/\/radiorevelacionfm.cl\/?p=51589' aria-hidden='false' data-av_icon='\uf232' data-av_iconfont='entypo-fontello' title='' data-avia-related-tooltip='Compartir en Whatsapp' rel=\"noopener\"><span class='avia_hidden_link_text'>Compartir en Whatsapp<\/span><\/a><\/li><li class='av-share-link av-social-link-linkedin' ><a target=\"_blank\" aria-label=\"Compartir en LinkedIn\" href='https:\/\/linkedin.com\/shareArticle?mini=true&#038;title=Participaci%C3%B3n%20Ciudadana%3A%20Gobierno%20realiz%C3%B3%20capacitaciones%20en%20la%20regi%C3%B3n%20de%20Ays%C3%A9n&#038;url=https:\/\/radiorevelacionfm.cl\/?p=51589' aria-hidden='false' data-av_icon='\ue8fc' data-av_iconfont='entypo-fontello' title='' data-avia-related-tooltip='Compartir en LinkedIn' rel=\"noopener\"><span class='avia_hidden_link_text'>Compartir en LinkedIn<\/span><\/a><\/li><li class='av-share-link av-social-link-mail' ><a  aria-label=\"Compartir por correo\" href='mailto:?subject=Participaci%C3%B3n%20Ciudadana%3A%20Gobierno%20realiz%C3%B3%20capacitaciones%20en%20la%20regi%C3%B3n%20de%20Ays%C3%A9n&#038;body=https:\/\/radiorevelacionfm.cl\/?p=51589' aria-hidden='false' data-av_icon='\ue805' data-av_iconfont='entypo-fontello' title='' data-avia-related-tooltip='Compartir por correo'><span class='avia_hidden_link_text'>Compartir por correo<\/span><\/a><\/li><\/ul><\/div><\/div>\n<div  style='height:50px' class='hr hr-invisible   avia-builder-el-8  el_after_av_social_share  el_before_av_comments_list '><span class='hr-inner ' ><span class='hr-inner-style'><\/span><\/span><\/div>\n<div  class='av-buildercomment  av-blog-meta-html-info-disabled av-blog-meta-tag-disabled  '><\/div>\n","protected":false},"excerpt":{"rendered":"","protected":false},"author":1,"featured_media":51590,"comment_status":"open","ping_status":"open","sticky":false,"template":"","format":"standard","meta":{"footnotes":""},"categories":[38],"tags":[],"class_list":["post-51589","post","type-post","status-publish","format-standard","has-post-thumbnail","hentry","category-regional"],"jetpack_featured_media_url":"https:\/\/radiorevelacionfm.cl\/wp-content\/uploads\/2025\/03\/foto-3-37-1_optimized-1.jpeg","_links":{"self":[{"href":"https:\/\/radiorevelacionfm.cl\/index.php?rest_route=\/wp\/v2\/posts\/51589","targetHints":{"allow":["GET"]}}],"collection":[{"href":"https:\/\/radiorevelacionfm.cl\/index.php?rest_route=\/wp\/v2\/posts"}],"about":[{"href":"https:\/\/radiorevelacionfm.cl\/index.php?rest_route=\/wp\/v2\/types\/post"}],"author":[{"embeddable":true,"href":"https:\/\/radiorevelacionfm.cl\/index.php?rest_route=\/wp\/v2\/users\/1"}],"replies":[{"embeddable":true,"href":"https:\/\/radiorevelacionfm.cl\/index.php?rest_route=%2Fwp%2Fv2%2Fcomments&post=51589"}],"version-history":[{"count":2,"href":"https:\/\/radiorevelacionfm.cl\/index.php?rest_route=\/wp\/v2\/posts\/51589\/revisions"}],"predecessor-version":[{"id":51621,"href":"https:\/\/radiorevelacionfm.cl\/index.php?rest_route=\/wp\/v2\/posts\/51589\/revisions\/51621"}],"wp:featuredmedia":[{"embeddable":true,"href":"https:\/\/radiorevelacionfm.cl\/index.php?rest_route=\/wp\/v2\/media\/51590"}],"wp:attachment":[{"href":"https:\/\/radiorevelacionfm.cl\/index.php?rest_route=%2Fwp%2Fv2%2Fmedia&parent=51589"}],"wp:term":[{"taxonomy":"category","embeddable":true,"href":"https:\/\/radiorevelacionfm.cl\/index.php?rest_route=%2Fwp%2Fv2%2Fcategories&post=51589"},{"taxonomy":"post_tag","embeddable":true,"href":"https:\/\/radiorevelacionfm.cl\/index.php?rest_route=%2Fwp%2Fv2%2Ftags&post=51589"}],"curies":[{"name":"wp","href":"https:\/\/api.w.org\/{rel}","templated":true}]}}