{"id":51586,"date":"2025-03-19T15:34:18","date_gmt":"2025-03-19T18:34:18","guid":{"rendered":"https:\/\/radiorevelacionfm.cl\/?p=51586"},"modified":"2025-03-19T15:34:18","modified_gmt":"2025-03-19T18:34:18","slug":"conserva-con-ciencia-reunira-a-expertos-para-impulsar-la-innovacion-en-alimentos-fermentados","status":"publish","type":"post","link":"https:\/\/radiorevelacionfm.cl\/?p=51586","title":{"rendered":"Conserva Con\/Ciencia reunir\u00e1 a expertos para impulsar la innovaci\u00f3n en alimentos fermentados"},"content":{"rendered":"<div class=\"flex_column av_one_full  flex_column_div av-zero-column-padding first  avia-builder-el-0  el_before_av_one_full  avia-builder-el-first  \" style='border-radius:0px; '><div  class='avia-image-container  av-styling-    avia-builder-el-1  avia-builder-el-no-sibling  avia-align-center '  itemprop=\"image\" itemscope=\"itemscope\" itemtype=\"https:\/\/schema.org\/ImageObject\"  ><div class='avia-image-container-inner'><div class='avia-image-overlay-wrap'><img decoding=\"async\" class='wp-image-51587 avia-img-lazy-loading-not-51587 avia_image' src=\"https:\/\/radiorevelacionfm.cl\/wp-content\/uploads\/2025\/03\/punto-prensa-1-1_optimized.jpg\" alt='' title='punto-prensa-(1)-(1)_optimized' height=\"600\" width=\"1008\"  itemprop=\"thumbnailUrl\" srcset=\"https:\/\/radiorevelacionfm.cl\/wp-content\/uploads\/2025\/03\/punto-prensa-1-1_optimized.jpg 1008w, https:\/\/radiorevelacionfm.cl\/wp-content\/uploads\/2025\/03\/punto-prensa-1-1_optimized-300x179.jpg 300w, https:\/\/radiorevelacionfm.cl\/wp-content\/uploads\/2025\/03\/punto-prensa-1-1_optimized-768x457.jpg 768w, https:\/\/radiorevelacionfm.cl\/wp-content\/uploads\/2025\/03\/punto-prensa-1-1_optimized-705x420.jpg 705w, https:\/\/radiorevelacionfm.cl\/wp-content\/uploads\/2025\/03\/punto-prensa-1-1_optimized-450x268.jpg 450w, https:\/\/radiorevelacionfm.cl\/wp-content\/uploads\/2025\/03\/punto-prensa-1-1_optimized-600x357.jpg 600w\" sizes=\"(max-width: 1008px) 100vw, 1008px\" \/><\/div><\/div><\/div><\/div><div class=\"flex_column av_one_full  flex_column_div av-zero-column-padding first  avia-builder-el-2  el_after_av_one_full  el_before_av_one_full  column-top-margin\" style='border-radius:0px; '><section class=\"av_textblock_section \"  itemscope=\"itemscope\" itemtype=\"https:\/\/schema.org\/BlogPosting\" itemprop=\"blogPost\" ><div class='avia_textblock  '   itemprop=\"text\" ><p style=\"text-align: center;\"><strong><span style=\"font-size: 18pt;\">Conserva Con\/Ciencia reunir\u00e1 a expertos para impulsar la innovaci\u00f3n en alimentos fermentados<\/span><\/strong><\/p>\n<div id=\"gtx-trans\" style=\"position: absolute; left: -50px; top: 4.31534px;\">\n<div class=\"gtx-trans-icon\"><\/div>\n<\/div>\n<\/div><\/section><\/div><div class=\"flex_column av_one_full  flex_column_div av-zero-column-padding first  avia-builder-el-4  el_after_av_one_full  el_before_av_hr  column-top-margin\" style='border-radius:0px; '><section class=\"av_textblock_section \"  itemscope=\"itemscope\" itemtype=\"https:\/\/schema.org\/BlogPosting\" itemprop=\"blogPost\" ><div class='avia_textblock  '   itemprop=\"text\" ><p style=\"text-align: justify;\"><em>A trav\u00e9s del programa Viraliza Difusi\u00f3n de Eventos de CORFO, INIA Tamel Aike junto a Fermenter\u00eda Ays\u00e9n buscan divulgar conocimientos sobre la conservaci\u00f3n de alimentos, fortalecer redes entre emprendedores y promover estrategias para incrementar los ingresos a trav\u00e9s del desarrollo de productos innovadores con un mayor valor en el mercado.\u00a0\u00a0M\u00e1s informaci\u00f3n en\u00a0<a href=\"https:\/\/www.inia.cl\/agenda\/conserva-con-ciencia\/\">https:\/\/www.inia.cl\/agenda\/conserva-con-ciencia\/<\/a><\/em><\/p>\n<p style=\"text-align: justify;\">La producci\u00f3n de alimentos fermentados est\u00e1 adquiriendo un rol clave en la diversificaci\u00f3n agroalimentaria de la Regi\u00f3n de Ays\u00e9n. Con este enfoque, se desarrollar\u00e1 el evento \u00abPotenciando la cadena agroalimentaria a trav\u00e9s del desarrollo de alimentos fermentados en la Regi\u00f3n de Ays\u00e9n\u00bb, una iniciativa impulsada por el Instituto de Investigaciones Agropecuarias (INIA), en conjunto con Fermente Ays\u00e9n y con el respaldo de Corfo Ays\u00e9n.<\/p>\n<p style=\"text-align: justify;\">El evento, que se desarrollar\u00e1 los d\u00edas viernes 4 y s\u00e1bado 5 de abril en el Museo Regional de Ays\u00e9n, busca\u00a0promover\u00a0el emprendimiento y la innovaci\u00f3n en la elaboraci\u00f3n de fermentados, mediante la realizaci\u00f3n de actividades que faciliten la\u00a0generaci\u00f3n redes\u00a0y el intercambio de conocimientos entre los asistentes.<\/p>\n<p style=\"text-align: justify;\">El seremi de Agricultura, Eugenio Ruiz Espinoza, destac\u00f3 que \u00abhoy es fundamental rescatar nuestras tradiciones y darles valor agregado, especialmente a trav\u00e9s de la econom\u00eda circular que hoy cumple un rol clave a nivel regional. Estas acciones permiten diversificar la matriz productiva y fortalecer el trabajo de nuestras campesinas y campesinos. Por eso invitamos a la comunidad a conocer c\u00f3mo se hac\u00edan antes los fermentados y c\u00f3mo hoy esta t\u00e9cnica sigue aportando a la producci\u00f3n local\u00bb.<\/p>\n<p style=\"text-align: justify;\">Para Humberto Mar\u00edn Leiva, director de Corfo Ays\u00e9n, esta iniciativa representa un paso clave en el desarrollo productivo de la regi\u00f3n.\u00a0\u00abLa fermentaci\u00f3n no solo permite diversificar la matriz agroalimentaria, sino que tambi\u00e9n impulsa la sostenibilidad y el rescate de la identidad gastron\u00f3mica local. Con este evento, Ays\u00e9n avanza en la consolidaci\u00f3n de un ecosistema innovador que potencia la calidad y el valor agregado de sus productos\u00bb,\u00a0destac\u00f3.<\/p>\n<p style=\"text-align: justify;\">Este encuentro, financiado a trav\u00e9s del programa Viraliza Difusi\u00f3n de Eventos de Corfo, forma parte de las iniciativas aprobadas en el marco del Comit\u00e9 de Desarrollo Productivo de Ays\u00e9n. Dicho comit\u00e9 juega un rol clave en la descentralizaci\u00f3n de la gesti\u00f3n econ\u00f3mica regional, permitiendo que la regi\u00f3n tome decisiones estrat\u00e9gicas sobre el uso de recursos p\u00fablicos, adapt\u00e1ndose a sus particularidades y desaf\u00edos productivos.<\/p>\n<p style=\"text-align: justify;\">Por su parte,\u00a0Camila Reyes, directora de INIA Tamel Aike, resalt\u00f3 que este evento se enmarca en los lineamientos de la entidad y del Ministerio de Agricultura para contribuir al sector agroalimentario.\u00a0\u00abA trav\u00e9s de la investigaci\u00f3n, la innovaci\u00f3n y la transferencia tecnol\u00f3gica, buscamos generar valor y entregar soluciones que beneficien a agricultores y agricultoras. \u00abConserva Con\/Ciencia&#8217; se une a este prop\u00f3sito, demostrando c\u00f3mo la fermentaci\u00f3n puede potenciar el sector agroalimentaria: mejorando la conservaci\u00f3n de los alimentos, agregando valor a los productos locales y\u00a0promoviendo soberan\u00eda y seguridad alimentaria\u00bb,\u00a0explic\u00f3.<\/p>\n<p style=\"text-align: justify;\">La actividad reunir\u00e1 a expertos nacionales e internacionales en fermentaci\u00f3n, quienes impartir\u00e1n talleres te\u00f3rico-pr\u00e1cticos sobre la producci\u00f3n de fermentados como kombucha, k\u00e9fir, vinagres, cervezas y quesos, entre otros; adem\u00e1s de exponer sobre los beneficios nutricionales y ambientales de estos productos. Entre las especialistas internacionales destacan la Dra. Luc\u00eda \u00c1lvarez y la Dra. Julieta Burini, investigadora del Instituto de Patagonian Ecosystems (IPATEC) en Argentina, quienes abordar\u00e1n la microbiolog\u00eda de la fermentaci\u00f3n y el an\u00e1lisis sensorial de bebidas fermentadas.<\/p>\n<p style=\"text-align: justify;\">\u00abLa Regi\u00f3n de Ays\u00e9n, con sus condiciones agroecol\u00f3gicas privilegiadas, como baja contaminaci\u00f3n y escasa presencia de agentes fitopat\u00f3genos, es ideal para la producci\u00f3n de alimentos de alta calidad. Esta instancia es una gran oportunidad para visibilizar el valor de los fermentados como parte de nuestra identidad gastron\u00f3mica y generar nuevas redes de colaboraci\u00f3n entre productores, investigadores y consumidores\u00bb, enfatiz\u00f3\u00a0Yoselin Bustamante, representante de\u00a0Fermenter\u00eda Ays\u00e9n.<\/p>\n<p style=\"text-align: justify;\">Por ello, el evento busca capacitar a al menos 200 personas, entre productores\/as, emprendedores\/as y especialistas del sector, brind\u00e1ndoles herramientas para innovar en sus procesos productivos y acceder a nuevos mercados. M\u00e1s informaci\u00f3n sobre esta actividad y la inscripci\u00f3n en\u00a0<a href=\"https:\/\/www.inia.cl\/agenda\/conserva-con-ciencia\/\">https:\/\/www.inia.cl\/agenda\/conserva-con-ciencia\/<\/a>.<\/p>\n<\/div><\/section><\/div><div  style='height:50px' class='hr hr-invisible   avia-builder-el-6  el_after_av_one_full  el_before_av_social_share '><span class='hr-inner ' ><span class='hr-inner-style'><\/span><\/span><\/div><\/p>\n<div  class='av-social-sharing-box  avia-builder-el-7  el_after_av_hr  el_before_av_hr  '><div class='av-share-box'><h5 class='av-share-link-description av-no-toc '>Compartir esta noticia<\/h5><ul class='av-share-box-list noLightbox'><li class='av-share-link av-social-link-facebook' ><a target=\"_blank\" aria-label=\"Compartir en Facebook\" href='https:\/\/www.facebook.com\/sharer.php?u=https:\/\/radiorevelacionfm.cl\/?p=51586&#038;t=Conserva%20Con%2FCiencia%20reunir%C3%A1%20a%20expertos%20para%20impulsar%20la%20innovaci%C3%B3n%20en%20alimentos%20fermentados' aria-hidden='false' data-av_icon='\ue8f3' data-av_iconfont='entypo-fontello' title='' data-avia-related-tooltip='Compartir en Facebook' rel=\"noopener\"><span class='avia_hidden_link_text'>Compartir en Facebook<\/span><\/a><\/li><li class='av-share-link av-social-link-twitter' ><a target=\"_blank\" aria-label=\"Compartir en Twitter\" href='https:\/\/twitter.com\/share?text=Conserva%20Con%2FCiencia%20reunir%C3%A1%20a%20expertos%20para%20impulsar%20la%20innovaci%C3%B3n%20en%20alimentos%20fermentados&#038;url=https:\/\/radiorevelacionfm.cl\/?p=51586' aria-hidden='false' data-av_icon='\ue8f1' data-av_iconfont='entypo-fontello' title='' data-avia-related-tooltip='Compartir en Twitter' rel=\"noopener\"><span class='avia_hidden_link_text'>Compartir en Twitter<\/span><\/a><\/li><li class='av-share-link av-social-link-whatsapp' ><a target=\"_blank\" aria-label=\"Compartir en Whatsapp\" href='https:\/\/api.whatsapp.com\/send?text=https:\/\/radiorevelacionfm.cl\/?p=51586' aria-hidden='false' data-av_icon='\uf232' data-av_iconfont='entypo-fontello' title='' data-avia-related-tooltip='Compartir en Whatsapp' rel=\"noopener\"><span class='avia_hidden_link_text'>Compartir en Whatsapp<\/span><\/a><\/li><li class='av-share-link av-social-link-linkedin' ><a target=\"_blank\" aria-label=\"Compartir en LinkedIn\" href='https:\/\/linkedin.com\/shareArticle?mini=true&#038;title=Conserva%20Con%2FCiencia%20reunir%C3%A1%20a%20expertos%20para%20impulsar%20la%20innovaci%C3%B3n%20en%20alimentos%20fermentados&#038;url=https:\/\/radiorevelacionfm.cl\/?p=51586' aria-hidden='false' data-av_icon='\ue8fc' data-av_iconfont='entypo-fontello' title='' data-avia-related-tooltip='Compartir en LinkedIn' rel=\"noopener\"><span class='avia_hidden_link_text'>Compartir en LinkedIn<\/span><\/a><\/li><li class='av-share-link av-social-link-mail' ><a  aria-label=\"Compartir por correo\" href='mailto:?subject=Conserva%20Con%2FCiencia%20reunir%C3%A1%20a%20expertos%20para%20impulsar%20la%20innovaci%C3%B3n%20en%20alimentos%20fermentados&#038;body=https:\/\/radiorevelacionfm.cl\/?p=51586' aria-hidden='false' data-av_icon='\ue805' data-av_iconfont='entypo-fontello' title='' data-avia-related-tooltip='Compartir por correo'><span class='avia_hidden_link_text'>Compartir por correo<\/span><\/a><\/li><\/ul><\/div><\/div>\n<div  style='height:50px' class='hr hr-invisible   avia-builder-el-8  el_after_av_social_share  el_before_av_comments_list '><span class='hr-inner ' ><span class='hr-inner-style'><\/span><\/span><\/div>\n<div  class='av-buildercomment  av-blog-meta-html-info-disabled av-blog-meta-tag-disabled  '><\/div>\n","protected":false},"excerpt":{"rendered":"","protected":false},"author":1,"featured_media":51587,"comment_status":"open","ping_status":"open","sticky":false,"template":"","format":"standard","meta":{"footnotes":""},"categories":[38],"tags":[],"class_list":["post-51586","post","type-post","status-publish","format-standard","has-post-thumbnail","hentry","category-regional"],"jetpack_featured_media_url":"https:\/\/radiorevelacionfm.cl\/wp-content\/uploads\/2025\/03\/punto-prensa-1-1_optimized.jpg","_links":{"self":[{"href":"https:\/\/radiorevelacionfm.cl\/index.php?rest_route=\/wp\/v2\/posts\/51586","targetHints":{"allow":["GET"]}}],"collection":[{"href":"https:\/\/radiorevelacionfm.cl\/index.php?rest_route=\/wp\/v2\/posts"}],"about":[{"href":"https:\/\/radiorevelacionfm.cl\/index.php?rest_route=\/wp\/v2\/types\/post"}],"author":[{"embeddable":true,"href":"https:\/\/radiorevelacionfm.cl\/index.php?rest_route=\/wp\/v2\/users\/1"}],"replies":[{"embeddable":true,"href":"https:\/\/radiorevelacionfm.cl\/index.php?rest_route=%2Fwp%2Fv2%2Fcomments&post=51586"}],"version-history":[{"count":1,"href":"https:\/\/radiorevelacionfm.cl\/index.php?rest_route=\/wp\/v2\/posts\/51586\/revisions"}],"predecessor-version":[{"id":51588,"href":"https:\/\/radiorevelacionfm.cl\/index.php?rest_route=\/wp\/v2\/posts\/51586\/revisions\/51588"}],"wp:featuredmedia":[{"embeddable":true,"href":"https:\/\/radiorevelacionfm.cl\/index.php?rest_route=\/wp\/v2\/media\/51587"}],"wp:attachment":[{"href":"https:\/\/radiorevelacionfm.cl\/index.php?rest_route=%2Fwp%2Fv2%2Fmedia&parent=51586"}],"wp:term":[{"taxonomy":"category","embeddable":true,"href":"https:\/\/radiorevelacionfm.cl\/index.php?rest_route=%2Fwp%2Fv2%2Fcategories&post=51586"},{"taxonomy":"post_tag","embeddable":true,"href":"https:\/\/radiorevelacionfm.cl\/index.php?rest_route=%2Fwp%2Fv2%2Ftags&post=51586"}],"curies":[{"name":"wp","href":"https:\/\/api.w.org\/{rel}","templated":true}]}}