{"id":51582,"date":"2025-03-19T16:45:09","date_gmt":"2025-03-19T19:45:09","guid":{"rendered":"https:\/\/radiorevelacionfm.cl\/?p=51582"},"modified":"2025-03-19T16:45:09","modified_gmt":"2025-03-19T19:45:09","slug":"bonificacion-del-dfl15-fortalece-pymes-en-aysen-mas-de-1-200-millones-en-inversion","status":"publish","type":"post","link":"https:\/\/radiorevelacionfm.cl\/?p=51582","title":{"rendered":"Bonificaci\u00f3n del DFL15 fortalece pymes en Ays\u00e9n: M\u00e1s de $1.200 millones en inversi\u00f3n"},"content":{"rendered":"<div class=\"flex_column av_one_full  flex_column_div av-zero-column-padding first  avia-builder-el-0  el_before_av_one_full  avia-builder-el-first  \" style='border-radius:0px; '><div  class='avia-image-container  av-styling-    avia-builder-el-1  avia-builder-el-no-sibling  avia-align-center '  itemprop=\"image\" itemscope=\"itemscope\" itemtype=\"https:\/\/schema.org\/ImageObject\"  ><div class='avia-image-container-inner'><div class='avia-image-overlay-wrap'><img decoding=\"async\" class='wp-image-51583 avia-img-lazy-loading-not-51583 avia_image' src=\"https:\/\/radiorevelacionfm.cl\/wp-content\/uploads\/2025\/03\/dlf15-c-resolutivo-1_optimized.jpg\" alt='' title='dlf15-c-resolutivo-(1)_optimized' height=\"600\" width=\"1004\"  itemprop=\"thumbnailUrl\" srcset=\"https:\/\/radiorevelacionfm.cl\/wp-content\/uploads\/2025\/03\/dlf15-c-resolutivo-1_optimized.jpg 1004w, https:\/\/radiorevelacionfm.cl\/wp-content\/uploads\/2025\/03\/dlf15-c-resolutivo-1_optimized-300x179.jpg 300w, https:\/\/radiorevelacionfm.cl\/wp-content\/uploads\/2025\/03\/dlf15-c-resolutivo-1_optimized-768x459.jpg 768w, https:\/\/radiorevelacionfm.cl\/wp-content\/uploads\/2025\/03\/dlf15-c-resolutivo-1_optimized-705x421.jpg 705w, https:\/\/radiorevelacionfm.cl\/wp-content\/uploads\/2025\/03\/dlf15-c-resolutivo-1_optimized-450x269.jpg 450w, https:\/\/radiorevelacionfm.cl\/wp-content\/uploads\/2025\/03\/dlf15-c-resolutivo-1_optimized-600x359.jpg 600w\" sizes=\"(max-width: 1004px) 100vw, 1004px\" \/><\/div><\/div><\/div><\/div><div class=\"flex_column av_one_full  flex_column_div av-zero-column-padding first  avia-builder-el-2  el_after_av_one_full  el_before_av_one_full  column-top-margin\" style='border-radius:0px; '><section class=\"av_textblock_section \"  itemscope=\"itemscope\" itemtype=\"https:\/\/schema.org\/BlogPosting\" itemprop=\"blogPost\" ><div class='avia_textblock  '   itemprop=\"text\" ><p style=\"text-align: center;\"><span style=\"font-size: 18pt;\"><strong>Bonificaci\u00f3n del DFL15 fortalece pymes en Ays\u00e9n: M\u00e1s de $1.200 millones en inversi\u00f3n<\/strong><\/span><\/p>\n<div id=\"gtx-trans\" style=\"position: absolute; left: -50px; top: 4.31534px;\">\n<div class=\"gtx-trans-icon\"><\/div>\n<\/div>\n<\/div><\/section><\/div><div class=\"flex_column av_one_full  flex_column_div av-zero-column-padding first  avia-builder-el-4  el_after_av_one_full  el_before_av_hr  column-top-margin\" style='border-radius:0px; '><section class=\"av_textblock_section \"  itemscope=\"itemscope\" itemtype=\"https:\/\/schema.org\/BlogPosting\" itemprop=\"blogPost\" ><div class='avia_textblock  '   itemprop=\"text\" ><p style=\"text-align: justify;\"><em>El programa DFL15 impulsa el desarrollo de las pymes en Ays\u00e9n con incentivos econ\u00f3micos para inversiones estrat\u00e9gicas.<\/em><\/p>\n<p style=\"text-align: justify;\">M\u00e1s de 130 pymes y emprendimientos de la Regi\u00f3n de Ays\u00e9n fueron beneficiados en el proceso 2025 del DFL15, un incentivo econ\u00f3mico otorgado por el Ministerio de Econom\u00eda, a trav\u00e9s de Corfo, para fortalecer el desarrollo productivo en zonas extremas del pa\u00eds.<\/p>\n<p style=\"text-align: justify;\">\u201cSe trata de $1.237 millones en bonificaciones en esta convocatoria, dirigidos a fortalecer las capacidades productivas de las pymes regionales y promover el crecimiento de sectores emergentes como la econom\u00eda circular y la innovaci\u00f3n tecnol\u00f3gica. Adem\u00e1s, los emprendimientos beneficiados impactar\u00e1n positivamente en la econom\u00eda regional, en la generaci\u00f3n de empleo y en la sustentabilidad productiva, consolidando el DFL15 como una herramienta clave para el desarrollo econ\u00f3mico de Ays\u00e9n\u201d, destac\u00f3 el Delegado Presidencial Regional, Jorge D\u00edaz Guzm\u00e1n.<\/p>\n<p style=\"text-align: justify;\">Felipe Rojas Pizarro, seremi de Econom\u00eda, Fomento e Industria, quien explic\u00f3 que \u00abPara este 2025 fueron beneficiados 133 proyectos, lo que se traduce en un monto total de $1.237 millones de pesos, lo que a su vez significan $6.185 millones de pesos en inversi\u00f3n privada, en Coyhaique, Puerto Ays\u00e9n, Cochrane, Chile Chico y otras localidades. As\u00ed, impulsamos la econom\u00eda local, mejoramos la competitividad de las pymes y generamos empleo en sectores estrat\u00e9gicos como turismo, agroindustria, manufactura y servicios. El DFL15 permite que nuestras pymes accedan a recursos que, de otra manera, ser\u00edan dif\u00edciles de obtener, promoviendo inversiones estrat\u00e9gicas que generan empleo y dinamizan la econom\u00eda local.\u00bb<\/p>\n<p style=\"text-align: justify;\">El DFL15 beneficiar\u00e1 principalmente a tres sectores clave para la econom\u00eda de Ays\u00e9n. En turismo y transporte, varios proyectos recibieron apoyo para la adquisici\u00f3n de minibuses destinados al traslado de pasajeros y el fortalecimiento de servicios de navegaci\u00f3n. En el \u00e1mbito de la agroindustria y ganader\u00eda, destacan iniciativas enfocadas en el mejoramiento gen\u00e9tico, la compra de maquinaria agr\u00edcola y la optimizaci\u00f3n de sistemas de riego, aumentando la eficiencia productiva del sector. Finalmente, en infraestructura y construcci\u00f3n, los recursos han sido destinados a la adquisici\u00f3n de camiones hormigoneros, retroexcavadoras y maquinaria especializada, lo que permitir\u00e1 impulsar obras en la regi\u00f3n y fortalecer la capacidad operativa de las empresas locales.<\/p>\n<p style=\"text-align: justify;\">Por su parte Tom\u00e1s Laibe, representante regional del Ministerio de Hacienda y Seremi de Energ\u00eda, se\u00f1al\u00f3: \u00abEl \u00e9xito del DFL15 en Ays\u00e9n refleja la importancia de los instrumentos de excepci\u00f3n para las zonas extremas y su impacto positivo en el crecimiento de las MiPymes. Desde el Ministerio de Hacienda, seguiremos avanzando en iniciativas que fomenten la inversi\u00f3n, el empleo y la competitividad, claves para la reactivaci\u00f3n econ\u00f3mica de nuestra regi\u00f3n\u00bb<\/p>\n<p style=\"text-align: justify;\">PROYECTOS DESTACADOS<\/p>\n<p style=\"text-align: justify;\">En localidades como Coyhaique y Puerto Ays\u00e9n, diversos emprendimientos han sido apoyados en distintas \u00e1reas, reflejando la diversidad de rubros que dinamizan la econom\u00eda regional. Entre los proyectos destacados se encuentra \u00abMejoramiento Cadena Productiva y Abastecimiento Forestal\u00bb en Caleta Tortel, que obtuvo una bonificaci\u00f3n de $11,7 millones, y la empresa CyC Transporte y Maquinaria SpA, que recibi\u00f3 $17,6 millones para la adquisici\u00f3n de maquinaria en Coyhaique.<\/p>\n<p style=\"text-align: justify;\">Otros beneficiarios incluyen a Servicios Mar\u00edtimos y Otros Keternen Limitada, con m\u00e1s de $4 millones para la modernizaci\u00f3n de una embarcaci\u00f3n cient\u00edfica, y Tour Expediciones Luis Uribe Z\u00fa\u00f1iga EIRL, que recibi\u00f3 $7,2 millones para fortalecer la navegaci\u00f3n tur\u00edstica en la Capilla de M\u00e1rmol.<\/p>\n<\/div><\/section><\/div><div  style='height:50px' class='hr hr-invisible   avia-builder-el-6  el_after_av_one_full  el_before_av_social_share '><span class='hr-inner ' ><span class='hr-inner-style'><\/span><\/span><\/div><\/p>\n<div  class='av-social-sharing-box  avia-builder-el-7  el_after_av_hr  el_before_av_hr  '><div class='av-share-box'><h5 class='av-share-link-description av-no-toc '>Compartir esta noticia<\/h5><ul class='av-share-box-list noLightbox'><li class='av-share-link av-social-link-facebook' ><a target=\"_blank\" aria-label=\"Compartir en Facebook\" href='https:\/\/www.facebook.com\/sharer.php?u=https:\/\/radiorevelacionfm.cl\/?p=51582&#038;t=Bonificaci%C3%B3n%20del%20DFL15%20fortalece%20pymes%20en%20Ays%C3%A9n%3A%20M%C3%A1s%20de%20%241.200%20millones%20en%20inversi%C3%B3n' aria-hidden='false' data-av_icon='\ue8f3' data-av_iconfont='entypo-fontello' title='' data-avia-related-tooltip='Compartir en Facebook' rel=\"noopener\"><span class='avia_hidden_link_text'>Compartir en Facebook<\/span><\/a><\/li><li class='av-share-link av-social-link-twitter' ><a target=\"_blank\" aria-label=\"Compartir en Twitter\" href='https:\/\/twitter.com\/share?text=Bonificaci%C3%B3n%20del%20DFL15%20fortalece%20pymes%20en%20Ays%C3%A9n%3A%20M%C3%A1s%20de%20%241.200%20millones%20en%20inversi%C3%B3n&#038;url=https:\/\/radiorevelacionfm.cl\/?p=51582' aria-hidden='false' data-av_icon='\ue8f1' data-av_iconfont='entypo-fontello' title='' data-avia-related-tooltip='Compartir en Twitter' rel=\"noopener\"><span class='avia_hidden_link_text'>Compartir en Twitter<\/span><\/a><\/li><li class='av-share-link av-social-link-whatsapp' ><a target=\"_blank\" aria-label=\"Compartir en Whatsapp\" href='https:\/\/api.whatsapp.com\/send?text=https:\/\/radiorevelacionfm.cl\/?p=51582' aria-hidden='false' data-av_icon='\uf232' data-av_iconfont='entypo-fontello' title='' data-avia-related-tooltip='Compartir en Whatsapp' rel=\"noopener\"><span class='avia_hidden_link_text'>Compartir en Whatsapp<\/span><\/a><\/li><li class='av-share-link av-social-link-linkedin' ><a target=\"_blank\" aria-label=\"Compartir en LinkedIn\" href='https:\/\/linkedin.com\/shareArticle?mini=true&#038;title=Bonificaci%C3%B3n%20del%20DFL15%20fortalece%20pymes%20en%20Ays%C3%A9n%3A%20M%C3%A1s%20de%20%241.200%20millones%20en%20inversi%C3%B3n&#038;url=https:\/\/radiorevelacionfm.cl\/?p=51582' aria-hidden='false' data-av_icon='\ue8fc' data-av_iconfont='entypo-fontello' title='' data-avia-related-tooltip='Compartir en LinkedIn' rel=\"noopener\"><span class='avia_hidden_link_text'>Compartir en LinkedIn<\/span><\/a><\/li><li class='av-share-link av-social-link-mail' ><a  aria-label=\"Compartir por correo\" href='mailto:?subject=Bonificaci%C3%B3n%20del%20DFL15%20fortalece%20pymes%20en%20Ays%C3%A9n%3A%20M%C3%A1s%20de%20%241.200%20millones%20en%20inversi%C3%B3n&#038;body=https:\/\/radiorevelacionfm.cl\/?p=51582' aria-hidden='false' data-av_icon='\ue805' data-av_iconfont='entypo-fontello' title='' data-avia-related-tooltip='Compartir por correo'><span class='avia_hidden_link_text'>Compartir por correo<\/span><\/a><\/li><\/ul><\/div><\/div>\n<div  style='height:50px' class='hr hr-invisible   avia-builder-el-8  el_after_av_social_share  el_before_av_comments_list '><span class='hr-inner ' ><span class='hr-inner-style'><\/span><\/span><\/div>\n<div  class='av-buildercomment  av-blog-meta-html-info-disabled av-blog-meta-tag-disabled  '><\/div>\n","protected":false},"excerpt":{"rendered":"","protected":false},"author":1,"featured_media":51583,"comment_status":"open","ping_status":"open","sticky":false,"template":"","format":"standard","meta":{"footnotes":""},"categories":[38],"tags":[],"class_list":["post-51582","post","type-post","status-publish","format-standard","has-post-thumbnail","hentry","category-regional"],"jetpack_featured_media_url":"https:\/\/radiorevelacionfm.cl\/wp-content\/uploads\/2025\/03\/dlf15-c-resolutivo-1_optimized.jpg","_links":{"self":[{"href":"https:\/\/radiorevelacionfm.cl\/index.php?rest_route=\/wp\/v2\/posts\/51582","targetHints":{"allow":["GET"]}}],"collection":[{"href":"https:\/\/radiorevelacionfm.cl\/index.php?rest_route=\/wp\/v2\/posts"}],"about":[{"href":"https:\/\/radiorevelacionfm.cl\/index.php?rest_route=\/wp\/v2\/types\/post"}],"author":[{"embeddable":true,"href":"https:\/\/radiorevelacionfm.cl\/index.php?rest_route=\/wp\/v2\/users\/1"}],"replies":[{"embeddable":true,"href":"https:\/\/radiorevelacionfm.cl\/index.php?rest_route=%2Fwp%2Fv2%2Fcomments&post=51582"}],"version-history":[{"count":1,"href":"https:\/\/radiorevelacionfm.cl\/index.php?rest_route=\/wp\/v2\/posts\/51582\/revisions"}],"predecessor-version":[{"id":51584,"href":"https:\/\/radiorevelacionfm.cl\/index.php?rest_route=\/wp\/v2\/posts\/51582\/revisions\/51584"}],"wp:featuredmedia":[{"embeddable":true,"href":"https:\/\/radiorevelacionfm.cl\/index.php?rest_route=\/wp\/v2\/media\/51583"}],"wp:attachment":[{"href":"https:\/\/radiorevelacionfm.cl\/index.php?rest_route=%2Fwp%2Fv2%2Fmedia&parent=51582"}],"wp:term":[{"taxonomy":"category","embeddable":true,"href":"https:\/\/radiorevelacionfm.cl\/index.php?rest_route=%2Fwp%2Fv2%2Fcategories&post=51582"},{"taxonomy":"post_tag","embeddable":true,"href":"https:\/\/radiorevelacionfm.cl\/index.php?rest_route=%2Fwp%2Fv2%2Ftags&post=51582"}],"curies":[{"name":"wp","href":"https:\/\/api.w.org\/{rel}","templated":true}]}}