{"id":51579,"date":"2025-03-19T12:05:36","date_gmt":"2025-03-19T15:05:36","guid":{"rendered":"https:\/\/radiorevelacionfm.cl\/?p=51579"},"modified":"2025-03-19T12:19:39","modified_gmt":"2025-03-19T15:19:39","slug":"en-chile-chico-realizan-capacitacion-con-enfoque-en-primera-acogida-para-mujeres-victimas-de-violencia","status":"publish","type":"post","link":"https:\/\/radiorevelacionfm.cl\/?p=51579","title":{"rendered":"En Chile Chico realizan capacitaci\u00f3n a Carabineros con enfoque en primera acogida para mujeres v\u00edctimas de violencia"},"content":{"rendered":"<div class=\"flex_column av_one_full  flex_column_div av-zero-column-padding first  avia-builder-el-0  el_before_av_one_full  avia-builder-el-first  \" style='border-radius:0px; '><div  class='avia-image-container  av-styling-    avia-builder-el-1  avia-builder-el-no-sibling  avia-align-center '  itemprop=\"image\" itemscope=\"itemscope\" itemtype=\"https:\/\/schema.org\/ImageObject\"  ><div class='avia-image-container-inner'><div class='avia-image-overlay-wrap'><img decoding=\"async\" class='wp-image-51580 avia-img-lazy-loading-not-51580 avia_image' src=\"https:\/\/radiorevelacionfm.cl\/wp-content\/uploads\/2025\/03\/img_4449-1_optimized.jpeg\" alt='' title='img_4449-(1)_optimized' height=\"600\" width=\"800\"  itemprop=\"thumbnailUrl\" srcset=\"https:\/\/radiorevelacionfm.cl\/wp-content\/uploads\/2025\/03\/img_4449-1_optimized.jpeg 800w, https:\/\/radiorevelacionfm.cl\/wp-content\/uploads\/2025\/03\/img_4449-1_optimized-300x225.jpeg 300w, https:\/\/radiorevelacionfm.cl\/wp-content\/uploads\/2025\/03\/img_4449-1_optimized-768x576.jpeg 768w, https:\/\/radiorevelacionfm.cl\/wp-content\/uploads\/2025\/03\/img_4449-1_optimized-705x529.jpeg 705w, https:\/\/radiorevelacionfm.cl\/wp-content\/uploads\/2025\/03\/img_4449-1_optimized-450x338.jpeg 450w, https:\/\/radiorevelacionfm.cl\/wp-content\/uploads\/2025\/03\/img_4449-1_optimized-600x450.jpeg 600w\" sizes=\"(max-width: 800px) 100vw, 800px\" \/><\/div><\/div><\/div><\/div>\n<div class=\"flex_column av_one_full  flex_column_div av-zero-column-padding first  avia-builder-el-2  el_after_av_one_full  el_before_av_one_full  column-top-margin\" style='border-radius:0px; '><section class=\"av_textblock_section \"  itemscope=\"itemscope\" itemtype=\"https:\/\/schema.org\/BlogPosting\" itemprop=\"blogPost\" ><div class='avia_textblock  '   itemprop=\"text\" ><p style=\"text-align: center;\"><strong><span style=\"font-size: 18pt;\">En Chile Chico realizan capacitaci\u00f3n a Carabineros con enfoque en primera acogida para mujeres v\u00edctimas de violencia<\/span><\/strong><\/p>\n<div id=\"gtx-trans\" style=\"position: absolute; left: -50px; top: 4.31534px;\">\n<div class=\"gtx-trans-icon\"><\/div>\n<\/div>\n<\/div><\/section><\/div><div class=\"flex_column av_one_full  flex_column_div av-zero-column-padding first  avia-builder-el-4  el_after_av_one_full  el_before_av_hr  column-top-margin\" style='border-radius:0px; '><section class=\"av_textblock_section \"  itemscope=\"itemscope\" itemtype=\"https:\/\/schema.org\/BlogPosting\" itemprop=\"blogPost\" ><div class='avia_textblock  '   itemprop=\"text\" ><p style=\"text-align: justify;\">En una participativa jornada que cont\u00f3 con m\u00e1s de 15 efectivos policiales que desempe\u00f1an labores en la comuna de Chile Chico, la Secretar\u00eda Regional Ministerial de la Mujer y la Equidad de G\u00e9nero, a trav\u00e9s de su Seremi Isidora Gacit\u00faa Goles y la profesional de apoyo Lenka Gatica Sandoval, entregaron conocimientos para la primera acogida que realizan los funcionarios y las funcionarias de Carabineros cuando reciben denuncias de mujeres v\u00edctimas de Violencia.<\/p>\n<p style=\"text-align: justify;\">Con relaci\u00f3n a la actividad, el Mayor Marcos Reyes manifest\u00f3: \u201cAgradecer por la valiosa capacitaci\u00f3n brindada a Carabineros de la Tercera Comisar\u00eda de Chile Chico, comuna que est\u00e1 en un lugar muy extremo y que gracias a esto fortalece nuestras capacidades en la primera atenci\u00f3n a mujeres v\u00edctimas de violencia y este aprendizaje tambi\u00e9n refuerza nuestro compromiso con la mejora continua y de brindar un servicio de calidad a la comunidad. As\u00ed que estamos muy agradecidos y ojal\u00e1 que estas instancias sean permanentes en el tiempo\u201d.<\/p>\n<p style=\"text-align: justify;\">Al respecto, la autoridad regional ministerial indic\u00f3 que: \u201cDesarrollar estas capacitaciones para carabineros y carabineras de la regi\u00f3n es fundamental para poder prevenir la violencia de g\u00e9nero, sabemos que la primera acogida es determinante para que las mujeres se atrevan a denunciar e incluso para mantener las denuncias, es por eso que seguiremos presentes en el territorio, como nos ha mandatado el Presidente Gabriel Boric Font, realizando acciones que permitan seguir acortando las brechas que a\u00fan siguen presentes en la regi\u00f3n de Ays\u00e9n y que se hacen a\u00fan m\u00e1s latentes en la ruralidad de nuestro territorio. Agradecemos a Carabineros de Chile, que sin duda es una instituci\u00f3n estrat\u00e9gica para avanzar en la erradicaci\u00f3n de la violencia de g\u00e9nero\u201d.<\/p>\n<p style=\"text-align: justify;\">La capacitaci\u00f3n, enmarcada en las actividades oficiales de la Conmemoraci\u00f3n del D\u00eda Internacional de la Mujer, se desarroll\u00f3 en dependencias de la Tercera Comisar\u00eda de Chile Chico y fue valorada por todos y todas las asistentes, quienes tambi\u00e9n participaron activamente en la instancia de aprendizaje, di\u00e1logo e intercambio de experiencias.<\/p>\n<\/div><\/section><\/div><\/p>\n<div  style='height:50px' class='hr hr-invisible   avia-builder-el-6  el_after_av_one_full  el_before_av_social_share '><span class='hr-inner ' ><span class='hr-inner-style'><\/span><\/span><\/div>\n<div  class='av-social-sharing-box  avia-builder-el-7  el_after_av_hr  el_before_av_hr  '><div class='av-share-box'><h5 class='av-share-link-description av-no-toc '>Compartir esta noticia<\/h5><ul class='av-share-box-list noLightbox'><li class='av-share-link av-social-link-facebook' ><a target=\"_blank\" aria-label=\"Compartir en Facebook\" href='https:\/\/www.facebook.com\/sharer.php?u=https:\/\/radiorevelacionfm.cl\/?p=51579&#038;t=En%20Chile%20Chico%20realizan%20capacitaci%C3%B3n%20a%20Carabineros%20con%20enfoque%20en%20primera%20acogida%20para%20mujeres%20v%C3%ADctimas%20de%20violencia' aria-hidden='false' data-av_icon='\ue8f3' data-av_iconfont='entypo-fontello' title='' data-avia-related-tooltip='Compartir en Facebook' rel=\"noopener\"><span class='avia_hidden_link_text'>Compartir en Facebook<\/span><\/a><\/li><li class='av-share-link av-social-link-twitter' ><a target=\"_blank\" aria-label=\"Compartir en Twitter\" href='https:\/\/twitter.com\/share?text=En%20Chile%20Chico%20realizan%20capacitaci%C3%B3n%20a%20Carabineros%20con%20enfoque%20en%20primera%20acogida%20para%20mujeres%20v%C3%ADctimas%20de%20violencia&#038;url=https:\/\/radiorevelacionfm.cl\/?p=51579' aria-hidden='false' data-av_icon='\ue8f1' data-av_iconfont='entypo-fontello' title='' data-avia-related-tooltip='Compartir en Twitter' rel=\"noopener\"><span class='avia_hidden_link_text'>Compartir en Twitter<\/span><\/a><\/li><li class='av-share-link av-social-link-whatsapp' ><a target=\"_blank\" aria-label=\"Compartir en Whatsapp\" href='https:\/\/api.whatsapp.com\/send?text=https:\/\/radiorevelacionfm.cl\/?p=51579' aria-hidden='false' data-av_icon='\uf232' data-av_iconfont='entypo-fontello' title='' data-avia-related-tooltip='Compartir en Whatsapp' rel=\"noopener\"><span class='avia_hidden_link_text'>Compartir en Whatsapp<\/span><\/a><\/li><li class='av-share-link av-social-link-linkedin' ><a target=\"_blank\" aria-label=\"Compartir en LinkedIn\" href='https:\/\/linkedin.com\/shareArticle?mini=true&#038;title=En%20Chile%20Chico%20realizan%20capacitaci%C3%B3n%20a%20Carabineros%20con%20enfoque%20en%20primera%20acogida%20para%20mujeres%20v%C3%ADctimas%20de%20violencia&#038;url=https:\/\/radiorevelacionfm.cl\/?p=51579' aria-hidden='false' data-av_icon='\ue8fc' data-av_iconfont='entypo-fontello' title='' data-avia-related-tooltip='Compartir en LinkedIn' rel=\"noopener\"><span class='avia_hidden_link_text'>Compartir en LinkedIn<\/span><\/a><\/li><li class='av-share-link av-social-link-mail' ><a  aria-label=\"Compartir por correo\" href='mailto:?subject=En%20Chile%20Chico%20realizan%20capacitaci%C3%B3n%20a%20Carabineros%20con%20enfoque%20en%20primera%20acogida%20para%20mujeres%20v%C3%ADctimas%20de%20violencia&#038;body=https:\/\/radiorevelacionfm.cl\/?p=51579' aria-hidden='false' data-av_icon='\ue805' data-av_iconfont='entypo-fontello' title='' data-avia-related-tooltip='Compartir por correo'><span class='avia_hidden_link_text'>Compartir por correo<\/span><\/a><\/li><\/ul><\/div><\/div>\n<div  style='height:50px' class='hr hr-invisible   avia-builder-el-8  el_after_av_social_share  el_before_av_comments_list '><span class='hr-inner ' ><span class='hr-inner-style'><\/span><\/span><\/div>\n<div  class='av-buildercomment  av-blog-meta-html-info-disabled av-blog-meta-tag-disabled  '><\/div>\n","protected":false},"excerpt":{"rendered":"","protected":false},"author":1,"featured_media":51580,"comment_status":"open","ping_status":"open","sticky":false,"template":"","format":"standard","meta":{"footnotes":""},"categories":[38],"tags":[],"class_list":["post-51579","post","type-post","status-publish","format-standard","has-post-thumbnail","hentry","category-regional"],"jetpack_featured_media_url":"https:\/\/radiorevelacionfm.cl\/wp-content\/uploads\/2025\/03\/img_4449-1_optimized.jpeg","_links":{"self":[{"href":"https:\/\/radiorevelacionfm.cl\/index.php?rest_route=\/wp\/v2\/posts\/51579","targetHints":{"allow":["GET"]}}],"collection":[{"href":"https:\/\/radiorevelacionfm.cl\/index.php?rest_route=\/wp\/v2\/posts"}],"about":[{"href":"https:\/\/radiorevelacionfm.cl\/index.php?rest_route=\/wp\/v2\/types\/post"}],"author":[{"embeddable":true,"href":"https:\/\/radiorevelacionfm.cl\/index.php?rest_route=\/wp\/v2\/users\/1"}],"replies":[{"embeddable":true,"href":"https:\/\/radiorevelacionfm.cl\/index.php?rest_route=%2Fwp%2Fv2%2Fcomments&post=51579"}],"version-history":[{"count":2,"href":"https:\/\/radiorevelacionfm.cl\/index.php?rest_route=\/wp\/v2\/posts\/51579\/revisions"}],"predecessor-version":[{"id":51585,"href":"https:\/\/radiorevelacionfm.cl\/index.php?rest_route=\/wp\/v2\/posts\/51579\/revisions\/51585"}],"wp:featuredmedia":[{"embeddable":true,"href":"https:\/\/radiorevelacionfm.cl\/index.php?rest_route=\/wp\/v2\/media\/51580"}],"wp:attachment":[{"href":"https:\/\/radiorevelacionfm.cl\/index.php?rest_route=%2Fwp%2Fv2%2Fmedia&parent=51579"}],"wp:term":[{"taxonomy":"category","embeddable":true,"href":"https:\/\/radiorevelacionfm.cl\/index.php?rest_route=%2Fwp%2Fv2%2Fcategories&post=51579"},{"taxonomy":"post_tag","embeddable":true,"href":"https:\/\/radiorevelacionfm.cl\/index.php?rest_route=%2Fwp%2Fv2%2Ftags&post=51579"}],"curies":[{"name":"wp","href":"https:\/\/api.w.org\/{rel}","templated":true}]}}