{"id":51576,"date":"2025-03-19T10:55:23","date_gmt":"2025-03-19T13:55:23","guid":{"rendered":"https:\/\/radiorevelacionfm.cl\/?p=51576"},"modified":"2025-03-19T10:55:23","modified_gmt":"2025-03-19T13:55:23","slug":"coyhaique-y-puerto-aysen-se-preparan-para-la-7a-fecha-del-copec-rallymobil-2025-del-10-al-12-de-octubre","status":"publish","type":"post","link":"https:\/\/radiorevelacionfm.cl\/?p=51576","title":{"rendered":"Coyhaique y Puerto Ays\u00e9n se preparan para la 7\u00aa fecha del Copec RallyMobil 2025, del 10 al 12 de octubre"},"content":{"rendered":"<div class=\"flex_column av_one_full  flex_column_div av-zero-column-padding first  avia-builder-el-0  el_before_av_one_full  avia-builder-el-first  \" style='border-radius:0px; '><div  class='avia-image-container  av-styling-    avia-builder-el-1  avia-builder-el-no-sibling  avia-align-center '  itemprop=\"image\" itemscope=\"itemscope\" itemtype=\"https:\/\/schema.org\/ImageObject\"  ><div class='avia-image-container-inner'><div class='avia-image-overlay-wrap'><img decoding=\"async\" class='wp-image-51577 avia-img-lazy-loading-not-51577 avia_image' src=\"https:\/\/radiorevelacionfm.cl\/wp-content\/uploads\/2025\/03\/foto-rally-1_optimized.jpeg\" alt='' title='foto-rally-(1)_optimized' height=\"600\" width=\"818\"  itemprop=\"thumbnailUrl\" srcset=\"https:\/\/radiorevelacionfm.cl\/wp-content\/uploads\/2025\/03\/foto-rally-1_optimized.jpeg 818w, https:\/\/radiorevelacionfm.cl\/wp-content\/uploads\/2025\/03\/foto-rally-1_optimized-300x220.jpeg 300w, https:\/\/radiorevelacionfm.cl\/wp-content\/uploads\/2025\/03\/foto-rally-1_optimized-768x563.jpeg 768w, https:\/\/radiorevelacionfm.cl\/wp-content\/uploads\/2025\/03\/foto-rally-1_optimized-705x517.jpeg 705w, https:\/\/radiorevelacionfm.cl\/wp-content\/uploads\/2025\/03\/foto-rally-1_optimized-450x330.jpeg 450w, https:\/\/radiorevelacionfm.cl\/wp-content\/uploads\/2025\/03\/foto-rally-1_optimized-600x440.jpeg 600w\" sizes=\"(max-width: 818px) 100vw, 818px\" \/><\/div><\/div><\/div><\/div><div class=\"flex_column av_one_full  flex_column_div av-zero-column-padding first  avia-builder-el-2  el_after_av_one_full  el_before_av_one_full  column-top-margin\" style='border-radius:0px; '><section class=\"av_textblock_section \"  itemscope=\"itemscope\" itemtype=\"https:\/\/schema.org\/BlogPosting\" itemprop=\"blogPost\" ><div class='avia_textblock  '   itemprop=\"text\" ><p style=\"text-align: center;\"><strong><span style=\"font-size: 18pt;\">Coyhaique y Puerto Ays\u00e9n se preparan para la 7\u00aa fecha del Copec RallyMobil 2025, del 10 al 12 de octubre<\/span><\/strong><\/p>\n<div id=\"gtx-trans\" style=\"position: absolute; left: -50px; top: 4.31534px;\">\n<div class=\"gtx-trans-icon\"><\/div>\n<\/div>\n<\/div><\/section><\/div><div class=\"flex_column av_one_full  flex_column_div av-zero-column-padding first  avia-builder-el-4  el_after_av_one_full  el_before_av_hr  column-top-margin\" style='border-radius:0px; '><section class=\"av_textblock_section \"  itemscope=\"itemscope\" itemtype=\"https:\/\/schema.org\/BlogPosting\" itemprop=\"blogPost\" ><div class='avia_textblock  '   itemprop=\"text\" ><p style=\"text-align: justify;\">Con una gran puesta en escena, se realiz\u00f3 ayer martes en el Centro Cultural La Moneda el lanzamiento de la Temporada 2025 del Copec RallyMobil, evento que este a\u00f1o contempla a Coyhaique y Puerto Ays\u00e9n como sede de la 7\u00aa fecha del campeonato nacional, programada entre el 10 y el 12 de octubre.<\/p>\n<p style=\"text-align: justify;\">La regi\u00f3n de Ays\u00e9n estuvo representada en la ceremonia por el Jefe de la Divisi\u00f3n de Planificaci\u00f3n y Desarrollo Regional, Omar Mu\u00f1oz, los Consejeros Regionales Pablo Guglielmi y Benjam\u00edn Infante, adem\u00e1s del Alcalde de Puerto Ays\u00e9n, Luis Mart\u00ednez.<\/p>\n<p style=\"text-align: justify;\">Durante el evento, se present\u00f3 el calendario nacional 2025, que contar\u00e1 con ocho fechas en distintas regiones del pa\u00eds, destacando Coyhaique y Puerto Ays\u00e9n por sus condiciones geogr\u00e1ficas y belleza esc\u00e9nica, lo que la convierte en una de las etapas m\u00e1s atractivas del campeonato.<\/p>\n<p style=\"text-align: justify;\"><strong><span style=\"font-size: 12pt;\">Coyhaique y Puerto Ays\u00e9n: Un regreso esperado<\/span><\/strong><\/p>\n<p style=\"text-align: justify;\">Sobre el retorno de esta competencia a la regi\u00f3n, el Gerente General de Copec, Arturo Natho, expres\u00f3 <em>\u201cEstamos muy contentos de volver a Ays\u00e9n despu\u00e9s de tanto tiempo, y m\u00e1s a\u00fan en el marco de los 90 a\u00f1os de Copec, reforzando nuestra presencia en la Carretera Austral con nuestras estaciones de servicio. Este es un evento que realizamos para la familia, los emprendedores y toda la comunidad, convirti\u00e9ndose en una verdadera fiesta regional\u201d<\/em>.<\/p>\n<p style=\"text-align: justify;\">Por su parte, el productor del RallyMobil, Felipe Horta, resalt\u00f3 el atractivo de este nuevo calendario, <em>\u201cCoyhaique y Puerto Ays\u00e9n concitan hoy un gran inter\u00e9s para los distintos equipos que correr\u00e1n las fechas del campeonato nacional 2025. Este a\u00f1o sumamos nuevas rutas en Puerto Ays\u00e9n, lo que sin duda aporta un valor competitivo y esc\u00e9nico que nos tiene muy entusiasmados\u201d<\/em>.<\/p>\n<p style=\"text-align: justify;\">El corredor y m\u00faltiple campe\u00f3n nacional, Jorge Mart\u00ednez, comparti\u00f3 su entusiasmo por competir nuevamente en la zona: <em>\u201cLos que llevamos a\u00f1os en el rally tuvimos la fortuna de correr en Coyhaique, y creo firmemente que es una de las fechas m\u00e1s lindas del campeonato. No solo por los caminos espectaculares, sino por el recibimiento de la gente y la efervescencia que se vive. Es un honor llevar esta fiesta a Chile y al mundo en uno de los parajes m\u00e1s impresionantes del pa\u00eds\u201d<\/em>.<\/p>\n<p style=\"text-align: justify;\"><strong><span style=\"font-size: 12pt;\">Compromiso regional y proyecci\u00f3n tur\u00edstica<\/span><\/strong><\/p>\n<p style=\"text-align: justify;\">La realizaci\u00f3n de esta fecha en la regi\u00f3n ha contado con el apoyo del Gobierno Regional de Ays\u00e9n y del Consejo Regional (CORE), cuyos recursos fueron aprobados por unanimidad, adem\u00e1s del respaldo de las municipalidades de Coyhaique y Puerto Ays\u00e9n.<\/p>\n<p style=\"text-align: justify;\">El representante del Gobierno Regional, Omar Mu\u00f1oz, destac\u00f3 la importancia de este evento <em>\u201cEstamos aqu\u00ed en representaci\u00f3n del Gobernador Marcelo Santana, muy contentos porque, despu\u00e9s de 12 a\u00f1os, el Copec RallyMobil vuelve a la regi\u00f3n. Sin duda, somos una de las fechas m\u00e1s atractivas del calendario nacional; nuestras bellezas esc\u00e9nicas han quedado en la memoria de los corredores m\u00e1s experimentados. Como regi\u00f3n, tenemos mucho que ofrecer y debemos prepararnos junto al sector comercio y turismo para recibir a los visitantes que en octubre llegar\u00e1n a Coyhaique y Puerto Ays\u00e9n para disfrutar de esta s\u00e9ptima fecha, que ya est\u00e1 dando que hablar\u201d<\/em>.<\/p>\n<p style=\"text-align: justify;\">Desde el Consejo Regional, el Consejero Benjam\u00edn Infante, vicepresidente de la Comisi\u00f3n de Fomento Productivo, se\u00f1al\u00f3, <em>\u201cEste es un evento que nos deja muy satisfechos, porque sabemos que nos ayudar\u00e1 a romper con la estacionalidad y, al mismo tiempo, potenciar\u00e1 a nuestros emprendedores y dinamizar\u00e1 la econom\u00eda regional\u201d<\/em>.<\/p>\n<p style=\"text-align: justify;\">El Consejero Pablo Guglielmi, tambi\u00e9n integrante de la Comisi\u00f3n de Fomento Productivo del CORE, agreg\u00f3, <em>\u201cEsta es una tremenda oportunidad para poner en vitrina nuestra regi\u00f3n de Ays\u00e9n a nivel nacional e internacional. Adem\u00e1s, nos posicionamos como un destino tur\u00edstico clave, donde todos los servicios comerciales, gastron\u00f3micos y tur\u00edsticos podr\u00e1n ofrecer sus productos en una instancia \u00fanica, generando mayores ingresos desde octubre en adelante\u201d<\/em>.<\/p>\n<p style=\"text-align: justify;\"><strong><span style=\"font-size: 12pt;\">Una fecha imperdible para la regi\u00f3n<\/span><\/strong><\/p>\n<p style=\"text-align: justify;\">La fecha Coyhaique-Puerto Ays\u00e9n se perfila como uno de los eventos m\u00e1s importantes del calendario nacional 2025, no solo por su atractivo deportivo, sino tambi\u00e9n por el impacto positivo en la econom\u00eda y el turismo local.<\/p>\n<p style=\"text-align: justify;\">Los organizadores han hecho un llamado a la comunidad a prepararse para vivir y disfrutar esta gran fiesta del automovilismo, que promete traer emoci\u00f3n, turismo y oportunidades de desarrollo para la regi\u00f3n de Ays\u00e9n.<\/p>\n<\/div><\/section><\/div><div  style='height:50px' class='hr hr-invisible   avia-builder-el-6  el_after_av_one_full  el_before_av_social_share '><span class='hr-inner ' ><span class='hr-inner-style'><\/span><\/span><\/div><\/p>\n<div  class='av-social-sharing-box  avia-builder-el-7  el_after_av_hr  el_before_av_hr  '><div class='av-share-box'><h5 class='av-share-link-description av-no-toc '>Compartir esta noticia<\/h5><ul class='av-share-box-list noLightbox'><li class='av-share-link av-social-link-facebook' ><a target=\"_blank\" aria-label=\"Compartir en Facebook\" href='https:\/\/www.facebook.com\/sharer.php?u=https:\/\/radiorevelacionfm.cl\/?p=51576&#038;t=Coyhaique%20y%20Puerto%20Ays%C3%A9n%20se%20preparan%20para%20la%207%C2%AA%20fecha%20del%20Copec%20RallyMobil%202025%2C%20del%2010%20al%2012%20de%20octubre' aria-hidden='false' data-av_icon='\ue8f3' data-av_iconfont='entypo-fontello' title='' data-avia-related-tooltip='Compartir en Facebook' rel=\"noopener\"><span class='avia_hidden_link_text'>Compartir en Facebook<\/span><\/a><\/li><li class='av-share-link av-social-link-twitter' ><a target=\"_blank\" aria-label=\"Compartir en Twitter\" href='https:\/\/twitter.com\/share?text=Coyhaique%20y%20Puerto%20Ays%C3%A9n%20se%20preparan%20para%20la%207%C2%AA%20fecha%20del%20Copec%20RallyMobil%202025%2C%20del%2010%20al%2012%20de%20octubre&#038;url=https:\/\/radiorevelacionfm.cl\/?p=51576' aria-hidden='false' data-av_icon='\ue8f1' data-av_iconfont='entypo-fontello' title='' data-avia-related-tooltip='Compartir en Twitter' rel=\"noopener\"><span class='avia_hidden_link_text'>Compartir en Twitter<\/span><\/a><\/li><li class='av-share-link av-social-link-whatsapp' ><a target=\"_blank\" aria-label=\"Compartir en Whatsapp\" href='https:\/\/api.whatsapp.com\/send?text=https:\/\/radiorevelacionfm.cl\/?p=51576' aria-hidden='false' data-av_icon='\uf232' data-av_iconfont='entypo-fontello' title='' data-avia-related-tooltip='Compartir en Whatsapp' rel=\"noopener\"><span class='avia_hidden_link_text'>Compartir en Whatsapp<\/span><\/a><\/li><li class='av-share-link av-social-link-linkedin' ><a target=\"_blank\" aria-label=\"Compartir en LinkedIn\" href='https:\/\/linkedin.com\/shareArticle?mini=true&#038;title=Coyhaique%20y%20Puerto%20Ays%C3%A9n%20se%20preparan%20para%20la%207%C2%AA%20fecha%20del%20Copec%20RallyMobil%202025%2C%20del%2010%20al%2012%20de%20octubre&#038;url=https:\/\/radiorevelacionfm.cl\/?p=51576' aria-hidden='false' data-av_icon='\ue8fc' data-av_iconfont='entypo-fontello' title='' data-avia-related-tooltip='Compartir en LinkedIn' rel=\"noopener\"><span class='avia_hidden_link_text'>Compartir en LinkedIn<\/span><\/a><\/li><li class='av-share-link av-social-link-mail' ><a  aria-label=\"Compartir por correo\" href='mailto:?subject=Coyhaique%20y%20Puerto%20Ays%C3%A9n%20se%20preparan%20para%20la%207%C2%AA%20fecha%20del%20Copec%20RallyMobil%202025%2C%20del%2010%20al%2012%20de%20octubre&#038;body=https:\/\/radiorevelacionfm.cl\/?p=51576' aria-hidden='false' data-av_icon='\ue805' data-av_iconfont='entypo-fontello' title='' data-avia-related-tooltip='Compartir por correo'><span class='avia_hidden_link_text'>Compartir por correo<\/span><\/a><\/li><\/ul><\/div><\/div>\n<div  style='height:50px' class='hr hr-invisible   avia-builder-el-8  el_after_av_social_share  el_before_av_comments_list '><span class='hr-inner ' ><span class='hr-inner-style'><\/span><\/span><\/div>\n<div  class='av-buildercomment  av-blog-meta-html-info-disabled av-blog-meta-tag-disabled  '><\/div>\n","protected":false},"excerpt":{"rendered":"","protected":false},"author":1,"featured_media":51577,"comment_status":"open","ping_status":"open","sticky":false,"template":"","format":"standard","meta":{"footnotes":""},"categories":[38],"tags":[],"class_list":["post-51576","post","type-post","status-publish","format-standard","has-post-thumbnail","hentry","category-regional"],"jetpack_featured_media_url":"https:\/\/radiorevelacionfm.cl\/wp-content\/uploads\/2025\/03\/foto-rally-1_optimized.jpeg","_links":{"self":[{"href":"https:\/\/radiorevelacionfm.cl\/index.php?rest_route=\/wp\/v2\/posts\/51576","targetHints":{"allow":["GET"]}}],"collection":[{"href":"https:\/\/radiorevelacionfm.cl\/index.php?rest_route=\/wp\/v2\/posts"}],"about":[{"href":"https:\/\/radiorevelacionfm.cl\/index.php?rest_route=\/wp\/v2\/types\/post"}],"author":[{"embeddable":true,"href":"https:\/\/radiorevelacionfm.cl\/index.php?rest_route=\/wp\/v2\/users\/1"}],"replies":[{"embeddable":true,"href":"https:\/\/radiorevelacionfm.cl\/index.php?rest_route=%2Fwp%2Fv2%2Fcomments&post=51576"}],"version-history":[{"count":1,"href":"https:\/\/radiorevelacionfm.cl\/index.php?rest_route=\/wp\/v2\/posts\/51576\/revisions"}],"predecessor-version":[{"id":51578,"href":"https:\/\/radiorevelacionfm.cl\/index.php?rest_route=\/wp\/v2\/posts\/51576\/revisions\/51578"}],"wp:featuredmedia":[{"embeddable":true,"href":"https:\/\/radiorevelacionfm.cl\/index.php?rest_route=\/wp\/v2\/media\/51577"}],"wp:attachment":[{"href":"https:\/\/radiorevelacionfm.cl\/index.php?rest_route=%2Fwp%2Fv2%2Fmedia&parent=51576"}],"wp:term":[{"taxonomy":"category","embeddable":true,"href":"https:\/\/radiorevelacionfm.cl\/index.php?rest_route=%2Fwp%2Fv2%2Fcategories&post=51576"},{"taxonomy":"post_tag","embeddable":true,"href":"https:\/\/radiorevelacionfm.cl\/index.php?rest_route=%2Fwp%2Fv2%2Ftags&post=51576"}],"curies":[{"name":"wp","href":"https:\/\/api.w.org\/{rel}","templated":true}]}}