{"id":51573,"date":"2025-03-19T10:00:29","date_gmt":"2025-03-19T13:00:29","guid":{"rendered":"https:\/\/radiorevelacionfm.cl\/?p=51573"},"modified":"2025-03-19T10:00:29","modified_gmt":"2025-03-19T13:00:29","slug":"indap-aysen-conmemora-el-mes-de-la-mujer-impulsando-el-liderazgo-rural","status":"publish","type":"post","link":"https:\/\/radiorevelacionfm.cl\/?p=51573","title":{"rendered":"Indap Ays\u00e9n conmemora el Mes de la Mujer impulsando el liderazgo rural"},"content":{"rendered":"<div class=\"flex_column av_one_full  flex_column_div av-zero-column-padding first  avia-builder-el-0  el_before_av_one_full  avia-builder-el-first  \" style='border-radius:0px; '><div  class='avia-image-container  av-styling-    avia-builder-el-1  avia-builder-el-no-sibling  avia-align-center '  itemprop=\"image\" itemscope=\"itemscope\" itemtype=\"https:\/\/schema.org\/ImageObject\"  ><div class='avia-image-container-inner'><div class='avia-image-overlay-wrap'><img decoding=\"async\" class='wp-image-51574 avia-img-lazy-loading-not-51574 avia_image' src=\"https:\/\/radiorevelacionfm.cl\/wp-content\/uploads\/2025\/03\/CEREMONIA-ENTREGA-DIPLOMAS-ESC-LIDERESAS-LA-JUNTA-3-1-1.jpeg\" alt='' title='CEREMONIA ENTREGA DIPLOMAS ESC LIDERESAS LA JUNTA (3) (1) (1)' height=\"600\" width=\"800\"  itemprop=\"thumbnailUrl\" srcset=\"https:\/\/radiorevelacionfm.cl\/wp-content\/uploads\/2025\/03\/CEREMONIA-ENTREGA-DIPLOMAS-ESC-LIDERESAS-LA-JUNTA-3-1-1.jpeg 800w, https:\/\/radiorevelacionfm.cl\/wp-content\/uploads\/2025\/03\/CEREMONIA-ENTREGA-DIPLOMAS-ESC-LIDERESAS-LA-JUNTA-3-1-1-300x225.jpeg 300w, https:\/\/radiorevelacionfm.cl\/wp-content\/uploads\/2025\/03\/CEREMONIA-ENTREGA-DIPLOMAS-ESC-LIDERESAS-LA-JUNTA-3-1-1-768x576.jpeg 768w, https:\/\/radiorevelacionfm.cl\/wp-content\/uploads\/2025\/03\/CEREMONIA-ENTREGA-DIPLOMAS-ESC-LIDERESAS-LA-JUNTA-3-1-1-705x529.jpeg 705w, https:\/\/radiorevelacionfm.cl\/wp-content\/uploads\/2025\/03\/CEREMONIA-ENTREGA-DIPLOMAS-ESC-LIDERESAS-LA-JUNTA-3-1-1-450x338.jpeg 450w, https:\/\/radiorevelacionfm.cl\/wp-content\/uploads\/2025\/03\/CEREMONIA-ENTREGA-DIPLOMAS-ESC-LIDERESAS-LA-JUNTA-3-1-1-600x450.jpeg 600w\" sizes=\"(max-width: 800px) 100vw, 800px\" \/><\/div><\/div><\/div><\/div><div class=\"flex_column av_one_full  flex_column_div av-zero-column-padding first  avia-builder-el-2  el_after_av_one_full  el_before_av_one_full  column-top-margin\" style='border-radius:0px; '><section class=\"av_textblock_section \"  itemscope=\"itemscope\" itemtype=\"https:\/\/schema.org\/BlogPosting\" itemprop=\"blogPost\" ><div class='avia_textblock  '   itemprop=\"text\" ><p style=\"text-align: center;\"><strong><span style=\"font-size: 18pt;\">Indap Ays\u00e9n conmemora el Mes de la Mujer impulsando el liderazgo rural<\/span><\/strong><\/p>\n<div id=\"gtx-trans\" style=\"position: absolute; left: -50px; top: 4.31534px;\">\n<div class=\"gtx-trans-icon\"><\/div>\n<\/div>\n<\/div><\/section><\/div><div class=\"flex_column av_one_full  flex_column_div av-zero-column-padding first  avia-builder-el-4  el_after_av_one_full  el_before_av_hr  column-top-margin\" style='border-radius:0px; '><section class=\"av_textblock_section \"  itemscope=\"itemscope\" itemtype=\"https:\/\/schema.org\/BlogPosting\" itemprop=\"blogPost\" ><div class='avia_textblock  '   itemprop=\"text\" ><p style=\"text-align: justify;\">En el marco del Mes de la Mujer, INDAP Ays\u00e9n del Ministerio de Agricultura celebr\u00f3 la ceremonia de entrega de diplomas a las participantes de la Escuela de Lideresas para Mujeres Rurales J\u00f3venes en La Junta. Este programa, desarrollado en conjunto con el Ministerio de la Mujer y Equidad de G\u00e9nero y el Fondo para la Igualdad, busc\u00f3 fortalecer las habilidades de liderazgo, comunicaci\u00f3n y toma de decisiones de mujeres j\u00f3venes rurales, destacando su rol fundamental en el desarrollo de sus comunidades. Esta instancia cont\u00f3 con la presencia de las autoridades que se desplazaron hasta La Junta para ser parte de este reconocimiento, como el SEREMI de Agricultura, Eugenio Ruiz, las directoras de INIA Tamel Aike e INDAP; Camila Reyes y Yessica Lagos respectivamente, y la directora de SERNAMEG Patricia Baeza, quien represent\u00f3 a la SEREMI de la Mujer y Equidad de G\u00e9nero, Isidora Gacit\u00faa, junto a la jefa de \u00e1rea de INDAP en la Junta, Carolina Vel\u00e1squez.<\/p>\n<p style=\"text-align: justify;\">\u00abLa presencia y liderazgo de las mujeres rurales es clave para el futuro del campo. En INDAP Ays\u00e9n estamos comprometidos con su fortalecimiento, porque sabemos que al potenciar su liderazgo, impulsamos el crecimiento de sus familias y territorios. Seguiremos trabajando con todo el compromiso y cari\u00f1o que nos caracteriza para apoyarlas en sus sue\u00f1os y proyectos\u00bb, destac\u00f3 Yessica Lagos C\u00e1rdenas, directora regional de INDAP Ays\u00e9n.<\/p>\n<p style=\"text-align: justify;\">La Escuela de Lideresas en La Junta cont\u00f3 con la participaci\u00f3n de mujeres rurales lideresas y representantes de sus comunidades, quienes a trav\u00e9s de metodolog\u00edas participativas y pr\u00e1cticas, adquirieron herramientas para fortalecer su incidencia en los espacios de toma de decisiones. Durante la ceremonia, las participantes recibieron sus diplomas y compartieron sus experiencias, resaltando la importancia de estos espacios formativos para su desarrollo personal y colectivo.<\/p>\n<p style=\"text-align: justify;\">Carolina Vel\u00e1squez Vega, jefa del \u00c1rea INDAP La Junta, subray\u00f3 la importancia del enfoque territorial de la iniciativa: \u00abEs fundamental que este tipo de capacitaciones se realicen en los propios territorios, respondiendo a las necesidades espec\u00edficas de cada comunidad rural. Esto permite que las mujeres se apropien de su aprendizaje y lo apliquen directamente en su entorno\u00bb.<\/p>\n<p style=\"text-align: justify;\">Hist\u00f3ricamente, el rol de las mujeres en el mundo campesino ha sido invisibilizado, a pesar de su contribuci\u00f3n clave al sustento de muchas familias. En una regi\u00f3n como Ays\u00e9n, donde la vida rural es parte esencial de la identidad local, el liderazgo femenino adquiere un valor fundamental. Por ello, el liderazgo de las mujeres rurales j\u00f3venes de Ays\u00e9n es clave para fortalecer el tejido social y productivo, ya que organizarse y trabajar en red desde los territorios les permite acceder a m\u00e1s oportunidades, aportar al desarrollo de comunidades m\u00e1s equitativas y resilientes, y hacer valer su voz en las decisiones que impactan su realidad.<\/p>\n<p style=\"text-align: justify;\">\u00abEs tremendamente importante este proceso de certificaci\u00f3n la certificaci\u00f3n de este grupo de mujeres en La Junta para visibilizar su rol en el territorio y fortalecer su capacidad para hacer valer sus derechos. Estos procesos formativos entregan herramientas, consolidan redes de apoyo y permiten poner en agenda las principales necesidades y desaf\u00edos que enfrentan las mujeres rurales\u00bb, se\u00f1al\u00f3 Patricia Baeza Directora Regional de SERNAMEG, quien particip\u00f3 de la instancia en representaci\u00f3n de la SEREMI de la Mujer y Equidad de G\u00e9nero.<\/p>\n<p style=\"text-align: justify;\">Con esta actividad, INDAP Ays\u00e9n reafirma su compromiso con la equidad de g\u00e9nero y el fortalecimiento del liderazgo femenino en el mundo rural, promoviendo instancias de formaci\u00f3n que reconozcan y potencien el rol de las mujeres campesinas como protagonistas del desarrollo rural.<\/p>\n<\/div><\/section><\/div><div  style='height:50px' class='hr hr-invisible   avia-builder-el-6  el_after_av_one_full  el_before_av_social_share '><span class='hr-inner ' ><span class='hr-inner-style'><\/span><\/span><\/div><\/p>\n<div  class='av-social-sharing-box  avia-builder-el-7  el_after_av_hr  el_before_av_hr  '><div class='av-share-box'><h5 class='av-share-link-description av-no-toc '>Compartir esta noticia<\/h5><ul class='av-share-box-list noLightbox'><li class='av-share-link av-social-link-facebook' ><a target=\"_blank\" aria-label=\"Compartir en Facebook\" href='https:\/\/www.facebook.com\/sharer.php?u=https:\/\/radiorevelacionfm.cl\/?p=51573&#038;t=Indap%20Ays%C3%A9n%20conmemora%20el%20Mes%20de%20la%20Mujer%20impulsando%20el%20liderazgo%20rural' aria-hidden='false' data-av_icon='\ue8f3' data-av_iconfont='entypo-fontello' title='' data-avia-related-tooltip='Compartir en Facebook' rel=\"noopener\"><span class='avia_hidden_link_text'>Compartir en Facebook<\/span><\/a><\/li><li class='av-share-link av-social-link-twitter' ><a target=\"_blank\" aria-label=\"Compartir en Twitter\" href='https:\/\/twitter.com\/share?text=Indap%20Ays%C3%A9n%20conmemora%20el%20Mes%20de%20la%20Mujer%20impulsando%20el%20liderazgo%20rural&#038;url=https:\/\/radiorevelacionfm.cl\/?p=51573' aria-hidden='false' data-av_icon='\ue8f1' data-av_iconfont='entypo-fontello' title='' data-avia-related-tooltip='Compartir en Twitter' rel=\"noopener\"><span class='avia_hidden_link_text'>Compartir en Twitter<\/span><\/a><\/li><li class='av-share-link av-social-link-whatsapp' ><a target=\"_blank\" aria-label=\"Compartir en Whatsapp\" href='https:\/\/api.whatsapp.com\/send?text=https:\/\/radiorevelacionfm.cl\/?p=51573' aria-hidden='false' data-av_icon='\uf232' data-av_iconfont='entypo-fontello' title='' data-avia-related-tooltip='Compartir en Whatsapp' rel=\"noopener\"><span class='avia_hidden_link_text'>Compartir en Whatsapp<\/span><\/a><\/li><li class='av-share-link av-social-link-linkedin' ><a target=\"_blank\" aria-label=\"Compartir en LinkedIn\" href='https:\/\/linkedin.com\/shareArticle?mini=true&#038;title=Indap%20Ays%C3%A9n%20conmemora%20el%20Mes%20de%20la%20Mujer%20impulsando%20el%20liderazgo%20rural&#038;url=https:\/\/radiorevelacionfm.cl\/?p=51573' aria-hidden='false' data-av_icon='\ue8fc' data-av_iconfont='entypo-fontello' title='' data-avia-related-tooltip='Compartir en LinkedIn' rel=\"noopener\"><span class='avia_hidden_link_text'>Compartir en LinkedIn<\/span><\/a><\/li><li class='av-share-link av-social-link-mail' ><a  aria-label=\"Compartir por correo\" href='mailto:?subject=Indap%20Ays%C3%A9n%20conmemora%20el%20Mes%20de%20la%20Mujer%20impulsando%20el%20liderazgo%20rural&#038;body=https:\/\/radiorevelacionfm.cl\/?p=51573' aria-hidden='false' data-av_icon='\ue805' data-av_iconfont='entypo-fontello' title='' data-avia-related-tooltip='Compartir por correo'><span class='avia_hidden_link_text'>Compartir por correo<\/span><\/a><\/li><\/ul><\/div><\/div>\n<div  style='height:50px' class='hr hr-invisible   avia-builder-el-8  el_after_av_social_share  el_before_av_comments_list '><span class='hr-inner ' ><span class='hr-inner-style'><\/span><\/span><\/div>\n<div  class='av-buildercomment  av-blog-meta-html-info-disabled av-blog-meta-tag-disabled  '><\/div>\n","protected":false},"excerpt":{"rendered":"","protected":false},"author":1,"featured_media":51574,"comment_status":"open","ping_status":"open","sticky":false,"template":"","format":"standard","meta":{"footnotes":""},"categories":[38],"tags":[],"class_list":["post-51573","post","type-post","status-publish","format-standard","has-post-thumbnail","hentry","category-regional"],"jetpack_featured_media_url":"https:\/\/radiorevelacionfm.cl\/wp-content\/uploads\/2025\/03\/CEREMONIA-ENTREGA-DIPLOMAS-ESC-LIDERESAS-LA-JUNTA-3-1-1.jpeg","_links":{"self":[{"href":"https:\/\/radiorevelacionfm.cl\/index.php?rest_route=\/wp\/v2\/posts\/51573","targetHints":{"allow":["GET"]}}],"collection":[{"href":"https:\/\/radiorevelacionfm.cl\/index.php?rest_route=\/wp\/v2\/posts"}],"about":[{"href":"https:\/\/radiorevelacionfm.cl\/index.php?rest_route=\/wp\/v2\/types\/post"}],"author":[{"embeddable":true,"href":"https:\/\/radiorevelacionfm.cl\/index.php?rest_route=\/wp\/v2\/users\/1"}],"replies":[{"embeddable":true,"href":"https:\/\/radiorevelacionfm.cl\/index.php?rest_route=%2Fwp%2Fv2%2Fcomments&post=51573"}],"version-history":[{"count":1,"href":"https:\/\/radiorevelacionfm.cl\/index.php?rest_route=\/wp\/v2\/posts\/51573\/revisions"}],"predecessor-version":[{"id":51575,"href":"https:\/\/radiorevelacionfm.cl\/index.php?rest_route=\/wp\/v2\/posts\/51573\/revisions\/51575"}],"wp:featuredmedia":[{"embeddable":true,"href":"https:\/\/radiorevelacionfm.cl\/index.php?rest_route=\/wp\/v2\/media\/51574"}],"wp:attachment":[{"href":"https:\/\/radiorevelacionfm.cl\/index.php?rest_route=%2Fwp%2Fv2%2Fmedia&parent=51573"}],"wp:term":[{"taxonomy":"category","embeddable":true,"href":"https:\/\/radiorevelacionfm.cl\/index.php?rest_route=%2Fwp%2Fv2%2Fcategories&post=51573"},{"taxonomy":"post_tag","embeddable":true,"href":"https:\/\/radiorevelacionfm.cl\/index.php?rest_route=%2Fwp%2Fv2%2Ftags&post=51573"}],"curies":[{"name":"wp","href":"https:\/\/api.w.org\/{rel}","templated":true}]}}