{"id":51570,"date":"2025-03-21T15:32:39","date_gmt":"2025-03-21T18:32:39","guid":{"rendered":"https:\/\/radiorevelacionfm.cl\/?p=51570"},"modified":"2025-03-21T15:32:39","modified_gmt":"2025-03-21T18:32:39","slug":"cerca-de-3-mil-ninas-y-ninos-ya-han-sido-inscritos-para-viajar-a-la-nasa-gracias-al-concurso-haz-que-despeguen","status":"publish","type":"post","link":"https:\/\/radiorevelacionfm.cl\/?p=51570","title":{"rendered":"Cerca de 3 mil ni\u00f1as y ni\u00f1os ya han sido inscritos para viajar a la NASA gracias al concurso \u00abHaz que Despeguen\u00bb"},"content":{"rendered":"<div class=\"flex_column av_one_full  flex_column_div av-zero-column-padding first  avia-builder-el-0  el_before_av_one_full  avia-builder-el-first  \" style='border-radius:0px; '><div  class='avia-image-container  av-styling-    avia-builder-el-1  avia-builder-el-no-sibling  avia-align-center '  itemprop=\"image\" itemscope=\"itemscope\" itemtype=\"https:\/\/schema.org\/ImageObject\"  ><div class='avia-image-container-inner'><div class='avia-image-overlay-wrap'><img decoding=\"async\" class='wp-image-51571 avia-img-lazy-loading-not-51571 avia_image' src=\"https:\/\/radiorevelacionfm.cl\/wp-content\/uploads\/2025\/03\/gruponasa-1_optimized-1.jpg\" alt='' title='gruponasa-(1)_optimized (1)' height=\"600\" width=\"1045\"  itemprop=\"thumbnailUrl\" srcset=\"https:\/\/radiorevelacionfm.cl\/wp-content\/uploads\/2025\/03\/gruponasa-1_optimized-1.jpg 1045w, https:\/\/radiorevelacionfm.cl\/wp-content\/uploads\/2025\/03\/gruponasa-1_optimized-1-300x172.jpg 300w, https:\/\/radiorevelacionfm.cl\/wp-content\/uploads\/2025\/03\/gruponasa-1_optimized-1-1030x591.jpg 1030w, https:\/\/radiorevelacionfm.cl\/wp-content\/uploads\/2025\/03\/gruponasa-1_optimized-1-768x441.jpg 768w, https:\/\/radiorevelacionfm.cl\/wp-content\/uploads\/2025\/03\/gruponasa-1_optimized-1-705x405.jpg 705w, https:\/\/radiorevelacionfm.cl\/wp-content\/uploads\/2025\/03\/gruponasa-1_optimized-1-450x258.jpg 450w, https:\/\/radiorevelacionfm.cl\/wp-content\/uploads\/2025\/03\/gruponasa-1_optimized-1-600x344.jpg 600w\" sizes=\"(max-width: 1045px) 100vw, 1045px\" \/><\/div><\/div><\/div><\/div><div class=\"flex_column av_one_full  flex_column_div av-zero-column-padding first  avia-builder-el-2  el_after_av_one_full  el_before_av_one_full  column-top-margin\" style='border-radius:0px; '><section class=\"av_textblock_section \"  itemscope=\"itemscope\" itemtype=\"https:\/\/schema.org\/BlogPosting\" itemprop=\"blogPost\" ><div class='avia_textblock  '   itemprop=\"text\" ><p style=\"text-align: center;\"><strong><span style=\"font-size: 18pt;\">Cerca de 3 mil ni\u00f1as y ni\u00f1os ya han sido inscritos para viajar a la NASA gracias al concurso \u00abHaz que Despeguen\u00bb<\/span><\/strong><\/p>\n<div id=\"gtx-trans\" style=\"position: absolute; left: -50px; top: 4.31534px;\">\n<div class=\"gtx-trans-icon\"><\/div>\n<\/div>\n<\/div><\/section><\/div><div class=\"flex_column av_one_full  flex_column_div av-zero-column-padding first  avia-builder-el-4  el_after_av_one_full  el_before_av_hr  column-top-margin\" style='border-radius:0px; '><section class=\"av_textblock_section \"  itemscope=\"itemscope\" itemtype=\"https:\/\/schema.org\/BlogPosting\" itemprop=\"blogPost\" ><div class='avia_textblock  '   itemprop=\"text\" ><p style=\"text-align: justify;\">A s\u00f3lo 2 semanas de su inicio, las familias y los centros educativos han realizado el proceso de postulaci\u00f3n en <a href=\"http:\/\/www.hazquedespeguen.cl\">www.hazquedespeguen.cl<\/a> para que los p\u00e1rvulos puedan viajar, junto a su apoderado, a Estados Unidos con todos los gastos pagados.<\/p>\n<p style=\"text-align: justify;\">No se hicieron esperar. Sin ser parte de una fila virtual ni nada parecido, las familias ingresaron de forma masiva al sitio <a href=\"http:\/\/www.hazquedespeguen.cl\">www.hazquedespeguen.cl<\/a> con el fin de que sus ni\u00f1as y ni\u00f1os puedan optar a ser ganadores de un premio de ensue\u00f1o: Viajar a la NASA con todos los gastos pagados acompa\u00f1ados de un apoderado.<\/p>\n<p style=\"text-align: justify;\">Con este premio, Fundaci\u00f3n Educacional Oportunidad, a trav\u00e9s de su concurso \u201cHaz que Despeguen\u201d, busca promover la asistencia a la educaci\u00f3n parvularia porque se trata de un nivel educativo clave para el desarrollo integral de las ni\u00f1as y ni\u00f1os de Chile.<\/p>\n<p style=\"text-align: justify;\">Al igual que en sus dos versiones anteriores, el concurso premiar\u00e1 a una ni\u00f1a o ni\u00f1o por cada regi\u00f3n de Chile -16 en total- quienes podr\u00e1n viajar a Estados Unidos para conocer las instalaciones del Centro Espacial Kennedy con todos los gastos pagados.<\/p>\n<p style=\"text-align: justify;\">La directora ejecutiva de Fundaci\u00f3n Educacional Oportunidad, Mar\u00eda de la Luz Gonz\u00e1lez, se\u00f1al\u00f3 \u201chemos recibido con gran alegr\u00eda el inter\u00e9s por \u00b4Haz que Despeguen\u00b4. Invitamos a quienes a\u00fan no han inscrito a sus hijos a hacerlo lo antes posible para no perder esta incre\u00edble oportunidad. Nos complace ver que las familias est\u00e1n conscientes de la importancia de este reconocimiento por la buena asistencia y est\u00e1n entusiasmadas motivando a sus ni\u00f1as y ni\u00f1os para que no falten, salvo por motivos de salud u otras situaciones de fuerza mayor\u201d.<\/p>\n<p style=\"text-align: justify;\">Cabe recordar que para participar las ni\u00f1as y ni\u00f1os deben ser inscritos en <a href=\"http:\/\/www.hazquedespeguen.cl\"><strong>www.hazquedespeguen.cl<\/strong><\/a> hasta el 30 de junio de 2025 y cumplir con lo establecido en las bases del concurso.<\/p>\n<p style=\"text-align: justify;\"><strong>PREMIO PARA EDUCADORAS<\/strong><\/p>\n<p style=\"text-align: justify;\">Este a\u00f1o, \u201cHaz que Despeguen\u201d incorpor\u00f3 una categor\u00eda para educadoras, t\u00e9cnicos y co-educadoras de p\u00e1rvulos que tambi\u00e9n podr\u00e1n ser parte de la delegaci\u00f3n que viajar\u00e1 al Centro Espacial Kennedy en Estados Unidos.<\/p>\n<p style=\"text-align: justify;\">En esta categor\u00eda, el concurso considerar\u00e1 que, al cierre del primer semestre, logren una asistencia destacada del mayor n\u00famero de ni\u00f1as y ni\u00f1os de sus cursos considerando los niveles medio menor, medio mayor, prek\u00ednder y k\u00ednder.<\/p>\n<p style=\"text-align: justify;\">Las inscripciones tambi\u00e9n se encuentran disponibles en <a href=\"http:\/\/www.hazquedespeguen.cl\">www.hazquedespeguen.cl<\/a> hasta el 30 de junio de 2025<\/p>\n<p style=\"text-align: justify;\"><strong>\u00a0<\/strong><\/p>\n<\/div><\/section><\/div><div  style='height:50px' class='hr hr-invisible   avia-builder-el-6  el_after_av_one_full  el_before_av_social_share '><span class='hr-inner ' ><span class='hr-inner-style'><\/span><\/span><\/div><\/p>\n<div  class='av-social-sharing-box  avia-builder-el-7  el_after_av_hr  el_before_av_hr  '><div class='av-share-box'><h5 class='av-share-link-description av-no-toc '>Compartir esta noticia<\/h5><ul class='av-share-box-list noLightbox'><li class='av-share-link av-social-link-facebook' ><a target=\"_blank\" aria-label=\"Compartir en Facebook\" href='https:\/\/www.facebook.com\/sharer.php?u=https:\/\/radiorevelacionfm.cl\/?p=51570&#038;t=Cerca%20de%203%20mil%20ni%C3%B1as%20y%20ni%C3%B1os%20ya%20han%20sido%20inscritos%20para%20viajar%20a%20la%20NASA%20gracias%20al%20concurso%20%C2%ABHaz%20que%20Despeguen%C2%BB' aria-hidden='false' data-av_icon='\ue8f3' data-av_iconfont='entypo-fontello' title='' data-avia-related-tooltip='Compartir en Facebook' rel=\"noopener\"><span class='avia_hidden_link_text'>Compartir en Facebook<\/span><\/a><\/li><li class='av-share-link av-social-link-twitter' ><a target=\"_blank\" aria-label=\"Compartir en Twitter\" href='https:\/\/twitter.com\/share?text=Cerca%20de%203%20mil%20ni%C3%B1as%20y%20ni%C3%B1os%20ya%20han%20sido%20inscritos%20para%20viajar%20a%20la%20NASA%20gracias%20al%20concurso%20%C2%ABHaz%20que%20Despeguen%C2%BB&#038;url=https:\/\/radiorevelacionfm.cl\/?p=51570' aria-hidden='false' data-av_icon='\ue8f1' data-av_iconfont='entypo-fontello' title='' data-avia-related-tooltip='Compartir en Twitter' rel=\"noopener\"><span class='avia_hidden_link_text'>Compartir en Twitter<\/span><\/a><\/li><li class='av-share-link av-social-link-whatsapp' ><a target=\"_blank\" aria-label=\"Compartir en Whatsapp\" href='https:\/\/api.whatsapp.com\/send?text=https:\/\/radiorevelacionfm.cl\/?p=51570' aria-hidden='false' data-av_icon='\uf232' data-av_iconfont='entypo-fontello' title='' data-avia-related-tooltip='Compartir en Whatsapp' rel=\"noopener\"><span class='avia_hidden_link_text'>Compartir en Whatsapp<\/span><\/a><\/li><li class='av-share-link av-social-link-linkedin' ><a target=\"_blank\" aria-label=\"Compartir en LinkedIn\" href='https:\/\/linkedin.com\/shareArticle?mini=true&#038;title=Cerca%20de%203%20mil%20ni%C3%B1as%20y%20ni%C3%B1os%20ya%20han%20sido%20inscritos%20para%20viajar%20a%20la%20NASA%20gracias%20al%20concurso%20%C2%ABHaz%20que%20Despeguen%C2%BB&#038;url=https:\/\/radiorevelacionfm.cl\/?p=51570' aria-hidden='false' data-av_icon='\ue8fc' data-av_iconfont='entypo-fontello' title='' data-avia-related-tooltip='Compartir en LinkedIn' rel=\"noopener\"><span class='avia_hidden_link_text'>Compartir en LinkedIn<\/span><\/a><\/li><li class='av-share-link av-social-link-mail' ><a  aria-label=\"Compartir por correo\" href='mailto:?subject=Cerca%20de%203%20mil%20ni%C3%B1as%20y%20ni%C3%B1os%20ya%20han%20sido%20inscritos%20para%20viajar%20a%20la%20NASA%20gracias%20al%20concurso%20%C2%ABHaz%20que%20Despeguen%C2%BB&#038;body=https:\/\/radiorevelacionfm.cl\/?p=51570' aria-hidden='false' data-av_icon='\ue805' data-av_iconfont='entypo-fontello' title='' data-avia-related-tooltip='Compartir por correo'><span class='avia_hidden_link_text'>Compartir por correo<\/span><\/a><\/li><\/ul><\/div><\/div>\n<div  style='height:50px' class='hr hr-invisible   avia-builder-el-8  el_after_av_social_share  el_before_av_comments_list '><span class='hr-inner ' ><span class='hr-inner-style'><\/span><\/span><\/div>\n<div  class='av-buildercomment  av-blog-meta-html-info-disabled av-blog-meta-tag-disabled  '><\/div>\n","protected":false},"excerpt":{"rendered":"","protected":false},"author":1,"featured_media":51571,"comment_status":"open","ping_status":"open","sticky":false,"template":"","format":"standard","meta":{"footnotes":""},"categories":[61],"tags":[],"class_list":["post-51570","post","type-post","status-publish","format-standard","has-post-thumbnail","hentry","category-nacional"],"jetpack_featured_media_url":"https:\/\/radiorevelacionfm.cl\/wp-content\/uploads\/2025\/03\/gruponasa-1_optimized-1.jpg","_links":{"self":[{"href":"https:\/\/radiorevelacionfm.cl\/index.php?rest_route=\/wp\/v2\/posts\/51570","targetHints":{"allow":["GET"]}}],"collection":[{"href":"https:\/\/radiorevelacionfm.cl\/index.php?rest_route=\/wp\/v2\/posts"}],"about":[{"href":"https:\/\/radiorevelacionfm.cl\/index.php?rest_route=\/wp\/v2\/types\/post"}],"author":[{"embeddable":true,"href":"https:\/\/radiorevelacionfm.cl\/index.php?rest_route=\/wp\/v2\/users\/1"}],"replies":[{"embeddable":true,"href":"https:\/\/radiorevelacionfm.cl\/index.php?rest_route=%2Fwp%2Fv2%2Fcomments&post=51570"}],"version-history":[{"count":1,"href":"https:\/\/radiorevelacionfm.cl\/index.php?rest_route=\/wp\/v2\/posts\/51570\/revisions"}],"predecessor-version":[{"id":51572,"href":"https:\/\/radiorevelacionfm.cl\/index.php?rest_route=\/wp\/v2\/posts\/51570\/revisions\/51572"}],"wp:featuredmedia":[{"embeddable":true,"href":"https:\/\/radiorevelacionfm.cl\/index.php?rest_route=\/wp\/v2\/media\/51571"}],"wp:attachment":[{"href":"https:\/\/radiorevelacionfm.cl\/index.php?rest_route=%2Fwp%2Fv2%2Fmedia&parent=51570"}],"wp:term":[{"taxonomy":"category","embeddable":true,"href":"https:\/\/radiorevelacionfm.cl\/index.php?rest_route=%2Fwp%2Fv2%2Fcategories&post=51570"},{"taxonomy":"post_tag","embeddable":true,"href":"https:\/\/radiorevelacionfm.cl\/index.php?rest_route=%2Fwp%2Fv2%2Ftags&post=51570"}],"curies":[{"name":"wp","href":"https:\/\/api.w.org\/{rel}","templated":true}]}}