{"id":51567,"date":"2025-03-19T16:21:54","date_gmt":"2025-03-19T19:21:54","guid":{"rendered":"https:\/\/radiorevelacionfm.cl\/?p=51567"},"modified":"2025-03-19T16:21:54","modified_gmt":"2025-03-19T19:21:54","slug":"senadora-ordenes-y-llegada-de-cardiologo-se-cumplio-el-compromiso-que-asumio-el-servicio-de-salud-de-aysen","status":"publish","type":"post","link":"https:\/\/radiorevelacionfm.cl\/?p=51567","title":{"rendered":"Senadora \u00d3rdenes y llegada de cardi\u00f3logo: \u201cSe cumpli\u00f3 el compromiso que asumi\u00f3 el Servicio de Salud de Ays\u00e9n\u201d"},"content":{"rendered":"<div class=\"flex_column av_one_full  flex_column_div av-zero-column-padding first  avia-builder-el-0  el_before_av_one_full  avia-builder-el-first  \" style='border-radius:0px; '><div  class='avia-image-container  av-styling-    avia-builder-el-1  avia-builder-el-no-sibling  avia-align-center '  itemprop=\"image\" itemscope=\"itemscope\" itemtype=\"https:\/\/schema.org\/ImageObject\"  ><div class='avia-image-container-inner'><div class='avia-image-overlay-wrap'><img decoding=\"async\" class='wp-image-51568 avia-img-lazy-loading-not-51568 avia_image' src=\"https:\/\/radiorevelacionfm.cl\/wp-content\/uploads\/2025\/03\/7iv7842-enhanced-nr-1_optimized.jpg\" alt='' title='_7iv7842-enhanced-nr-(1)_optimized' height=\"640\" width=\"800\"  itemprop=\"thumbnailUrl\" srcset=\"https:\/\/radiorevelacionfm.cl\/wp-content\/uploads\/2025\/03\/7iv7842-enhanced-nr-1_optimized.jpg 800w, https:\/\/radiorevelacionfm.cl\/wp-content\/uploads\/2025\/03\/7iv7842-enhanced-nr-1_optimized-300x240.jpg 300w, https:\/\/radiorevelacionfm.cl\/wp-content\/uploads\/2025\/03\/7iv7842-enhanced-nr-1_optimized-768x614.jpg 768w, https:\/\/radiorevelacionfm.cl\/wp-content\/uploads\/2025\/03\/7iv7842-enhanced-nr-1_optimized-705x564.jpg 705w, https:\/\/radiorevelacionfm.cl\/wp-content\/uploads\/2025\/03\/7iv7842-enhanced-nr-1_optimized-450x360.jpg 450w, https:\/\/radiorevelacionfm.cl\/wp-content\/uploads\/2025\/03\/7iv7842-enhanced-nr-1_optimized-600x480.jpg 600w\" sizes=\"(max-width: 800px) 100vw, 800px\" \/><\/div><\/div><\/div><\/div><div class=\"flex_column av_one_full  flex_column_div av-zero-column-padding first  avia-builder-el-2  el_after_av_one_full  el_before_av_one_full  column-top-margin\" style='border-radius:0px; '><section class=\"av_textblock_section \"  itemscope=\"itemscope\" itemtype=\"https:\/\/schema.org\/BlogPosting\" itemprop=\"blogPost\" ><div class='avia_textblock  '   itemprop=\"text\" ><p style=\"text-align: center;\"><strong><span style=\"font-size: 18pt;\">Senadora \u00d3rdenes y llegada de cardi\u00f3logo: \u201cSe cumpli\u00f3 el compromiso que asumi\u00f3 el Servicio de Salud de Ays\u00e9n\u201d<\/span><\/strong><\/p>\n<div id=\"gtx-trans\" style=\"position: absolute; left: -50px; top: 4.31534px;\">\n<div class=\"gtx-trans-icon\"><\/div>\n<\/div>\n<\/div><\/section><\/div><div class=\"flex_column av_one_full  flex_column_div av-zero-column-padding first  avia-builder-el-4  el_after_av_one_full  el_before_av_hr  column-top-margin\" style='border-radius:0px; '><section class=\"av_textblock_section \"  itemscope=\"itemscope\" itemtype=\"https:\/\/schema.org\/BlogPosting\" itemprop=\"blogPost\" ><div class='avia_textblock  '   itemprop=\"text\" ><p style=\"text-align: justify;\">\u201cEmpezamos la semana con una buena noticia. Hoy a las 10 de la ma\u00f1ana se incorpora al Servicio de Salud Ays\u00e9n un nuevo cardi\u00f3logo, que adem\u00e1s es especialista en hemodinamia\u201d, fue el mensaje con el que la representante aysenina destac\u00f3 la llegada al Hospital Regional Coyhaique, del doctor Alejandro Fleming.<\/p>\n<p style=\"text-align: justify;\">La senadora por la regi\u00f3n de Ays\u00e9n, Ximena \u00d3rdenes Neira se ha mostrado insistente en reiteradas ocasiones ante la necesidad de consolidar una Unidad de Hemodinamia en la regi\u00f3n. El anuncio de que la llegada del especialista ser\u00eda en marzo de este 2025, fue uno de los \u00faltimos temas que destac\u00f3, luego de que el director del Servicio de Salud Ays\u00e9n, Juan Pablo Bravo le confirmara algunos plazos en torno a este proyecto.<\/p>\n<p style=\"text-align: justify;\">\u201cQuiero valorar el arribo de un nuevo profesional m\u00e9dico al Hospital Regional de Ays\u00e9n, un cardi\u00f3logo que estar\u00e1 de manera permanente trabajando con los usuarios\u201d, se\u00f1al\u00f3 \u00d3rdenes con una evidente emoci\u00f3n a la vez que destac\u00f3 que el m\u00e9dico \u201ctiene la especialidad en hemodinamia, por lo tanto, va a ser el responsable del Proyecto de esta nueva unidad. Tambi\u00e9n, quiero destacar que se cumpli\u00f3 en plazo y forma el compromiso que asumi\u00f3 el servicio de Salud de Ays\u00e9n\u201d La parlamentaria a\u00f1adi\u00f3 que espera que con esta noticia se siga avanzando en dar mayor resolutividad al Hospital Regional de Ays\u00e9n, para abordar de mejor forma las problem\u00e1ticas de salud.<\/p>\n<p style=\"text-align: justify;\">\u201cComo agrupaci\u00f3n estamos contentos de este primer paso. Ya tenemos cardi\u00f3logo para la Regi\u00f3n de Ays\u00e9n. Ya no estamos solos y solo quedad esperar que pr\u00f3ximamente se sumen m\u00e1s cardi\u00f3logos. Estamos muy contentos\u201d, sostuvo con similar emoci\u00f3n, Melanie Rojas, representante de la agrupaci\u00f3n Cardiolog\u00eda para Ays\u00e9n.<\/p>\n<p style=\"text-align: justify;\"><strong>Doctor Alejandro Fleming y Unidad de Hemodinamia<\/strong><\/p>\n<p style=\"text-align: justify;\">Por su parte, el especialista reci\u00e9n llegado a la regi\u00f3n sostuvo que la enfermedad cardiovascular est\u00e1 en el primer o el segundo lugar, junto con la enfermedad oncol\u00f3gica, en los problemas de salud, pero se mostr\u00f3 comprometido en traer a la regi\u00f3n una soluci\u00f3n para los pacientes cerebro y cardiovasculares.<\/p>\n<p style=\"text-align: justify;\">En este sentido, al ser consultado sobre qu\u00e9 tan habilitante ser\u00eda el que el proyecto de la Unidad de Hemodinamia se concrete, el doctor Fleming se\u00f1al\u00f3 que \u201cdentro de las enfermedades cardiol\u00f3gicas, la enfermedad coronaria pas\u00f3 a ser hace mucho tiempo, ya unos 25-30 a\u00f1os, la m\u00e1s limitante. El paciente que tiene muerte s\u00fabita, el paciente que tiene angina, el paciente que tiene infarto, el paciente que tiene insuficiencia card\u00edaca, de base, tiene enfermedad coronaria la mayor\u00eda de las veces\u201d.<\/p>\n<p style=\"text-align: justify;\">\u201cA trav\u00e9s del estudio coronario, m\u00e1s los estudios complementarios no tradicionales y los no invasivos que son el ecocardiograma, el esfuerzo, el golpe de arritmia, etc\u00e9tera, se puede hacer un buen diagn\u00f3stico y por lo tanto un buen tratamiento para el paciente. Un paciente que tiene un estudio incompleto, obviamente que el tratamiento que le puede ofrecer es incompleto tambi\u00e9n\u201d, recalc\u00f3, sosteniendo que \u201cpor eso es importante tener el estudio hemodin\u00e1mico invasivo para resolver el caso de cada paciente\u201d.<\/p>\n<p style=\"text-align: justify;\">\u201cCreo que no hay ning\u00fan ciudadano en Chile que no merezca ser atendido por un especialista\u201d, finaliz\u00f3 su intervenci\u00f3n el especialista en Hemodinamia, quien tambi\u00e9n asegur\u00f3 estar en pr\u00e1ctica constante de intervenciones complejas.<\/p>\n<p style=\"text-align: justify;\">En los anuncios de su incorporaci\u00f3n a la red asistencial en Ays\u00e9n, el Servicio de Salud ha se\u00f1alado que la llegada de este especialista en hemodinamia contribuir\u00e1 a reducir la lista de espera y a fortalecer la implementaci\u00f3n de la futura Sala de Angiograf\u00eda, con el dispositivo que permitir\u00e1 realizar procedimientos invasivos diagn\u00f3sticos y terap\u00e9uticos para patolog\u00edas coronarias, neurovasculares y vasculares, evitando traslados fuera de la regi\u00f3n.<\/p>\n<\/div><\/section><\/div><div  style='height:50px' class='hr hr-invisible   avia-builder-el-6  el_after_av_one_full  el_before_av_social_share '><span class='hr-inner ' ><span class='hr-inner-style'><\/span><\/span><\/div><\/p>\n<div  class='av-social-sharing-box  avia-builder-el-7  el_after_av_hr  el_before_av_hr  '><div class='av-share-box'><h5 class='av-share-link-description av-no-toc '>Compartir esta noticia<\/h5><ul class='av-share-box-list noLightbox'><li class='av-share-link av-social-link-facebook' ><a target=\"_blank\" aria-label=\"Compartir en Facebook\" href='https:\/\/www.facebook.com\/sharer.php?u=https:\/\/radiorevelacionfm.cl\/?p=51567&#038;t=Senadora%20%C3%93rdenes%20y%20llegada%20de%20cardi%C3%B3logo%3A%20%E2%80%9CSe%20cumpli%C3%B3%20el%20compromiso%20que%20asumi%C3%B3%20el%20Servicio%20de%20Salud%20de%20Ays%C3%A9n%E2%80%9D' aria-hidden='false' data-av_icon='\ue8f3' data-av_iconfont='entypo-fontello' title='' data-avia-related-tooltip='Compartir en Facebook' rel=\"noopener\"><span class='avia_hidden_link_text'>Compartir en Facebook<\/span><\/a><\/li><li class='av-share-link av-social-link-twitter' ><a target=\"_blank\" aria-label=\"Compartir en Twitter\" href='https:\/\/twitter.com\/share?text=Senadora%20%C3%93rdenes%20y%20llegada%20de%20cardi%C3%B3logo%3A%20%E2%80%9CSe%20cumpli%C3%B3%20el%20compromiso%20que%20asumi%C3%B3%20el%20Servicio%20de%20Salud%20de%20Ays%C3%A9n%E2%80%9D&#038;url=https:\/\/radiorevelacionfm.cl\/?p=51567' aria-hidden='false' data-av_icon='\ue8f1' data-av_iconfont='entypo-fontello' title='' data-avia-related-tooltip='Compartir en Twitter' rel=\"noopener\"><span class='avia_hidden_link_text'>Compartir en Twitter<\/span><\/a><\/li><li class='av-share-link av-social-link-whatsapp' ><a target=\"_blank\" aria-label=\"Compartir en Whatsapp\" href='https:\/\/api.whatsapp.com\/send?text=https:\/\/radiorevelacionfm.cl\/?p=51567' aria-hidden='false' data-av_icon='\uf232' data-av_iconfont='entypo-fontello' title='' data-avia-related-tooltip='Compartir en Whatsapp' rel=\"noopener\"><span class='avia_hidden_link_text'>Compartir en Whatsapp<\/span><\/a><\/li><li class='av-share-link av-social-link-linkedin' ><a target=\"_blank\" aria-label=\"Compartir en LinkedIn\" href='https:\/\/linkedin.com\/shareArticle?mini=true&#038;title=Senadora%20%C3%93rdenes%20y%20llegada%20de%20cardi%C3%B3logo%3A%20%E2%80%9CSe%20cumpli%C3%B3%20el%20compromiso%20que%20asumi%C3%B3%20el%20Servicio%20de%20Salud%20de%20Ays%C3%A9n%E2%80%9D&#038;url=https:\/\/radiorevelacionfm.cl\/?p=51567' aria-hidden='false' data-av_icon='\ue8fc' data-av_iconfont='entypo-fontello' title='' data-avia-related-tooltip='Compartir en LinkedIn' rel=\"noopener\"><span class='avia_hidden_link_text'>Compartir en LinkedIn<\/span><\/a><\/li><li class='av-share-link av-social-link-mail' ><a  aria-label=\"Compartir por correo\" href='mailto:?subject=Senadora%20%C3%93rdenes%20y%20llegada%20de%20cardi%C3%B3logo%3A%20%E2%80%9CSe%20cumpli%C3%B3%20el%20compromiso%20que%20asumi%C3%B3%20el%20Servicio%20de%20Salud%20de%20Ays%C3%A9n%E2%80%9D&#038;body=https:\/\/radiorevelacionfm.cl\/?p=51567' aria-hidden='false' data-av_icon='\ue805' data-av_iconfont='entypo-fontello' title='' data-avia-related-tooltip='Compartir por correo'><span class='avia_hidden_link_text'>Compartir por correo<\/span><\/a><\/li><\/ul><\/div><\/div>\n<div  style='height:50px' class='hr hr-invisible   avia-builder-el-8  el_after_av_social_share  el_before_av_comments_list '><span class='hr-inner ' ><span class='hr-inner-style'><\/span><\/span><\/div>\n<div  class='av-buildercomment  av-blog-meta-html-info-disabled av-blog-meta-tag-disabled  '><\/div>\n","protected":false},"excerpt":{"rendered":"","protected":false},"author":1,"featured_media":51568,"comment_status":"open","ping_status":"open","sticky":false,"template":"","format":"standard","meta":{"footnotes":""},"categories":[35],"tags":[],"class_list":["post-51567","post","type-post","status-publish","format-standard","has-post-thumbnail","hentry","category-politica"],"jetpack_featured_media_url":"https:\/\/radiorevelacionfm.cl\/wp-content\/uploads\/2025\/03\/7iv7842-enhanced-nr-1_optimized.jpg","_links":{"self":[{"href":"https:\/\/radiorevelacionfm.cl\/index.php?rest_route=\/wp\/v2\/posts\/51567","targetHints":{"allow":["GET"]}}],"collection":[{"href":"https:\/\/radiorevelacionfm.cl\/index.php?rest_route=\/wp\/v2\/posts"}],"about":[{"href":"https:\/\/radiorevelacionfm.cl\/index.php?rest_route=\/wp\/v2\/types\/post"}],"author":[{"embeddable":true,"href":"https:\/\/radiorevelacionfm.cl\/index.php?rest_route=\/wp\/v2\/users\/1"}],"replies":[{"embeddable":true,"href":"https:\/\/radiorevelacionfm.cl\/index.php?rest_route=%2Fwp%2Fv2%2Fcomments&post=51567"}],"version-history":[{"count":1,"href":"https:\/\/radiorevelacionfm.cl\/index.php?rest_route=\/wp\/v2\/posts\/51567\/revisions"}],"predecessor-version":[{"id":51569,"href":"https:\/\/radiorevelacionfm.cl\/index.php?rest_route=\/wp\/v2\/posts\/51567\/revisions\/51569"}],"wp:featuredmedia":[{"embeddable":true,"href":"https:\/\/radiorevelacionfm.cl\/index.php?rest_route=\/wp\/v2\/media\/51568"}],"wp:attachment":[{"href":"https:\/\/radiorevelacionfm.cl\/index.php?rest_route=%2Fwp%2Fv2%2Fmedia&parent=51567"}],"wp:term":[{"taxonomy":"category","embeddable":true,"href":"https:\/\/radiorevelacionfm.cl\/index.php?rest_route=%2Fwp%2Fv2%2Fcategories&post=51567"},{"taxonomy":"post_tag","embeddable":true,"href":"https:\/\/radiorevelacionfm.cl\/index.php?rest_route=%2Fwp%2Fv2%2Ftags&post=51567"}],"curies":[{"name":"wp","href":"https:\/\/api.w.org\/{rel}","templated":true}]}}