{"id":51565,"date":"2025-03-19T11:06:18","date_gmt":"2025-03-19T14:06:18","guid":{"rendered":"https:\/\/radiorevelacionfm.cl\/?p=51565"},"modified":"2025-03-19T11:06:18","modified_gmt":"2025-03-19T14:06:18","slug":"aysen-avanza-hacia-la-equidad-educativa-con-la-entrega-de-mas-de-17-mil-sets-del-programa-de-utiles-escolares","status":"publish","type":"post","link":"https:\/\/radiorevelacionfm.cl\/?p=51565","title":{"rendered":"Ays\u00e9n avanza hacia la equidad educativa con la entrega de m\u00e1s de 17 mil sets del Programa de \u00datiles Escolares"},"content":{"rendered":"<div class=\"flex_column av_one_full  flex_column_div av-zero-column-padding first  avia-builder-el-0  el_before_av_one_full  avia-builder-el-first  \" style='border-radius:0px; '><div  class='avia-image-container  av-styling-    avia-builder-el-1  avia-builder-el-no-sibling  avia-align-center '  itemprop=\"image\" itemscope=\"itemscope\" itemtype=\"https:\/\/schema.org\/ImageObject\"  ><div class='avia-image-container-inner'><div class='avia-image-overlay-wrap'><img decoding=\"async\" class='wp-image-51455 avia-img-lazy-loading-not-51455 avia_image' src=\"https:\/\/radiorevelacionfm.cl\/wp-content\/uploads\/2025\/03\/pues-aysEn-general-1_optimized.jpeg\" alt='' title='pues-ays\u00c9n-general-(1)_optimized' height=\"600\" width=\"800\"  itemprop=\"thumbnailUrl\" srcset=\"https:\/\/radiorevelacionfm.cl\/wp-content\/uploads\/2025\/03\/pues-aysEn-general-1_optimized.jpeg 800w, https:\/\/radiorevelacionfm.cl\/wp-content\/uploads\/2025\/03\/pues-aysEn-general-1_optimized-300x225.jpeg 300w, https:\/\/radiorevelacionfm.cl\/wp-content\/uploads\/2025\/03\/pues-aysEn-general-1_optimized-768x576.jpeg 768w, https:\/\/radiorevelacionfm.cl\/wp-content\/uploads\/2025\/03\/pues-aysEn-general-1_optimized-705x529.jpeg 705w, https:\/\/radiorevelacionfm.cl\/wp-content\/uploads\/2025\/03\/pues-aysEn-general-1_optimized-450x338.jpeg 450w, https:\/\/radiorevelacionfm.cl\/wp-content\/uploads\/2025\/03\/pues-aysEn-general-1_optimized-600x450.jpeg 600w\" sizes=\"(max-width: 800px) 100vw, 800px\" \/><\/div><\/div><\/div><\/div><div class=\"flex_column av_one_full  flex_column_div av-zero-column-padding first  avia-builder-el-2  el_after_av_one_full  el_before_av_one_full  column-top-margin\" style='border-radius:0px; '><section class=\"av_textblock_section \"  itemscope=\"itemscope\" itemtype=\"https:\/\/schema.org\/BlogPosting\" itemprop=\"blogPost\" ><div class='avia_textblock  '   itemprop=\"text\" ><p style=\"text-align: center;\"><strong><span style=\"font-size: 18pt;\">Ays\u00e9n avanza hacia la equidad educativa con la entrega de m\u00e1s de 17 mil sets del Programa de \u00datiles Escolares<\/span><\/strong><\/p>\n<div id=\"gtx-trans\" style=\"position: absolute; left: -50px; top: 4.31534px;\">\n<div class=\"gtx-trans-icon\"><\/div>\n<\/div>\n<\/div><\/section><\/div><div class=\"flex_column av_one_full  flex_column_div av-zero-column-padding first  avia-builder-el-4  el_after_av_one_full  el_before_av_hr  column-top-margin\" style='border-radius:0px; '><section class=\"av_textblock_section \"  itemscope=\"itemscope\" itemtype=\"https:\/\/schema.org\/BlogPosting\" itemprop=\"blogPost\" ><div class='avia_textblock  '   itemprop=\"text\" ><p style=\"text-align: justify;\">El Programa de \u00datiles Escolares (PUE) de Junaeb es una destacada iniciativa que contribuye al desarrollo educativo de los estudiantes. A trav\u00e9s de este programa, se entregan \u00fatiles diferenciados seg\u00fan el nivel educacional, lo que facilita el acceso y el avance en el sistema escolar, mejorando considerablemente el desempe\u00f1o acad\u00e9mico de los estudiantes.<\/p>\n<p style=\"text-align: justify;\">Con una inversi\u00f3n de $10.231 millones, el PUE distribuir\u00e1 m\u00e1s de 2.166.735 sets a nivel nacional. En nuestra regi\u00f3n, ser\u00e1n beneficiados 17.230 estudiantes con sets adaptados a los niveles de educaci\u00f3n parvularia, b\u00e1sica, media y de adultos.<\/p>\n<p style=\"text-align: justify;\">Los sets incluyen cuadernos universitarios, cajas de l\u00e1pices de colores, reglas, gomas de borrar, sacapuntas, entre otros materiales. Cada set est\u00e1 adaptado seg\u00fan el ciclo educacional correspondiente. En el caso de los cuadernos, incluyen contenidos educativos como tips sobre vida saludable, educaci\u00f3n vial, colaciones saludables, claves para la actividad f\u00edsica, autocuidado, salud mental y salud visual, entre otros temas.<\/p>\n<p style=\"text-align: justify;\">El proceso de distribuci\u00f3n en la regi\u00f3n comenz\u00f3 el 24 de febrero y se extender\u00e1 hasta mediados de marzo. Actualmente, ya se ha entregado el 100% de los sets a los establecimientos educativos, y m\u00e1s del 70% de los materiales ha llegado directamente a los estudiantes.<\/p>\n<p style=\"text-align: justify;\">\u201cCon el inicio de la entrega de manera oportuna y eficiente del Programa de \u00datiles Escolares, buscamos no solo fortalecer el acceso y permanencia en el sistema educativo, sino tambi\u00e9n aliviar la carga econ\u00f3mica de las familias, asegurando que cada estudiante comience el a\u00f1o escolar en igualdad de condiciones. Esto cobra especial relevancia en la regi\u00f3n de Ays\u00e9n, que enfrenta particulares condiciones de aislamiento\u201d, se\u00f1al\u00f3 el Director Regional, Manuel Vivar, quien tambi\u00e9n destac\u00f3 que este beneficio no requiere postulaci\u00f3n y ser\u00e1 entregado al 100% de los establecimientos p\u00fablicos y de forma focalizada en los particulares subvencionados.<\/p>\n<p style=\"text-align: justify;\">Finalmente, la Seremi de Gobierno, \u00darsula Mix, subray\u00f3 que \u201ceste importante aporte representa un avance hacia la equidad territorial, beneficiando directamente a los estudiantes de distintos ciclos educativos de nuestra regi\u00f3n, quienes hist\u00f3ricamente han enfrentado brechas significativas en comparaci\u00f3n con sus pares de otras zonas del pa\u00eds. Este esfuerzo no solo impacta positivamente a las familias de los estudiantes, sino que tambi\u00e9n fortalece todo el sistema educativo regional\u201d.<\/p>\n<\/div><\/section><\/div><div  style='height:50px' class='hr hr-invisible   avia-builder-el-6  el_after_av_one_full  el_before_av_social_share '><span class='hr-inner ' ><span class='hr-inner-style'><\/span><\/span><\/div><\/p>\n<div  class='av-social-sharing-box  avia-builder-el-7  el_after_av_hr  el_before_av_hr  '><div class='av-share-box'><h5 class='av-share-link-description av-no-toc '>Compartir esta noticia<\/h5><ul class='av-share-box-list noLightbox'><li class='av-share-link av-social-link-facebook' ><a target=\"_blank\" aria-label=\"Compartir en Facebook\" href='https:\/\/www.facebook.com\/sharer.php?u=https:\/\/radiorevelacionfm.cl\/?p=51565&#038;t=Ays%C3%A9n%20avanza%20hacia%20la%20equidad%20educativa%20con%20la%20entrega%20de%20m%C3%A1s%20de%2017%20mil%20sets%20del%20Programa%20de%20%C3%9Atiles%20Escolares' aria-hidden='false' data-av_icon='\ue8f3' data-av_iconfont='entypo-fontello' title='' data-avia-related-tooltip='Compartir en Facebook' rel=\"noopener\"><span class='avia_hidden_link_text'>Compartir en Facebook<\/span><\/a><\/li><li class='av-share-link av-social-link-twitter' ><a target=\"_blank\" aria-label=\"Compartir en Twitter\" href='https:\/\/twitter.com\/share?text=Ays%C3%A9n%20avanza%20hacia%20la%20equidad%20educativa%20con%20la%20entrega%20de%20m%C3%A1s%20de%2017%20mil%20sets%20del%20Programa%20de%20%C3%9Atiles%20Escolares&#038;url=https:\/\/radiorevelacionfm.cl\/?p=51565' aria-hidden='false' data-av_icon='\ue8f1' data-av_iconfont='entypo-fontello' title='' data-avia-related-tooltip='Compartir en Twitter' rel=\"noopener\"><span class='avia_hidden_link_text'>Compartir en Twitter<\/span><\/a><\/li><li class='av-share-link av-social-link-whatsapp' ><a target=\"_blank\" aria-label=\"Compartir en Whatsapp\" href='https:\/\/api.whatsapp.com\/send?text=https:\/\/radiorevelacionfm.cl\/?p=51565' aria-hidden='false' data-av_icon='\uf232' data-av_iconfont='entypo-fontello' title='' data-avia-related-tooltip='Compartir en Whatsapp' rel=\"noopener\"><span class='avia_hidden_link_text'>Compartir en Whatsapp<\/span><\/a><\/li><li class='av-share-link av-social-link-linkedin' ><a target=\"_blank\" aria-label=\"Compartir en LinkedIn\" href='https:\/\/linkedin.com\/shareArticle?mini=true&#038;title=Ays%C3%A9n%20avanza%20hacia%20la%20equidad%20educativa%20con%20la%20entrega%20de%20m%C3%A1s%20de%2017%20mil%20sets%20del%20Programa%20de%20%C3%9Atiles%20Escolares&#038;url=https:\/\/radiorevelacionfm.cl\/?p=51565' aria-hidden='false' data-av_icon='\ue8fc' data-av_iconfont='entypo-fontello' title='' data-avia-related-tooltip='Compartir en LinkedIn' rel=\"noopener\"><span class='avia_hidden_link_text'>Compartir en LinkedIn<\/span><\/a><\/li><li class='av-share-link av-social-link-mail' ><a  aria-label=\"Compartir por correo\" href='mailto:?subject=Ays%C3%A9n%20avanza%20hacia%20la%20equidad%20educativa%20con%20la%20entrega%20de%20m%C3%A1s%20de%2017%20mil%20sets%20del%20Programa%20de%20%C3%9Atiles%20Escolares&#038;body=https:\/\/radiorevelacionfm.cl\/?p=51565' aria-hidden='false' data-av_icon='\ue805' data-av_iconfont='entypo-fontello' title='' data-avia-related-tooltip='Compartir por correo'><span class='avia_hidden_link_text'>Compartir por correo<\/span><\/a><\/li><\/ul><\/div><\/div>\n<div  style='height:50px' class='hr hr-invisible   avia-builder-el-8  el_after_av_social_share  el_before_av_comments_list '><span class='hr-inner ' ><span class='hr-inner-style'><\/span><\/span><\/div>\n<div  class='av-buildercomment  av-blog-meta-html-info-disabled av-blog-meta-tag-disabled  '><\/div>\n","protected":false},"excerpt":{"rendered":"","protected":false},"author":1,"featured_media":51455,"comment_status":"open","ping_status":"open","sticky":false,"template":"","format":"standard","meta":{"footnotes":""},"categories":[38],"tags":[],"class_list":["post-51565","post","type-post","status-publish","format-standard","has-post-thumbnail","hentry","category-regional"],"jetpack_featured_media_url":"https:\/\/radiorevelacionfm.cl\/wp-content\/uploads\/2025\/03\/pues-aysEn-general-1_optimized.jpeg","_links":{"self":[{"href":"https:\/\/radiorevelacionfm.cl\/index.php?rest_route=\/wp\/v2\/posts\/51565","targetHints":{"allow":["GET"]}}],"collection":[{"href":"https:\/\/radiorevelacionfm.cl\/index.php?rest_route=\/wp\/v2\/posts"}],"about":[{"href":"https:\/\/radiorevelacionfm.cl\/index.php?rest_route=\/wp\/v2\/types\/post"}],"author":[{"embeddable":true,"href":"https:\/\/radiorevelacionfm.cl\/index.php?rest_route=\/wp\/v2\/users\/1"}],"replies":[{"embeddable":true,"href":"https:\/\/radiorevelacionfm.cl\/index.php?rest_route=%2Fwp%2Fv2%2Fcomments&post=51565"}],"version-history":[{"count":1,"href":"https:\/\/radiorevelacionfm.cl\/index.php?rest_route=\/wp\/v2\/posts\/51565\/revisions"}],"predecessor-version":[{"id":51566,"href":"https:\/\/radiorevelacionfm.cl\/index.php?rest_route=\/wp\/v2\/posts\/51565\/revisions\/51566"}],"wp:featuredmedia":[{"embeddable":true,"href":"https:\/\/radiorevelacionfm.cl\/index.php?rest_route=\/wp\/v2\/media\/51455"}],"wp:attachment":[{"href":"https:\/\/radiorevelacionfm.cl\/index.php?rest_route=%2Fwp%2Fv2%2Fmedia&parent=51565"}],"wp:term":[{"taxonomy":"category","embeddable":true,"href":"https:\/\/radiorevelacionfm.cl\/index.php?rest_route=%2Fwp%2Fv2%2Fcategories&post=51565"},{"taxonomy":"post_tag","embeddable":true,"href":"https:\/\/radiorevelacionfm.cl\/index.php?rest_route=%2Fwp%2Fv2%2Ftags&post=51565"}],"curies":[{"name":"wp","href":"https:\/\/api.w.org\/{rel}","templated":true}]}}