{"id":51562,"date":"2025-03-18T18:33:59","date_gmt":"2025-03-18T21:33:59","guid":{"rendered":"https:\/\/radiorevelacionfm.cl\/?p=51562"},"modified":"2025-03-18T18:33:59","modified_gmt":"2025-03-18T21:33:59","slug":"con-nueva-aeronave-servicio-de-conectividad-aerea-hacia-villa-ohiggins-retoma-operaciones-la-proxima-semana","status":"publish","type":"post","link":"https:\/\/radiorevelacionfm.cl\/?p=51562","title":{"rendered":"Con nueva aeronave, servicio de conectividad a\u00e9rea hacia Villa O\u00b4Higgins retoma operaciones la pr\u00f3xima semana"},"content":{"rendered":"<div class=\"flex_column av_one_full  flex_column_div av-zero-column-padding first  avia-builder-el-0  el_before_av_one_full  avia-builder-el-first  \" style='border-radius:0px; '><div  class='avia-image-container  av-styling-    avia-builder-el-1  avia-builder-el-no-sibling  avia-align-center '  itemprop=\"image\" itemscope=\"itemscope\" itemtype=\"https:\/\/schema.org\/ImageObject\"  ><div class='avia-image-container-inner'><div class='avia-image-overlay-wrap'><img decoding=\"async\" class='wp-image-51563 avia-img-lazy-loading-not-51563 avia_image' src=\"https:\/\/radiorevelacionfm.cl\/wp-content\/uploads\/2025\/03\/CONECTIVIDAD-AEREA-1-1.jpeg\" alt='' title='CONECTIVIDAD A\u00c9REA (1) (1)' height=\"600\" width=\"1067\"  itemprop=\"thumbnailUrl\" srcset=\"https:\/\/radiorevelacionfm.cl\/wp-content\/uploads\/2025\/03\/CONECTIVIDAD-AEREA-1-1.jpeg 1067w, https:\/\/radiorevelacionfm.cl\/wp-content\/uploads\/2025\/03\/CONECTIVIDAD-AEREA-1-1-300x169.jpeg 300w, https:\/\/radiorevelacionfm.cl\/wp-content\/uploads\/2025\/03\/CONECTIVIDAD-AEREA-1-1-1030x579.jpeg 1030w, https:\/\/radiorevelacionfm.cl\/wp-content\/uploads\/2025\/03\/CONECTIVIDAD-AEREA-1-1-768x432.jpeg 768w, https:\/\/radiorevelacionfm.cl\/wp-content\/uploads\/2025\/03\/CONECTIVIDAD-AEREA-1-1-705x396.jpeg 705w, https:\/\/radiorevelacionfm.cl\/wp-content\/uploads\/2025\/03\/CONECTIVIDAD-AEREA-1-1-450x253.jpeg 450w, https:\/\/radiorevelacionfm.cl\/wp-content\/uploads\/2025\/03\/CONECTIVIDAD-AEREA-1-1-600x337.jpeg 600w\" sizes=\"(max-width: 1067px) 100vw, 1067px\" \/><\/div><\/div><\/div><\/div><div class=\"flex_column av_one_full  flex_column_div av-zero-column-padding first  avia-builder-el-2  el_after_av_one_full  el_before_av_one_full  column-top-margin\" style='border-radius:0px; '><section class=\"av_textblock_section \"  itemscope=\"itemscope\" itemtype=\"https:\/\/schema.org\/BlogPosting\" itemprop=\"blogPost\" ><div class='avia_textblock  '   itemprop=\"text\" ><p style=\"text-align: center;\"><strong><span style=\"font-size: 18pt;\">Con nueva aeronave, servicio de conectividad a\u00e9rea hacia Villa O\u00b4Higgins retoma operaciones la pr\u00f3xima semana<\/span><\/strong><\/p>\n<div id=\"gtx-trans\" style=\"position: absolute; left: -50px; top: 4.31534px;\">\n<div class=\"gtx-trans-icon\"><\/div>\n<\/div>\n<\/div><\/section><\/div><div class=\"flex_column av_one_full  flex_column_div av-zero-column-padding first  avia-builder-el-4  el_after_av_one_full  el_before_av_hr  column-top-margin\" style='border-radius:0px; '><section class=\"av_textblock_section \"  itemscope=\"itemscope\" itemtype=\"https:\/\/schema.org\/BlogPosting\" itemprop=\"blogPost\" ><div class='avia_textblock  '   itemprop=\"text\" ><p style=\"font-weight: 400; text-align: justify;\"><em>Luego de un proceso administrativo que se prolong\u00f3 por razones de mercado, la conectividad a\u00e9rea, subvencionada por el ministerio de Transportes y Telecomunicaciones (MTT), reiniciar\u00e1 sus operaciones hacia el extremo sur de Ays\u00e9n.<\/em><\/p>\n<p style=\"font-weight: 400; text-align: justify;\">El servicio de conectividad a\u00e9rea hacia Villa O\u00b4Higgins se retomar\u00e1 a partir de la pr\u00f3xima semana para tranquilidad de los usuarios de esta aislada localidad de la Regi\u00f3n de Ays\u00e9n. La seremiTT Ays\u00e9n a trav\u00e9s de la Divisi\u00f3n de Transporte P\u00fablico Regional del MTT, se encuentra en etapa de adjudicaci\u00f3n del mismo, luego de haber efectuado tres llamados a licitaciones p\u00fablicas, los que fueron declarados desiertos. Cabe se\u00f1alar, que para aumentar la cobertura de este recorrido, se pretend\u00eda aumentar las frecuencias de la ruta a\u00e9rea, pasando de dos frecuencias semanales a tres.<\/p>\n<p style=\"font-weight: 400; text-align: justify;\">Seg\u00fan aclar\u00f3 el seremi de Transportes Hans Zimmerman: \u201cello no fue posible por cuestiones de mercado, ya que las distintas empresas a\u00e9reas que operan en este segmento de servicios nos manifestaron la imposibilidad de poder cumplir con esos requerimientos. Por lo que nos vimos la obligaci\u00f3n, luego de haberse declarado desiertos tres procesos de licitaci\u00f3n, de levantar un llamado a trato directo, el cual ya se encuentra en adjudicaci\u00f3n. Por lo tanto el servicio se retomar\u00eda a partir de la pr\u00f3xima semana\u201d.<\/p>\n<p style=\"font-weight: 400; text-align: justify;\">A pesar de que se mantendr\u00e1n las dos frecuencias semanales, el trato directo contempla otras mejoras al servicio, en especial en lo que concierne a la aeronave, de mayor est\u00e1ndar, con cabina presurizada. Esta condici\u00f3n permite vuelos a mayor altura, lo cual mejora el confort en el viaje al disminuir las turbulencias caracter\u00edsticas de la ruta y otras situaciones que afectan la navegaci\u00f3n a\u00e9rea ante condiciones clim\u00e1ticas adversas. Esto tambi\u00e9n viene a responder a una demanda que se ven\u00eda planteando desde la comunidad y que se responde como ministerio.<\/p>\n<p style=\"font-weight: 400; text-align: justify;\">La autoridad de Transportes fue enf\u00e1tico al se\u00f1alar que la continuidad del servicio jam\u00e1s se ha puesto en duda, dada la importancia crucial que tiene para los habitantes de una de las zonas m\u00e1s extremas de Ays\u00e9n. \u201cEs una imprecisi\u00f3n hablar de reposici\u00f3n, porque la verdad es que nunca ha estado en duda permanencia de este servicio. S\u00ed se ha visto interrumpido a prop\u00f3sito de estas cuestiones que son contractuales, y que responden a cuestiones de mercado y de los propios operadores que tengan la capacidad de prestar el servicio\u201d, concluy\u00f3 Zimmermann.<\/p>\n<p style=\"text-align: justify;\"><span style=\"font-weight: 400;\">Esta respuesta del ministerio de Transportes y Telecomunicaciones, se enmarca en una serie de otras mejoras en cuanto a subsidios de movilidad en diferentes modos que conectan la provincia de Capit\u00e1n Prat. Entre ellas destacan medidas como la nave adicional que presta servicios al Fiordo Mitchell, beneficiando directamente a los habitantes de Villa O\u00b4Higgins, aumentando las posibilidad de viaje tanto para pasajeros como para carga.\u00a0 Tambi\u00e9n se implementaron aumentos de frecuencias en la ruta del servicio mar\u00edtimo Ays\u00e9n \u2013 Magallanes, en su ruta Puerto Yungay \u2013 Caleta Tortel \u2013 Puerto Ed\u00e9n \u2013 Puerto Natales. llegando a tener hasta 5 frecuencias mensuales en temporada alta (anteriormente eran 4) y extendiendo la misma desde el mes de noviembre hasta marzo (temporada alta previa era desde diciembre hasta febrero). Estas medidas seg\u00fan Zimmermann \u201cson muestras ciertas del compromiso que hemos asumido como Gobierno con reforzar la conectividad, particularmente en las zonas aisladas de nuestra regi\u00f3n\u201d.<\/span><\/p>\n<\/div><\/section><\/div><div  style='height:50px' class='hr hr-invisible   avia-builder-el-6  el_after_av_one_full  el_before_av_social_share '><span class='hr-inner ' ><span class='hr-inner-style'><\/span><\/span><\/div><\/p>\n<div  class='av-social-sharing-box  avia-builder-el-7  el_after_av_hr  el_before_av_hr  '><div class='av-share-box'><h5 class='av-share-link-description av-no-toc '>Compartir esta noticia<\/h5><ul class='av-share-box-list noLightbox'><li class='av-share-link av-social-link-facebook' ><a target=\"_blank\" aria-label=\"Compartir en Facebook\" href='https:\/\/www.facebook.com\/sharer.php?u=https:\/\/radiorevelacionfm.cl\/?p=51562&#038;t=Con%20nueva%20aeronave%2C%20servicio%20de%20conectividad%20a%C3%A9rea%20hacia%20Villa%20O%C2%B4Higgins%20retoma%20operaciones%20la%20pr%C3%B3xima%20semana' aria-hidden='false' data-av_icon='\ue8f3' data-av_iconfont='entypo-fontello' title='' data-avia-related-tooltip='Compartir en Facebook' rel=\"noopener\"><span class='avia_hidden_link_text'>Compartir en Facebook<\/span><\/a><\/li><li class='av-share-link av-social-link-twitter' ><a target=\"_blank\" aria-label=\"Compartir en Twitter\" href='https:\/\/twitter.com\/share?text=Con%20nueva%20aeronave%2C%20servicio%20de%20conectividad%20a%C3%A9rea%20hacia%20Villa%20O%C2%B4Higgins%20retoma%20operaciones%20la%20pr%C3%B3xima%20semana&#038;url=https:\/\/radiorevelacionfm.cl\/?p=51562' aria-hidden='false' data-av_icon='\ue8f1' data-av_iconfont='entypo-fontello' title='' data-avia-related-tooltip='Compartir en Twitter' rel=\"noopener\"><span class='avia_hidden_link_text'>Compartir en Twitter<\/span><\/a><\/li><li class='av-share-link av-social-link-whatsapp' ><a target=\"_blank\" aria-label=\"Compartir en Whatsapp\" href='https:\/\/api.whatsapp.com\/send?text=https:\/\/radiorevelacionfm.cl\/?p=51562' aria-hidden='false' data-av_icon='\uf232' data-av_iconfont='entypo-fontello' title='' data-avia-related-tooltip='Compartir en Whatsapp' rel=\"noopener\"><span class='avia_hidden_link_text'>Compartir en Whatsapp<\/span><\/a><\/li><li class='av-share-link av-social-link-linkedin' ><a target=\"_blank\" aria-label=\"Compartir en LinkedIn\" href='https:\/\/linkedin.com\/shareArticle?mini=true&#038;title=Con%20nueva%20aeronave%2C%20servicio%20de%20conectividad%20a%C3%A9rea%20hacia%20Villa%20O%C2%B4Higgins%20retoma%20operaciones%20la%20pr%C3%B3xima%20semana&#038;url=https:\/\/radiorevelacionfm.cl\/?p=51562' aria-hidden='false' data-av_icon='\ue8fc' data-av_iconfont='entypo-fontello' title='' data-avia-related-tooltip='Compartir en LinkedIn' rel=\"noopener\"><span class='avia_hidden_link_text'>Compartir en LinkedIn<\/span><\/a><\/li><li class='av-share-link av-social-link-mail' ><a  aria-label=\"Compartir por correo\" href='mailto:?subject=Con%20nueva%20aeronave%2C%20servicio%20de%20conectividad%20a%C3%A9rea%20hacia%20Villa%20O%C2%B4Higgins%20retoma%20operaciones%20la%20pr%C3%B3xima%20semana&#038;body=https:\/\/radiorevelacionfm.cl\/?p=51562' aria-hidden='false' data-av_icon='\ue805' data-av_iconfont='entypo-fontello' title='' data-avia-related-tooltip='Compartir por correo'><span class='avia_hidden_link_text'>Compartir por correo<\/span><\/a><\/li><\/ul><\/div><\/div>\n<div  style='height:50px' class='hr hr-invisible   avia-builder-el-8  el_after_av_social_share  el_before_av_comments_list '><span class='hr-inner ' ><span class='hr-inner-style'><\/span><\/span><\/div>\n<div  class='av-buildercomment  av-blog-meta-html-info-disabled av-blog-meta-tag-disabled  '><\/div>\n","protected":false},"excerpt":{"rendered":"","protected":false},"author":1,"featured_media":51563,"comment_status":"open","ping_status":"open","sticky":false,"template":"","format":"standard","meta":{"footnotes":""},"categories":[59],"tags":[],"class_list":["post-51562","post","type-post","status-publish","format-standard","has-post-thumbnail","hentry","category-transporte"],"jetpack_featured_media_url":"https:\/\/radiorevelacionfm.cl\/wp-content\/uploads\/2025\/03\/CONECTIVIDAD-AEREA-1-1.jpeg","_links":{"self":[{"href":"https:\/\/radiorevelacionfm.cl\/index.php?rest_route=\/wp\/v2\/posts\/51562","targetHints":{"allow":["GET"]}}],"collection":[{"href":"https:\/\/radiorevelacionfm.cl\/index.php?rest_route=\/wp\/v2\/posts"}],"about":[{"href":"https:\/\/radiorevelacionfm.cl\/index.php?rest_route=\/wp\/v2\/types\/post"}],"author":[{"embeddable":true,"href":"https:\/\/radiorevelacionfm.cl\/index.php?rest_route=\/wp\/v2\/users\/1"}],"replies":[{"embeddable":true,"href":"https:\/\/radiorevelacionfm.cl\/index.php?rest_route=%2Fwp%2Fv2%2Fcomments&post=51562"}],"version-history":[{"count":1,"href":"https:\/\/radiorevelacionfm.cl\/index.php?rest_route=\/wp\/v2\/posts\/51562\/revisions"}],"predecessor-version":[{"id":51564,"href":"https:\/\/radiorevelacionfm.cl\/index.php?rest_route=\/wp\/v2\/posts\/51562\/revisions\/51564"}],"wp:featuredmedia":[{"embeddable":true,"href":"https:\/\/radiorevelacionfm.cl\/index.php?rest_route=\/wp\/v2\/media\/51563"}],"wp:attachment":[{"href":"https:\/\/radiorevelacionfm.cl\/index.php?rest_route=%2Fwp%2Fv2%2Fmedia&parent=51562"}],"wp:term":[{"taxonomy":"category","embeddable":true,"href":"https:\/\/radiorevelacionfm.cl\/index.php?rest_route=%2Fwp%2Fv2%2Fcategories&post=51562"},{"taxonomy":"post_tag","embeddable":true,"href":"https:\/\/radiorevelacionfm.cl\/index.php?rest_route=%2Fwp%2Fv2%2Ftags&post=51562"}],"curies":[{"name":"wp","href":"https:\/\/api.w.org\/{rel}","templated":true}]}}