{"id":51558,"date":"2025-03-19T10:39:09","date_gmt":"2025-03-19T13:39:09","guid":{"rendered":"https:\/\/radiorevelacionfm.cl\/?p=51558"},"modified":"2025-03-19T10:39:09","modified_gmt":"2025-03-19T13:39:09","slug":"realizan-diagnostico-participativo-para-personas-con-discapacidad-en-la-comuna-de-aysen","status":"publish","type":"post","link":"https:\/\/radiorevelacionfm.cl\/?p=51558","title":{"rendered":"Realizan diagn\u00f3stico participativo para personas con discapacidad en la comuna de Ays\u00e9n"},"content":{"rendered":"<div class=\"flex_column av_one_full  flex_column_div av-zero-column-padding first  avia-builder-el-0  el_before_av_one_full  avia-builder-el-first  \" style='border-radius:0px; '><div  class='avia-image-container  av-styling-    avia-builder-el-1  avia-builder-el-no-sibling  avia-align-center '  itemprop=\"image\" itemscope=\"itemscope\" itemtype=\"https:\/\/schema.org\/ImageObject\"  ><div class='avia-image-container-inner'><div class='avia-image-overlay-wrap'><img decoding=\"async\" class='wp-image-51559 avia-img-lazy-loading-not-51559 avia_image' src=\"https:\/\/radiorevelacionfm.cl\/wp-content\/uploads\/2025\/03\/20250311_100934-1_optimized-1.jpg\" alt='' title='20250311_100934-(1)_optimized (1)' height=\"825\" width=\"803\"  itemprop=\"thumbnailUrl\" srcset=\"https:\/\/radiorevelacionfm.cl\/wp-content\/uploads\/2025\/03\/20250311_100934-1_optimized-1.jpg 803w, https:\/\/radiorevelacionfm.cl\/wp-content\/uploads\/2025\/03\/20250311_100934-1_optimized-1-292x300.jpg 292w, https:\/\/radiorevelacionfm.cl\/wp-content\/uploads\/2025\/03\/20250311_100934-1_optimized-1-768x789.jpg 768w, https:\/\/radiorevelacionfm.cl\/wp-content\/uploads\/2025\/03\/20250311_100934-1_optimized-1-36x36.jpg 36w, https:\/\/radiorevelacionfm.cl\/wp-content\/uploads\/2025\/03\/20250311_100934-1_optimized-1-686x705.jpg 686w, https:\/\/radiorevelacionfm.cl\/wp-content\/uploads\/2025\/03\/20250311_100934-1_optimized-1-450x462.jpg 450w, https:\/\/radiorevelacionfm.cl\/wp-content\/uploads\/2025\/03\/20250311_100934-1_optimized-1-600x616.jpg 600w\" sizes=\"(max-width: 803px) 100vw, 803px\" \/><\/div><\/div><\/div><\/div><div class=\"flex_column av_one_full  flex_column_div av-zero-column-padding first  avia-builder-el-2  el_after_av_one_full  el_before_av_one_full  column-top-margin\" style='border-radius:0px; '><section class=\"av_textblock_section \"  itemscope=\"itemscope\" itemtype=\"https:\/\/schema.org\/BlogPosting\" itemprop=\"blogPost\" ><div class='avia_textblock  '   itemprop=\"text\" ><p style=\"text-align: center;\"><strong><span style=\"font-size: 18pt;\">Realizan diagn\u00f3stico participativo para personas con discapacidad en la comuna de Ays\u00e9n<\/span><\/strong><\/p>\n<div id=\"gtx-trans\" style=\"position: absolute; left: -50px; top: 4.31534px;\">\n<div class=\"gtx-trans-icon\"><\/div>\n<\/div>\n<\/div><\/section><\/div><div class=\"flex_column av_one_full  flex_column_div av-zero-column-padding first  avia-builder-el-4  el_after_av_one_full  el_before_av_hr  column-top-margin\" style='border-radius:0px; '><section class=\"av_textblock_section \"  itemscope=\"itemscope\" itemtype=\"https:\/\/schema.org\/BlogPosting\" itemprop=\"blogPost\" ><div class='avia_textblock  '   itemprop=\"text\" ><p style=\"text-align: justify;\"><em>El programa de Estrategia para el Desarrollo Local Inclusivo, EDLI, realiz\u00f3 dos jornadas para captar las necesidades de la poblaci\u00f3n con discapacidad, tanto en materia social, como en tema de la movilidad aut\u00f3noma.<\/em><\/p>\n<p style=\"text-align: justify;\">Despu\u00e9s de aproximadamente nueve a\u00f1os desde el primer EDLI realizado en la comuna de Ays\u00e9n, nuevamente se retoma un programa, ejecutado por el municipio y financiado por SENADIS, para generar un proceso de inclusi\u00f3n social de las personas con discapacidad, sus familias y organizaciones, a trav\u00e9s de una oferta multiprogram\u00e1tica; en la cual su primer acercamiento con la comunidad fue este Diagn\u00f3stico Participativo.<\/p>\n<p style=\"text-align: justify;\">Esta actividad se dividi\u00f3 en dos partes, la primera fue en la Casa de la Cultura, instancia en la que tambi\u00e9n se aprovech\u00f3 de hacer el lanzamiento de este nuevo programa, para luego comenzar a separar a los invitados de la jornada en cinco mesas, para que los grupos puedan responder algunas preguntas acerca de las dificultades que existen para las personas con discapacidad en la ciudad, al igual que se indic\u00f3 las fortalezas y debilidades de la municipalidad en esta tem\u00e1tica.<\/p>\n<p style=\"text-align: justify;\">La coordinadora del programa EDLI, Vannia Saavedra, explica que \u201cla importancia de la actividad es poder levantar las necesidades que tienen las personas con discapacidad, sus familiares, cuidadores y tambi\u00e9n otras organizaciones, para poder mejorar el trabajo realizado por el municipio y enfocado en la inclusi\u00f3n. En esta actividad participaron agrupaciones de personas con discapacidad y representantes de diferentes entes como el SLEP, el Hospital o el CESFAM. Lo relevante que tiene esto, es poder comenzar a hacer un trabajo en red con las otras instituciones\u201d.<\/p>\n<p style=\"text-align: justify;\">Por \u00faltimo, los grupos conversaron sobre distintos temas con relaci\u00f3n a la discapacidad, como la salud, autonom\u00eda, dependencia, educaci\u00f3n, rehabilitaci\u00f3n infantil, cultura, deporte, recreaci\u00f3n, promoci\u00f3n de los derechos, acceso a la justicia, participaci\u00f3n social, inclusi\u00f3n laboral y accesibilidad universal. Las conclusiones se expusieron ante todos los presentes y fueron recepcionadas por las funcionarias EDLI.<\/p>\n<p style=\"text-align: justify;\">Alejandra Ojeda, presidenta de la Agrupaci\u00f3n de Ciegos y Baja Visi\u00f3n \u201cVisi\u00f3n de futuro\u201d, comenta que \u201ces el primer conversatorio inclusivo que recuerde, donde la gente que tiene discapacidad, hemos podido hablar de nuestras necesidades y plantear nuestros problemas. As\u00ed que ha sido muy beneficioso y esperamos que logremos sacar cosas concretas de esto\u201d.<\/p>\n<p style=\"text-align: justify;\">La segunda parte del diagn\u00f3stico se realiz\u00f3 d\u00edas despu\u00e9s con el \u201cMapeo y cartograf\u00eda\u201d, momento en que personas con movilidad reducida, o con alg\u00fan tipo de dificultad para trasladarse en su localidad, pueda expresar estas en un plano detallado de la ciudad. Una instancia que, al igual que la primera, se realiz\u00f3 de manera paralela en Villa Ma\u00f1ihuales e Isla Las Huichas.<\/p>\n<p style=\"text-align: justify;\">Gladys Z\u00fa\u00f1iga, directora del Centro Rehabilita, expresa que \u201cestas instancias son s\u00faper importante, ya que se visibilizan las barreras que tenemos dentro de la ciudad y podemos avanzar a partir de esto. El foco que nosotros tenemos en las personas en situaci\u00f3n de discapacidad, desde ni\u00f1os hasta adultos mayores, abarca un sinn\u00famero de cosas en las que tenemos que mejorar, entonces, estas instancias son ideales para que se puedan agrupar las organizaciones y poder tener un conversatorio real que derive en productos concretos\u201d.<\/p>\n<p style=\"text-align: justify;\"><em>\u00a0<\/em><\/p>\n<\/div><\/section><\/div><div  style='height:50px' class='hr hr-invisible   avia-builder-el-6  el_after_av_one_full  el_before_av_social_share '><span class='hr-inner ' ><span class='hr-inner-style'><\/span><\/span><\/div><\/p>\n<div  class='av-social-sharing-box  avia-builder-el-7  el_after_av_hr  el_before_av_hr  '><div class='av-share-box'><h5 class='av-share-link-description av-no-toc '>Compartir esta noticia<\/h5><ul class='av-share-box-list noLightbox'><li class='av-share-link av-social-link-facebook' ><a target=\"_blank\" aria-label=\"Compartir en Facebook\" href='https:\/\/www.facebook.com\/sharer.php?u=https:\/\/radiorevelacionfm.cl\/?p=51558&#038;t=Realizan%20diagn%C3%B3stico%20participativo%20para%20personas%20con%20discapacidad%20en%20la%20comuna%20de%20Ays%C3%A9n' aria-hidden='false' data-av_icon='\ue8f3' data-av_iconfont='entypo-fontello' title='' data-avia-related-tooltip='Compartir en Facebook' rel=\"noopener\"><span class='avia_hidden_link_text'>Compartir en Facebook<\/span><\/a><\/li><li class='av-share-link av-social-link-twitter' ><a target=\"_blank\" aria-label=\"Compartir en Twitter\" href='https:\/\/twitter.com\/share?text=Realizan%20diagn%C3%B3stico%20participativo%20para%20personas%20con%20discapacidad%20en%20la%20comuna%20de%20Ays%C3%A9n&#038;url=https:\/\/radiorevelacionfm.cl\/?p=51558' aria-hidden='false' data-av_icon='\ue8f1' data-av_iconfont='entypo-fontello' title='' data-avia-related-tooltip='Compartir en Twitter' rel=\"noopener\"><span class='avia_hidden_link_text'>Compartir en Twitter<\/span><\/a><\/li><li class='av-share-link av-social-link-whatsapp' ><a target=\"_blank\" aria-label=\"Compartir en Whatsapp\" href='https:\/\/api.whatsapp.com\/send?text=https:\/\/radiorevelacionfm.cl\/?p=51558' aria-hidden='false' data-av_icon='\uf232' data-av_iconfont='entypo-fontello' title='' data-avia-related-tooltip='Compartir en Whatsapp' rel=\"noopener\"><span class='avia_hidden_link_text'>Compartir en Whatsapp<\/span><\/a><\/li><li class='av-share-link av-social-link-linkedin' ><a target=\"_blank\" aria-label=\"Compartir en LinkedIn\" href='https:\/\/linkedin.com\/shareArticle?mini=true&#038;title=Realizan%20diagn%C3%B3stico%20participativo%20para%20personas%20con%20discapacidad%20en%20la%20comuna%20de%20Ays%C3%A9n&#038;url=https:\/\/radiorevelacionfm.cl\/?p=51558' aria-hidden='false' data-av_icon='\ue8fc' data-av_iconfont='entypo-fontello' title='' data-avia-related-tooltip='Compartir en LinkedIn' rel=\"noopener\"><span class='avia_hidden_link_text'>Compartir en LinkedIn<\/span><\/a><\/li><li class='av-share-link av-social-link-mail' ><a  aria-label=\"Compartir por correo\" href='mailto:?subject=Realizan%20diagn%C3%B3stico%20participativo%20para%20personas%20con%20discapacidad%20en%20la%20comuna%20de%20Ays%C3%A9n&#038;body=https:\/\/radiorevelacionfm.cl\/?p=51558' aria-hidden='false' data-av_icon='\ue805' data-av_iconfont='entypo-fontello' title='' data-avia-related-tooltip='Compartir por correo'><span class='avia_hidden_link_text'>Compartir por correo<\/span><\/a><\/li><\/ul><\/div><\/div>\n<div  style='height:50px' class='hr hr-invisible   avia-builder-el-8  el_after_av_social_share  el_before_av_comments_list '><span class='hr-inner ' ><span class='hr-inner-style'><\/span><\/span><\/div>\n<div  class='av-buildercomment  av-blog-meta-html-info-disabled av-blog-meta-tag-disabled  '><\/div>\n","protected":false},"excerpt":{"rendered":"","protected":false},"author":1,"featured_media":51559,"comment_status":"open","ping_status":"open","sticky":false,"template":"","format":"standard","meta":{"footnotes":""},"categories":[38],"tags":[],"class_list":["post-51558","post","type-post","status-publish","format-standard","has-post-thumbnail","hentry","category-regional"],"jetpack_featured_media_url":"https:\/\/radiorevelacionfm.cl\/wp-content\/uploads\/2025\/03\/20250311_100934-1_optimized-1.jpg","_links":{"self":[{"href":"https:\/\/radiorevelacionfm.cl\/index.php?rest_route=\/wp\/v2\/posts\/51558","targetHints":{"allow":["GET"]}}],"collection":[{"href":"https:\/\/radiorevelacionfm.cl\/index.php?rest_route=\/wp\/v2\/posts"}],"about":[{"href":"https:\/\/radiorevelacionfm.cl\/index.php?rest_route=\/wp\/v2\/types\/post"}],"author":[{"embeddable":true,"href":"https:\/\/radiorevelacionfm.cl\/index.php?rest_route=\/wp\/v2\/users\/1"}],"replies":[{"embeddable":true,"href":"https:\/\/radiorevelacionfm.cl\/index.php?rest_route=%2Fwp%2Fv2%2Fcomments&post=51558"}],"version-history":[{"count":1,"href":"https:\/\/radiorevelacionfm.cl\/index.php?rest_route=\/wp\/v2\/posts\/51558\/revisions"}],"predecessor-version":[{"id":51560,"href":"https:\/\/radiorevelacionfm.cl\/index.php?rest_route=\/wp\/v2\/posts\/51558\/revisions\/51560"}],"wp:featuredmedia":[{"embeddable":true,"href":"https:\/\/radiorevelacionfm.cl\/index.php?rest_route=\/wp\/v2\/media\/51559"}],"wp:attachment":[{"href":"https:\/\/radiorevelacionfm.cl\/index.php?rest_route=%2Fwp%2Fv2%2Fmedia&parent=51558"}],"wp:term":[{"taxonomy":"category","embeddable":true,"href":"https:\/\/radiorevelacionfm.cl\/index.php?rest_route=%2Fwp%2Fv2%2Fcategories&post=51558"},{"taxonomy":"post_tag","embeddable":true,"href":"https:\/\/radiorevelacionfm.cl\/index.php?rest_route=%2Fwp%2Fv2%2Ftags&post=51558"}],"curies":[{"name":"wp","href":"https:\/\/api.w.org\/{rel}","templated":true}]}}