{"id":51555,"date":"2025-03-18T21:19:41","date_gmt":"2025-03-19T00:19:41","guid":{"rendered":"https:\/\/radiorevelacionfm.cl\/?p=51555"},"modified":"2025-03-18T21:19:41","modified_gmt":"2025-03-19T00:19:41","slug":"servicio-de-salud-aysen-presenta-nuevo-cardiologo-a-la-region","status":"publish","type":"post","link":"https:\/\/radiorevelacionfm.cl\/?p=51555","title":{"rendered":"Servicio de Salud Ays\u00e9n presenta nuevo cardi\u00f3logo a la regi\u00f3n"},"content":{"rendered":"<div class=\"flex_column av_one_full  flex_column_div av-zero-column-padding first  avia-builder-el-0  el_before_av_one_full  avia-builder-el-first  \" style='border-radius:0px; '><div  class='avia-image-container  av-styling-    avia-builder-el-1  avia-builder-el-no-sibling  avia-align-center '  itemprop=\"image\" itemscope=\"itemscope\" itemtype=\"https:\/\/schema.org\/ImageObject\"  ><div class='avia-image-container-inner'><div class='avia-image-overlay-wrap'><img decoding=\"async\" class='wp-image-51556 avia-img-lazy-loading-not-51556 avia_image' src=\"https:\/\/radiorevelacionfm.cl\/wp-content\/uploads\/2025\/03\/cardiologo3-1-1.jpg\" alt='' title='cardi\u00f3logo3 (1) (1)' height=\"600\" width=\"800\"  itemprop=\"thumbnailUrl\" srcset=\"https:\/\/radiorevelacionfm.cl\/wp-content\/uploads\/2025\/03\/cardiologo3-1-1.jpg 800w, https:\/\/radiorevelacionfm.cl\/wp-content\/uploads\/2025\/03\/cardiologo3-1-1-300x225.jpg 300w, https:\/\/radiorevelacionfm.cl\/wp-content\/uploads\/2025\/03\/cardiologo3-1-1-768x576.jpg 768w, https:\/\/radiorevelacionfm.cl\/wp-content\/uploads\/2025\/03\/cardiologo3-1-1-705x529.jpg 705w, https:\/\/radiorevelacionfm.cl\/wp-content\/uploads\/2025\/03\/cardiologo3-1-1-450x338.jpg 450w, https:\/\/radiorevelacionfm.cl\/wp-content\/uploads\/2025\/03\/cardiologo3-1-1-600x450.jpg 600w\" sizes=\"(max-width: 800px) 100vw, 800px\" \/><\/div><\/div><\/div><\/div><div class=\"flex_column av_one_full  flex_column_div av-zero-column-padding first  avia-builder-el-2  el_after_av_one_full  el_before_av_one_full  column-top-margin\" style='border-radius:0px; '><section class=\"av_textblock_section \"  itemscope=\"itemscope\" itemtype=\"https:\/\/schema.org\/BlogPosting\" itemprop=\"blogPost\" ><div class='avia_textblock  '   itemprop=\"text\" ><p style=\"text-align: center;\"><span style=\"font-size: 18pt;\"><b>Servicio de Salud Ays\u00e9n presenta nuevo cardi\u00f3logo a la regi\u00f3n<\/b><\/span><\/p>\n<div id=\"gtx-trans\" style=\"position: absolute; left: -50px; top: 4.31534px;\">\n<div class=\"gtx-trans-icon\"><\/div>\n<\/div>\n<\/div><\/section><\/div><div class=\"flex_column av_one_full  flex_column_div av-zero-column-padding first  avia-builder-el-4  el_after_av_one_full  el_before_av_hr  column-top-margin\" style='border-radius:0px; '><section class=\"av_textblock_section \"  itemscope=\"itemscope\" itemtype=\"https:\/\/schema.org\/BlogPosting\" itemprop=\"blogPost\" ><div class='avia_textblock  '   itemprop=\"text\" ><p style=\"font-weight: 400; text-align: justify;\"><em>El Dr. Alejandro Fleming Meza se har\u00e1 cargo de la atenci\u00f3n a pacientes y a la vez la implementaci\u00f3n de la Unidad de Hemodinamia del principal establecimiento de salud de la regi\u00f3n.<\/em><\/p>\n<p style=\"font-weight: 400; text-align: justify;\">Despu\u00e9s de dos a\u00f1os la regi\u00f3n de Ays\u00e9n cuenta con cardi\u00f3logo para el Hospital Regional Coyhaique. Se trata del Dr. Alejandro Fleming Meza, quien tiene una amplia trayectoria en distintos servicios del pa\u00eds, es\u00a0especialista en cardiolog\u00eda intervencionista con m\u00e1s de 30 a\u00f1os de experiencia en el desarrollo de Unidades de Hemodinamia en diversos hospitales de Chile.<\/p>\n<p style=\"font-weight: 400; text-align: justify;\">\u201cEl Dr. Fleming tiene m\u00e1s de 30 a\u00f1os de experiencia como m\u00e9dico, veinte como cardi\u00f3logo y ha impulsado proyectos importantes de angiograf\u00eda, como por ejemplo en el Hospital de la Serena y en Punta Arenas, as\u00ed que solamente agradecido de que \u00e9l haya aceptado la invitaci\u00f3n que le hizo el director titular, don Juan Pablo Bravo, de poder incorporarse a la Red Asistencial\u201d, expres\u00f3 Mauricio Cort\u00e9s Molina, director (S) del Servicio de Salud Ays\u00e9n.<\/p>\n<p style=\"font-weight: 400; text-align: justify;\">Su labor ha sido clave en la expansi\u00f3n y mejora de la cardiolog\u00eda intervencionista en el pa\u00eds, contribuyendo al fortalecimiento de la atenci\u00f3n cardiovascular en distintos centros de salud. Actualmente, lidera iniciativas para fortalecer la atenci\u00f3n cardiovascular en La Serena y Coyhaique.<\/p>\n<p style=\"font-weight: 400; text-align: justify;\">\u201cHoy avanzamos significativamente en materias asistenciales, valoramos el trabajo de todo el equipo t\u00e9cnico que ha dise\u00f1ado y desarrollado este este proyecto por muchos a\u00f1os, la voluntad de parlamentarios que han tambi\u00e9n impulsado este nivel de desarrollo, pero particularmente las definiciones estrat\u00e9gicas, sectoriales y pol\u00edticas que han permitido que esto realmente ocurra y que tenga un desarrollo futuro, as\u00ed como tambi\u00e9n muchas otras materias prioritarias para nuestra regi\u00f3n\u201d, explic\u00f3 Carmen Monsalve G\u00f3mez, seremi de Salud Ays\u00e9n.<\/p>\n<p style=\"font-weight: 400; text-align: justify;\">Fleming Meza naci\u00f3 en la ciudad de Quillota, realiz\u00f3 sus estudios de pregrado en la Universidad de Concepci\u00f3n, mientras que su beca de medicina interna en el Hospital Militar de Santiago y la de cardiolog\u00eda en la Universidad de Valpara\u00edso, donde comenz\u00f3 a encantarse por la hemodinamia.<\/p>\n<p style=\"font-weight: 400; text-align: justify;\">\u201cHacerme cargo de los pacientes cardiol\u00f3gicos, tratar de ordenar en cuanto a las patolog\u00edas que tienen, porque hay muchas coronarias, insuficiencia card\u00edaca, arritmia y patolog\u00edas cong\u00e9nitas tambi\u00e9n, hacerse cargo de eso, ordenar, dar soluci\u00f3n a los pacientes que requieren m\u00e1s ayuda en primera instancia y posteriormente partir con la unidad para poder hacer los procedimientos, porque lo que se gasta en la regi\u00f3n es bastante alto y se podr\u00e1n solucionar gran parte de esos casos haciendo los estudios coronarios ac\u00e1 y manejar\u201d, explic\u00f3 el Dr. Alejandro Fleming Meza.<\/p>\n<p style=\"font-weight: 400; text-align: justify;\">La lista de espera actualmente supera las 500 personas en consultas nuevas de cardiolog\u00eda en la regi\u00f3n, mientras que en control de cardiolog\u00eda llega a las 807 pacientes y procedimientos 183.<\/p>\n<p style=\"font-weight: 400; text-align: justify;\">\u201cYo quiero resaltar que esta es la primera piedra de un proyecto de avance en la medicina intervencional de nuestra regi\u00f3n, donde se van a ver beneficiados los pacientes tanto en el \u00e1rea cardiol\u00f3gica como neurol\u00f3gica y vascular perif\u00e9rica, revelar, realmente lo importante que es como ayseninos estar unido en enfocarnos en las necesidades de nuestra regi\u00f3n\u201d, manifest\u00f3 Daniel Jara Espinoza, director (S) del Hospital Regional Coyhaique.<\/p>\n<p style=\"font-weight: 400; text-align: justify;\"><strong>Parlamentarios y organizaciones satisfechas con arribo del Dr. Fleming<\/strong><\/p>\n<p style=\"font-weight: 400; text-align: justify;\">Por su parte los senadores Ximena \u00d3rdenes y David Sandoval tambi\u00e9n se pronunciaron ante la llegada del profesional a la regi\u00f3n.<\/p>\n<p style=\"font-weight: 400; text-align: justify;\">\u201cTiene la especialidad de hemodinamia, por lo tanto, va a ser el responsable del proyecto de esta nueva unidad y tambi\u00e9n destacar que se cumpli\u00f3 con un compromiso que el Servicio de Salud de Ays\u00e9n hab\u00eda asumido en plazo y en forma y eso es muy importante\u201d, dijo la senadora Ximena \u00d3rdenes.<\/p>\n<p style=\"font-weight: 400; text-align: justify;\">El trabajo del Dr. Fleming no solo se centra en la atenci\u00f3n m\u00e9dica, sino tambi\u00e9n en la gesti\u00f3n estrat\u00e9gica y el desarrollo de nuevas unidades de cardiolog\u00eda, consolid\u00e1ndolo como un referente en su especialidad.<\/p>\n<p style=\"font-weight: 400; text-align: justify;\">Ha sido responsable de la instalaci\u00f3n del equipo de hemodinamia en el Hospital de Punta Arenas (antiguo hospital en calle Angamos) y art\u00edfice de la creaci\u00f3n de la unidad de hemodinamia del Hospital de La Serena. \u201cEste es un paso y tenemos que reconocer cuando el vaso est\u00e1 un poco lleno y debemos reconocerlo. Felicitar al equipo directivo del Hospital y obviamente al Dr. Fleming que viene por veinte d\u00edas en el mes pero que va a ser un tremendo y gran apoyo y esperamos que esta unidad de hemodinamia que est\u00e1 contemplada en el presupuesto de este a\u00f1o 2015, sea precisamente el avance que estamos pidiendo y feliz por la gente fundamentalmente\u201d, precis\u00f3 el senador David Sandoval.<\/p>\n<p style=\"font-weight: 400; text-align: justify;\">Mientras el diputado Miguel \u00c1ngel Calisto, agreg\u00f3 que \u201cciertamente este es un primer paso, estamos contentos que tenemos un cardi\u00f3logo y contento tambi\u00e9n que viene un experto en hemodinamia, pero vamos a necesitar que este equipo se siga fortaleciendo. Vamos a necesitar mayor presencia de cardi\u00f3logos porque sabemos que el Dr. Fleming con toda la experiencia que tiene y su capacidad no va a poder solo resolver estas listas de espera que tenemos en Ays\u00e9n\u201d, puntualiz\u00f3.<\/p>\n<p style=\"font-weight: 400; text-align: justify;\">Tambi\u00e9n estuvieron presentes Cecilia Chand\u00eda de la agrupaci\u00f3n de pacientes cardiacos de Ays\u00e9n y Melanie Rojas de la Agrupaci\u00f3n Cardiolog\u00eda para Coyhaique. Esta \u00faltima acot\u00f3 que \u201cestamos contentos que se dio este primer paso, ya tenemos cardi\u00f3logo para la regi\u00f3n de Ays\u00e9n y no estamos solos ahora y esperar que se sumen m\u00e1s cardi\u00f3logos\u201d, manifest\u00f3.<\/p>\n<\/div><\/section><\/div><div  style='height:50px' class='hr hr-invisible   avia-builder-el-6  el_after_av_one_full  el_before_av_social_share '><span class='hr-inner ' ><span class='hr-inner-style'><\/span><\/span><\/div><\/p>\n<div  class='av-social-sharing-box  avia-builder-el-7  el_after_av_hr  el_before_av_hr  '><div class='av-share-box'><h5 class='av-share-link-description av-no-toc '>Compartir esta noticia<\/h5><ul class='av-share-box-list noLightbox'><li class='av-share-link av-social-link-facebook' ><a target=\"_blank\" aria-label=\"Compartir en Facebook\" href='https:\/\/www.facebook.com\/sharer.php?u=https:\/\/radiorevelacionfm.cl\/?p=51555&#038;t=Servicio%20de%20Salud%20Ays%C3%A9n%20presenta%20nuevo%20cardi%C3%B3logo%20a%20la%20regi%C3%B3n' aria-hidden='false' data-av_icon='\ue8f3' data-av_iconfont='entypo-fontello' title='' data-avia-related-tooltip='Compartir en Facebook' rel=\"noopener\"><span class='avia_hidden_link_text'>Compartir en Facebook<\/span><\/a><\/li><li class='av-share-link av-social-link-twitter' ><a target=\"_blank\" aria-label=\"Compartir en Twitter\" href='https:\/\/twitter.com\/share?text=Servicio%20de%20Salud%20Ays%C3%A9n%20presenta%20nuevo%20cardi%C3%B3logo%20a%20la%20regi%C3%B3n&#038;url=https:\/\/radiorevelacionfm.cl\/?p=51555' aria-hidden='false' data-av_icon='\ue8f1' data-av_iconfont='entypo-fontello' title='' data-avia-related-tooltip='Compartir en Twitter' rel=\"noopener\"><span class='avia_hidden_link_text'>Compartir en Twitter<\/span><\/a><\/li><li class='av-share-link av-social-link-whatsapp' ><a target=\"_blank\" aria-label=\"Compartir en Whatsapp\" href='https:\/\/api.whatsapp.com\/send?text=https:\/\/radiorevelacionfm.cl\/?p=51555' aria-hidden='false' data-av_icon='\uf232' data-av_iconfont='entypo-fontello' title='' data-avia-related-tooltip='Compartir en Whatsapp' rel=\"noopener\"><span class='avia_hidden_link_text'>Compartir en Whatsapp<\/span><\/a><\/li><li class='av-share-link av-social-link-linkedin' ><a target=\"_blank\" aria-label=\"Compartir en LinkedIn\" href='https:\/\/linkedin.com\/shareArticle?mini=true&#038;title=Servicio%20de%20Salud%20Ays%C3%A9n%20presenta%20nuevo%20cardi%C3%B3logo%20a%20la%20regi%C3%B3n&#038;url=https:\/\/radiorevelacionfm.cl\/?p=51555' aria-hidden='false' data-av_icon='\ue8fc' data-av_iconfont='entypo-fontello' title='' data-avia-related-tooltip='Compartir en LinkedIn' rel=\"noopener\"><span class='avia_hidden_link_text'>Compartir en LinkedIn<\/span><\/a><\/li><li class='av-share-link av-social-link-mail' ><a  aria-label=\"Compartir por correo\" href='mailto:?subject=Servicio%20de%20Salud%20Ays%C3%A9n%20presenta%20nuevo%20cardi%C3%B3logo%20a%20la%20regi%C3%B3n&#038;body=https:\/\/radiorevelacionfm.cl\/?p=51555' aria-hidden='false' data-av_icon='\ue805' data-av_iconfont='entypo-fontello' title='' data-avia-related-tooltip='Compartir por correo'><span class='avia_hidden_link_text'>Compartir por correo<\/span><\/a><\/li><\/ul><\/div><\/div>\n<div  style='height:50px' class='hr hr-invisible   avia-builder-el-8  el_after_av_social_share  el_before_av_comments_list '><span class='hr-inner ' ><span class='hr-inner-style'><\/span><\/span><\/div>\n<div  class='av-buildercomment  av-blog-meta-html-info-disabled av-blog-meta-tag-disabled  '><\/div>\n","protected":false},"excerpt":{"rendered":"","protected":false},"author":1,"featured_media":51556,"comment_status":"open","ping_status":"open","sticky":false,"template":"","format":"standard","meta":{"footnotes":""},"categories":[46],"tags":[],"class_list":["post-51555","post","type-post","status-publish","format-standard","has-post-thumbnail","hentry","category-salud"],"jetpack_featured_media_url":"https:\/\/radiorevelacionfm.cl\/wp-content\/uploads\/2025\/03\/cardiologo3-1-1.jpg","_links":{"self":[{"href":"https:\/\/radiorevelacionfm.cl\/index.php?rest_route=\/wp\/v2\/posts\/51555","targetHints":{"allow":["GET"]}}],"collection":[{"href":"https:\/\/radiorevelacionfm.cl\/index.php?rest_route=\/wp\/v2\/posts"}],"about":[{"href":"https:\/\/radiorevelacionfm.cl\/index.php?rest_route=\/wp\/v2\/types\/post"}],"author":[{"embeddable":true,"href":"https:\/\/radiorevelacionfm.cl\/index.php?rest_route=\/wp\/v2\/users\/1"}],"replies":[{"embeddable":true,"href":"https:\/\/radiorevelacionfm.cl\/index.php?rest_route=%2Fwp%2Fv2%2Fcomments&post=51555"}],"version-history":[{"count":1,"href":"https:\/\/radiorevelacionfm.cl\/index.php?rest_route=\/wp\/v2\/posts\/51555\/revisions"}],"predecessor-version":[{"id":51557,"href":"https:\/\/radiorevelacionfm.cl\/index.php?rest_route=\/wp\/v2\/posts\/51555\/revisions\/51557"}],"wp:featuredmedia":[{"embeddable":true,"href":"https:\/\/radiorevelacionfm.cl\/index.php?rest_route=\/wp\/v2\/media\/51556"}],"wp:attachment":[{"href":"https:\/\/radiorevelacionfm.cl\/index.php?rest_route=%2Fwp%2Fv2%2Fmedia&parent=51555"}],"wp:term":[{"taxonomy":"category","embeddable":true,"href":"https:\/\/radiorevelacionfm.cl\/index.php?rest_route=%2Fwp%2Fv2%2Fcategories&post=51555"},{"taxonomy":"post_tag","embeddable":true,"href":"https:\/\/radiorevelacionfm.cl\/index.php?rest_route=%2Fwp%2Fv2%2Ftags&post=51555"}],"curies":[{"name":"wp","href":"https:\/\/api.w.org\/{rel}","templated":true}]}}