{"id":51548,"date":"2025-03-18T17:30:04","date_gmt":"2025-03-18T20:30:04","guid":{"rendered":"https:\/\/radiorevelacionfm.cl\/?p=51548"},"modified":"2025-03-24T10:39:27","modified_gmt":"2025-03-24T13:39:27","slug":"autoridades-y-la-comunidad-conocieron-el-proceso-productivo-del-salmon-mowi-en-expo-patagonia-2025","status":"publish","type":"post","link":"https:\/\/radiorevelacionfm.cl\/?p=51548","title":{"rendered":"Autoridades y la comunidad conocieron el proceso productivo del Salm\u00f3n Mowi en Expo Patagonia 2025"},"content":{"rendered":"<div class=\"flex_column av_one_full  flex_column_div av-zero-column-padding first  avia-builder-el-0  el_before_av_one_full  avia-builder-el-first  \" style='border-radius:0px; '><div  class='avia-image-container  av-styling-    avia-builder-el-1  avia-builder-el-no-sibling  avia-align-center '  itemprop=\"image\" itemscope=\"itemscope\" itemtype=\"https:\/\/schema.org\/ImageObject\"  ><div class='avia-image-container-inner'><div class='avia-image-overlay-wrap'><img decoding=\"async\" class='wp-image-51549 avia-img-lazy-loading-not-51549 avia_image' src=\"https:\/\/radiorevelacionfm.cl\/wp-content\/uploads\/2025\/03\/foto-3-1_optimized.jpg\" alt='' title='foto-3--(1)_optimized' height=\"600\" width=\"900\"  itemprop=\"thumbnailUrl\" srcset=\"https:\/\/radiorevelacionfm.cl\/wp-content\/uploads\/2025\/03\/foto-3-1_optimized.jpg 900w, https:\/\/radiorevelacionfm.cl\/wp-content\/uploads\/2025\/03\/foto-3-1_optimized-300x200.jpg 300w, https:\/\/radiorevelacionfm.cl\/wp-content\/uploads\/2025\/03\/foto-3-1_optimized-768x512.jpg 768w, https:\/\/radiorevelacionfm.cl\/wp-content\/uploads\/2025\/03\/foto-3-1_optimized-705x470.jpg 705w, https:\/\/radiorevelacionfm.cl\/wp-content\/uploads\/2025\/03\/foto-3-1_optimized-450x300.jpg 450w, https:\/\/radiorevelacionfm.cl\/wp-content\/uploads\/2025\/03\/foto-3-1_optimized-600x400.jpg 600w\" sizes=\"(max-width: 900px) 100vw, 900px\" \/><\/div><\/div><\/div><\/div><div class=\"flex_column av_one_full  flex_column_div av-zero-column-padding first  avia-builder-el-2  el_after_av_one_full  el_before_av_one_full  column-top-margin\" style='border-radius:0px; '><section class=\"av_textblock_section \"  itemscope=\"itemscope\" itemtype=\"https:\/\/schema.org\/BlogPosting\" itemprop=\"blogPost\" ><div class='avia_textblock  '   itemprop=\"text\" ><p style=\"text-align: center;\"><strong><span style=\"font-size: 18pt;\">Autoridades y la comunidad conocieron el proceso productivo del Salm\u00f3n Mowi en Expo Patagonia 2025<\/span><\/strong><\/p>\n<div id=\"gtx-trans\" style=\"position: absolute; left: -50px; top: 4.31534px;\">\n<div class=\"gtx-trans-icon\"><\/div>\n<\/div>\n<\/div><\/section><\/div><div class=\"flex_column av_one_full  flex_column_div av-zero-column-padding first  avia-builder-el-4  el_after_av_one_full  el_before_av_hr  column-top-margin\" style='border-radius:0px; '><section class=\"av_textblock_section \"  itemscope=\"itemscope\" itemtype=\"https:\/\/schema.org\/BlogPosting\" itemprop=\"blogPost\" ><div class='avia_textblock  '   itemprop=\"text\" ><p style=\"text-align: justify;\"><em>Durante el evento, cerca de 10.000 asistentes visitaron la carpa de Mowi Chile, donde pudieron conocer en profundidad el ciclo de vida del salm\u00f3n a trav\u00e9s una in\u00e9dita muestra de realidad virtual. <\/em><\/p>\n<p style=\"text-align: justify;\">Con una masiva convocatoria y un alto nivel de inter\u00e9s por parte del p\u00fablico, Mowi concluy\u00f3 su participaci\u00f3n en la Expo Patagonia 2025. Durante los tres d\u00edas de feria, cerca de 10.000 asistentes visitaron la carpa de la compa\u00f1\u00eda, donde se sumergieron en un fascinante recorrido por el ciclo de vida del salm\u00f3n, todo gracias a la dedicaci\u00f3n y el entusiasmo de los colaboradores de la empresa, quienes con un profundo compromiso guiaron a los asistentes a trav\u00e9s de las distintas estaciones, relevando el enfoque innovador y tecnol\u00f3gico que caracteriza el proceso productivo del salm\u00f3n.<\/p>\n<p style=\"text-align: justify;\">La puesta en escena incluy\u00f3 acuarios con ovas y alevines, adem\u00e1s de una zona de laboratorio, donde se observ\u00f3 c\u00f3mo la empresa cuida la salud de los peces a trav\u00e9s de rigurosas vigilancias ambientales y sanitarias. Sin embargo, la gran atracci\u00f3n fue su in\u00e9dita muestra de realidad virtual, donde se pudo recorrer por dentro todo el ciclo del salm\u00f3n, con tomas del Centro de Cultivo Tortuga, ubicado en el Fiordo Ays\u00e9n y de la planta de Procesos Secundaria en Chacabuco.<\/p>\n<p style=\"text-align: justify;\">Para \u00c1lvaro P\u00e9rez, gerente de Sustentabilidad y Asuntos P\u00fablicos de la compa\u00f1\u00eda, la participaci\u00f3n en esta feria fue una oportunidad clave para acercar la industria acu\u00edcola a la comunidad y compartir su compromiso con la innovaci\u00f3n y la sustentabilidad. \u00abCreemos que se logr\u00f3 nuestro objetivo de acercar a las personas de Coyhaique la industria del salm\u00f3n, que es fundamental para el desarrollo social y econ\u00f3mico de la regi\u00f3n\u00bb, agrega.<\/p>\n<p style=\"text-align: justify;\">Por su parte, el alcalde de Coyhaique, Carlos Gatica, coment\u00f3 que \u00abcomo municipio, estamos muy contentos de contar con Mowi en nuestra Expo Patagonia. Quiero felicitar el excelente nivel de su stand y la manera did\u00e1ctica en que presentaron los procesos productivos del salm\u00f3n. Este espacio no solo permite derribar mitos sobre la industria, sino que tambi\u00e9n muestra, de forma l\u00fadica e interactiva, c\u00f3mo la empresa protege el medio ambiente y vela por el bienestar de sus trabajadores, promoviendo una integraci\u00f3n social y ambiental.\u00bb<\/p>\n<p style=\"text-align: justify;\"><strong>Experiencias de la realidad virtual<\/strong><\/p>\n<p style=\"text-align: justify;\">La innovadora puesta en escena de realidad virtual en el stand de la compa\u00f1\u00eda fue ampliamente valorada por las autoridades y asistentes. En ese contexto, el Seremi de Miner\u00eda de la regi\u00f3n, Juan V\u00e1squez, coment\u00f3 que \u201cla incorporaci\u00f3n de tecnolog\u00eda de realidad virtual en la salmonicultura es un ejemplo de c\u00f3mo la innovaci\u00f3n puede transformar industrias y generar sinergias con otros sectores productivos\u201d.<\/p>\n<p style=\"text-align: justify;\">En tanto, el Seremi de Econom\u00eda, Felipe Rojas Pizarro, destac\u00f3 que \u201cMowi sorprendi\u00f3 a miles de visitantes con el uso de realidad virtual para presentar su proceso productivo. Fue una experiencia enriquecedora, donde ni\u00f1os, j\u00f3venes y familias no solo aprendieron sobre la industria acu\u00edcola, sino que tambi\u00e9n disfrutaron de una innovadora forma de acercarse a una actividad clave para el desarrollo de la regi\u00f3n\u201d.<\/p>\n<p style=\"text-align: justify;\">Finalmente, Ricardo Medel, coyhaiquino asistente a la feria, valor\u00f3 la experiencia ofrecida por Mowi: \u00abNos pareci\u00f3 muy interesante la propuesta. Se pod\u00eda ver todo el proceso productivo de una manera interactiva. La realidad virtual fue una forma moderna de conocer los centros de cultivo, y los ni\u00f1os quedaron muy cautivados con la interacci\u00f3n con microscopios, ovas y tecnolog\u00edas de la empresa\u00bb.<\/p>\n<\/div><\/section><\/div><div  style='height:50px' class='hr hr-invisible   avia-builder-el-6  el_after_av_one_full  el_before_av_social_share '><span class='hr-inner ' ><span class='hr-inner-style'><\/span><\/span><\/div><\/p>\n<div  class='av-social-sharing-box  avia-builder-el-7  el_after_av_hr  el_before_av_hr  '><div class='av-share-box'><h5 class='av-share-link-description av-no-toc '>Compartir esta noticia<\/h5><ul class='av-share-box-list noLightbox'><li class='av-share-link av-social-link-facebook' ><a target=\"_blank\" aria-label=\"Compartir en Facebook\" href='https:\/\/www.facebook.com\/sharer.php?u=https:\/\/radiorevelacionfm.cl\/?p=51548&#038;t=Autoridades%20y%20la%20comunidad%20conocieron%20el%20proceso%20productivo%20del%20Salm%C3%B3n%20Mowi%20en%20Expo%20Patagonia%202025' aria-hidden='false' data-av_icon='\ue8f3' data-av_iconfont='entypo-fontello' title='' data-avia-related-tooltip='Compartir en Facebook' rel=\"noopener\"><span class='avia_hidden_link_text'>Compartir en Facebook<\/span><\/a><\/li><li class='av-share-link av-social-link-twitter' ><a target=\"_blank\" aria-label=\"Compartir en Twitter\" href='https:\/\/twitter.com\/share?text=Autoridades%20y%20la%20comunidad%20conocieron%20el%20proceso%20productivo%20del%20Salm%C3%B3n%20Mowi%20en%20Expo%20Patagonia%202025&#038;url=https:\/\/radiorevelacionfm.cl\/?p=51548' aria-hidden='false' data-av_icon='\ue8f1' data-av_iconfont='entypo-fontello' title='' data-avia-related-tooltip='Compartir en Twitter' rel=\"noopener\"><span class='avia_hidden_link_text'>Compartir en Twitter<\/span><\/a><\/li><li class='av-share-link av-social-link-whatsapp' ><a target=\"_blank\" aria-label=\"Compartir en Whatsapp\" href='https:\/\/api.whatsapp.com\/send?text=https:\/\/radiorevelacionfm.cl\/?p=51548' aria-hidden='false' data-av_icon='\uf232' data-av_iconfont='entypo-fontello' title='' data-avia-related-tooltip='Compartir en Whatsapp' rel=\"noopener\"><span class='avia_hidden_link_text'>Compartir en Whatsapp<\/span><\/a><\/li><li class='av-share-link av-social-link-linkedin' ><a target=\"_blank\" aria-label=\"Compartir en LinkedIn\" href='https:\/\/linkedin.com\/shareArticle?mini=true&#038;title=Autoridades%20y%20la%20comunidad%20conocieron%20el%20proceso%20productivo%20del%20Salm%C3%B3n%20Mowi%20en%20Expo%20Patagonia%202025&#038;url=https:\/\/radiorevelacionfm.cl\/?p=51548' aria-hidden='false' data-av_icon='\ue8fc' data-av_iconfont='entypo-fontello' title='' data-avia-related-tooltip='Compartir en LinkedIn' rel=\"noopener\"><span class='avia_hidden_link_text'>Compartir en LinkedIn<\/span><\/a><\/li><li class='av-share-link av-social-link-mail' ><a  aria-label=\"Compartir por correo\" href='mailto:?subject=Autoridades%20y%20la%20comunidad%20conocieron%20el%20proceso%20productivo%20del%20Salm%C3%B3n%20Mowi%20en%20Expo%20Patagonia%202025&#038;body=https:\/\/radiorevelacionfm.cl\/?p=51548' aria-hidden='false' data-av_icon='\ue805' data-av_iconfont='entypo-fontello' title='' data-avia-related-tooltip='Compartir por correo'><span class='avia_hidden_link_text'>Compartir por correo<\/span><\/a><\/li><\/ul><\/div><\/div>\n<div  style='height:50px' class='hr hr-invisible   avia-builder-el-8  el_after_av_social_share  el_before_av_comments_list '><span class='hr-inner ' ><span class='hr-inner-style'><\/span><\/span><\/div>\n<div  class='av-buildercomment  av-blog-meta-html-info-disabled av-blog-meta-tag-disabled  '><\/div>\n","protected":false},"excerpt":{"rendered":"","protected":false},"author":1,"featured_media":51549,"comment_status":"open","ping_status":"open","sticky":false,"template":"","format":"standard","meta":{"footnotes":""},"categories":[60],"tags":[],"class_list":["post-51548","post","type-post","status-publish","format-standard","has-post-thumbnail","hentry","category-pesca"],"jetpack_featured_media_url":"https:\/\/radiorevelacionfm.cl\/wp-content\/uploads\/2025\/03\/foto-3-1_optimized.jpg","_links":{"self":[{"href":"https:\/\/radiorevelacionfm.cl\/index.php?rest_route=\/wp\/v2\/posts\/51548","targetHints":{"allow":["GET"]}}],"collection":[{"href":"https:\/\/radiorevelacionfm.cl\/index.php?rest_route=\/wp\/v2\/posts"}],"about":[{"href":"https:\/\/radiorevelacionfm.cl\/index.php?rest_route=\/wp\/v2\/types\/post"}],"author":[{"embeddable":true,"href":"https:\/\/radiorevelacionfm.cl\/index.php?rest_route=\/wp\/v2\/users\/1"}],"replies":[{"embeddable":true,"href":"https:\/\/radiorevelacionfm.cl\/index.php?rest_route=%2Fwp%2Fv2%2Fcomments&post=51548"}],"version-history":[{"count":1,"href":"https:\/\/radiorevelacionfm.cl\/index.php?rest_route=\/wp\/v2\/posts\/51548\/revisions"}],"predecessor-version":[{"id":51550,"href":"https:\/\/radiorevelacionfm.cl\/index.php?rest_route=\/wp\/v2\/posts\/51548\/revisions\/51550"}],"wp:featuredmedia":[{"embeddable":true,"href":"https:\/\/radiorevelacionfm.cl\/index.php?rest_route=\/wp\/v2\/media\/51549"}],"wp:attachment":[{"href":"https:\/\/radiorevelacionfm.cl\/index.php?rest_route=%2Fwp%2Fv2%2Fmedia&parent=51548"}],"wp:term":[{"taxonomy":"category","embeddable":true,"href":"https:\/\/radiorevelacionfm.cl\/index.php?rest_route=%2Fwp%2Fv2%2Fcategories&post=51548"},{"taxonomy":"post_tag","embeddable":true,"href":"https:\/\/radiorevelacionfm.cl\/index.php?rest_route=%2Fwp%2Fv2%2Ftags&post=51548"}],"curies":[{"name":"wp","href":"https:\/\/api.w.org\/{rel}","templated":true}]}}