{"id":51546,"date":"2025-03-18T16:59:43","date_gmt":"2025-03-18T19:59:43","guid":{"rendered":"https:\/\/radiorevelacionfm.cl\/?p=51546"},"modified":"2025-03-18T17:17:40","modified_gmt":"2025-03-18T20:17:40","slug":"avances-de-la-mesa-de-trabajo-para-garantizar-el-abastecimiento-de-combustible-en-puerto-guadal","status":"publish","type":"post","link":"https:\/\/radiorevelacionfm.cl\/?p=51546","title":{"rendered":"Avances de la Mesa de Trabajo para garantizar el abastecimiento de combustible en Puerto Guadal"},"content":{"rendered":"<div class=\"flex_column av_one_full  flex_column_div av-zero-column-padding first  avia-builder-el-0  el_before_av_one_full  avia-builder-el-first  \" style='border-radius:0px; '><div  class='avia-image-container  av-styling-    avia-builder-el-1  avia-builder-el-no-sibling  avia-align-center '  itemprop=\"image\" itemscope=\"itemscope\" itemtype=\"https:\/\/schema.org\/ImageObject\"  ><div class='avia-image-container-inner'><div class='avia-image-overlay-wrap'><img decoding=\"async\" class='wp-image-19485 avia-img-lazy-loading-not-19485 avia_image' src=\"https:\/\/radiorevelacionfm.cl\/wp-content\/uploads\/2022\/07\/combustibles5_optimized.jpg\" alt='' title='combustibles5_optimized' height=\"600\" width=\"900\"  itemprop=\"thumbnailUrl\" srcset=\"https:\/\/radiorevelacionfm.cl\/wp-content\/uploads\/2022\/07\/combustibles5_optimized.jpg 900w, https:\/\/radiorevelacionfm.cl\/wp-content\/uploads\/2022\/07\/combustibles5_optimized-300x200.jpg 300w, https:\/\/radiorevelacionfm.cl\/wp-content\/uploads\/2022\/07\/combustibles5_optimized-768x512.jpg 768w, https:\/\/radiorevelacionfm.cl\/wp-content\/uploads\/2022\/07\/combustibles5_optimized-705x470.jpg 705w, https:\/\/radiorevelacionfm.cl\/wp-content\/uploads\/2022\/07\/combustibles5_optimized-600x400.jpg 600w\" sizes=\"(max-width: 900px) 100vw, 900px\" \/><\/div><\/div><\/div><\/div>\n<div class=\"flex_column av_one_full  flex_column_div av-zero-column-padding first  avia-builder-el-2  el_after_av_one_full  el_before_av_one_full  column-top-margin\" style='border-radius:0px; '><section class=\"av_textblock_section \"  itemscope=\"itemscope\" itemtype=\"https:\/\/schema.org\/BlogPosting\" itemprop=\"blogPost\" ><div class='avia_textblock  '   itemprop=\"text\" ><p style=\"text-align: center;\"><strong><span style=\"font-size: 18pt;\">Avances de la Mesa de Trabajo para garantizar el abastecimiento de combustible en Puerto Guadal<\/span><\/strong><\/p>\n<div id=\"gtx-trans\" style=\"position: absolute; left: -50px; top: 4.31534px;\">\n<div class=\"gtx-trans-icon\"><\/div>\n<\/div>\n<\/div><\/section><\/div><div class=\"flex_column av_one_full  flex_column_div av-zero-column-padding first  avia-builder-el-4  el_after_av_one_full  el_before_av_hr  column-top-margin\" style='border-radius:0px; '><section class=\"av_textblock_section \"  itemscope=\"itemscope\" itemtype=\"https:\/\/schema.org\/BlogPosting\" itemprop=\"blogPost\" ><div class='avia_textblock  '   itemprop=\"text\" ><p style=\"text-align: justify;\">La Secretar\u00eda Regional Ministerial de Energ\u00eda de Ays\u00e9n ha liderado un trabajo coordinado con diversas instituciones p\u00fablicas y privadas para garantizar el abastecimiento de combustible en la localidad de Puerto Guadal. Este esfuerzo surge tras la notificaci\u00f3n del cierre definitivo de la \u00fanica estaci\u00f3n de servicio en la localidad, operada por la Sociedad Estrella Sur Limitada.<\/p>\n<p style=\"text-align: justify;\">En este proceso, la empresa Copec ofreci\u00f3 diversas alternativas para asegurar la continuidad del suministro, analiz\u00e1ndose los permisos necesarios y los plazos involucrados para cada opci\u00f3n. Paralelamente, se realizaron pruebas t\u00e9cnicas del suelo en la ubicaci\u00f3n de la estaci\u00f3n actual para analizar su viabilidad como soluci\u00f3n operativa en el corto plazo. Los resultados fueron positivos, lo que permiti\u00f3 descartar otras alternativas en estudio y confirmar que la opci\u00f3n m\u00e1s eficiente y r\u00e1pida era asumir la operaci\u00f3n de la infraestructura existente.<\/p>\n<p style=\"text-align: justify;\">Actualmente, Copec tiene un acuerdo preliminar con el operador vigente. Una vez formalizado el contrato, la empresa ejecutar\u00e1 s\u00f3lo trabajos menores, como la instalaci\u00f3n de nuevos surtidores. El compromiso de la empresa es realizar estas obras en el menor tiempo posible, para una transici\u00f3n fluida entre operadores y minimizar el tiempo sin suministro. Posteriormente, se llevar\u00e1n a cabo adecuaciones adicionales para adaptar la estaci\u00f3n a los est\u00e1ndares de la compa\u00f1\u00eda.<\/p>\n<p style=\"text-align: justify;\">Se estima que las obras de habilitaci\u00f3n se extender\u00edan por aproximadamente 14 d\u00edas, una vez suscrito el acuerdo entre las partes.<\/p>\n<p style=\"text-align: justify;\">El d\u00eda viernes 14 de marzo, se efectu\u00f3 una reuni\u00f3n telem\u00e1tica con la comunidad de Puerto Guadal, convocada por la Junta de Vecinos N\u00b0 8, donde se inform\u00f3 sobre estos avances y las acciones en curso.<\/p>\n<p style=\"text-align: justify;\">Finalmente, reafirmamos el compromiso del Gobierno y de todos los actores involucrados en esta mesa de trabajo para garantizar la continuidad del suministro de combustible en Puerto Guadal y evitar impactos negativos en la comunidad. Seguiremos informando sobre los avances de este proceso.<\/p>\n<\/div><\/section><\/div><\/p>\n<div  style='height:50px' class='hr hr-invisible   avia-builder-el-6  el_after_av_one_full  el_before_av_social_share '><span class='hr-inner ' ><span class='hr-inner-style'><\/span><\/span><\/div>\n<div  class='av-social-sharing-box  avia-builder-el-7  el_after_av_hr  el_before_av_hr  '><div class='av-share-box'><h5 class='av-share-link-description av-no-toc '>Compartir esta noticia<\/h5><ul class='av-share-box-list noLightbox'><li class='av-share-link av-social-link-facebook' ><a target=\"_blank\" aria-label=\"Compartir en Facebook\" href='https:\/\/www.facebook.com\/sharer.php?u=https:\/\/radiorevelacionfm.cl\/?p=51546&#038;t=Avances%20de%20la%20Mesa%20de%20Trabajo%20para%20garantizar%20el%20abastecimiento%20de%20combustible%20en%20Puerto%20Guadal' aria-hidden='false' data-av_icon='\ue8f3' data-av_iconfont='entypo-fontello' title='' data-avia-related-tooltip='Compartir en Facebook' rel=\"noopener\"><span class='avia_hidden_link_text'>Compartir en Facebook<\/span><\/a><\/li><li class='av-share-link av-social-link-twitter' ><a target=\"_blank\" aria-label=\"Compartir en Twitter\" href='https:\/\/twitter.com\/share?text=Avances%20de%20la%20Mesa%20de%20Trabajo%20para%20garantizar%20el%20abastecimiento%20de%20combustible%20en%20Puerto%20Guadal&#038;url=https:\/\/radiorevelacionfm.cl\/?p=51546' aria-hidden='false' data-av_icon='\ue8f1' data-av_iconfont='entypo-fontello' title='' data-avia-related-tooltip='Compartir en Twitter' rel=\"noopener\"><span class='avia_hidden_link_text'>Compartir en Twitter<\/span><\/a><\/li><li class='av-share-link av-social-link-whatsapp' ><a target=\"_blank\" aria-label=\"Compartir en Whatsapp\" href='https:\/\/api.whatsapp.com\/send?text=https:\/\/radiorevelacionfm.cl\/?p=51546' aria-hidden='false' data-av_icon='\uf232' data-av_iconfont='entypo-fontello' title='' data-avia-related-tooltip='Compartir en Whatsapp' rel=\"noopener\"><span class='avia_hidden_link_text'>Compartir en Whatsapp<\/span><\/a><\/li><li class='av-share-link av-social-link-linkedin' ><a target=\"_blank\" aria-label=\"Compartir en LinkedIn\" href='https:\/\/linkedin.com\/shareArticle?mini=true&#038;title=Avances%20de%20la%20Mesa%20de%20Trabajo%20para%20garantizar%20el%20abastecimiento%20de%20combustible%20en%20Puerto%20Guadal&#038;url=https:\/\/radiorevelacionfm.cl\/?p=51546' aria-hidden='false' data-av_icon='\ue8fc' data-av_iconfont='entypo-fontello' title='' data-avia-related-tooltip='Compartir en LinkedIn' rel=\"noopener\"><span class='avia_hidden_link_text'>Compartir en LinkedIn<\/span><\/a><\/li><li class='av-share-link av-social-link-mail' ><a  aria-label=\"Compartir por correo\" href='mailto:?subject=Avances%20de%20la%20Mesa%20de%20Trabajo%20para%20garantizar%20el%20abastecimiento%20de%20combustible%20en%20Puerto%20Guadal&#038;body=https:\/\/radiorevelacionfm.cl\/?p=51546' aria-hidden='false' data-av_icon='\ue805' data-av_iconfont='entypo-fontello' title='' data-avia-related-tooltip='Compartir por correo'><span class='avia_hidden_link_text'>Compartir por correo<\/span><\/a><\/li><\/ul><\/div><\/div>\n<div  style='height:50px' class='hr hr-invisible   avia-builder-el-8  el_after_av_social_share  el_before_av_comments_list '><span class='hr-inner ' ><span class='hr-inner-style'><\/span><\/span><\/div>\n<div  class='av-buildercomment  av-blog-meta-html-info-disabled av-blog-meta-tag-disabled  '><\/div>\n","protected":false},"excerpt":{"rendered":"","protected":false},"author":1,"featured_media":19485,"comment_status":"open","ping_status":"open","sticky":false,"template":"","format":"standard","meta":{"footnotes":""},"categories":[38],"tags":[],"class_list":["post-51546","post","type-post","status-publish","format-standard","has-post-thumbnail","hentry","category-regional"],"jetpack_featured_media_url":"https:\/\/radiorevelacionfm.cl\/wp-content\/uploads\/2022\/07\/combustibles5_optimized.jpg","_links":{"self":[{"href":"https:\/\/radiorevelacionfm.cl\/index.php?rest_route=\/wp\/v2\/posts\/51546","targetHints":{"allow":["GET"]}}],"collection":[{"href":"https:\/\/radiorevelacionfm.cl\/index.php?rest_route=\/wp\/v2\/posts"}],"about":[{"href":"https:\/\/radiorevelacionfm.cl\/index.php?rest_route=\/wp\/v2\/types\/post"}],"author":[{"embeddable":true,"href":"https:\/\/radiorevelacionfm.cl\/index.php?rest_route=\/wp\/v2\/users\/1"}],"replies":[{"embeddable":true,"href":"https:\/\/radiorevelacionfm.cl\/index.php?rest_route=%2Fwp%2Fv2%2Fcomments&post=51546"}],"version-history":[{"count":2,"href":"https:\/\/radiorevelacionfm.cl\/index.php?rest_route=\/wp\/v2\/posts\/51546\/revisions"}],"predecessor-version":[{"id":51554,"href":"https:\/\/radiorevelacionfm.cl\/index.php?rest_route=\/wp\/v2\/posts\/51546\/revisions\/51554"}],"wp:featuredmedia":[{"embeddable":true,"href":"https:\/\/radiorevelacionfm.cl\/index.php?rest_route=\/wp\/v2\/media\/19485"}],"wp:attachment":[{"href":"https:\/\/radiorevelacionfm.cl\/index.php?rest_route=%2Fwp%2Fv2%2Fmedia&parent=51546"}],"wp:term":[{"taxonomy":"category","embeddable":true,"href":"https:\/\/radiorevelacionfm.cl\/index.php?rest_route=%2Fwp%2Fv2%2Fcategories&post=51546"},{"taxonomy":"post_tag","embeddable":true,"href":"https:\/\/radiorevelacionfm.cl\/index.php?rest_route=%2Fwp%2Fv2%2Ftags&post=51546"}],"curies":[{"name":"wp","href":"https:\/\/api.w.org\/{rel}","templated":true}]}}