{"id":51544,"date":"2025-03-18T15:35:37","date_gmt":"2025-03-18T18:35:37","guid":{"rendered":"https:\/\/radiorevelacionfm.cl\/?p=51544"},"modified":"2025-03-18T15:35:37","modified_gmt":"2025-03-18T18:35:37","slug":"formalizan-a-3-imputados-por-disparos-injustificados-tenencia-ilegal-de-armas-de-fuego-trafico-de-droga-en-pequenas-cantidades-y-homicidio-frustrado-a-carabineros","status":"publish","type":"post","link":"https:\/\/radiorevelacionfm.cl\/?p=51544","title":{"rendered":"Formalizan a 3 imputados por disparos injustificados, tenencia ilegal de armas de fuego, tr\u00e1fico de droga en peque\u00f1as cantidades y homicidio frustrado a Carabineros"},"content":{"rendered":"<div class=\"flex_column av_one_full  flex_column_div av-zero-column-padding first  avia-builder-el-0  el_before_av_one_full  avia-builder-el-first  \" style='border-radius:0px; '><div  class='avia-image-container  av-styling-    avia-builder-el-1  avia-builder-el-no-sibling  avia-align-center '  itemprop=\"image\" itemscope=\"itemscope\" itemtype=\"https:\/\/schema.org\/ImageObject\"  ><div class='avia-image-container-inner'><div class='avia-image-overlay-wrap'><img decoding=\"async\" class='wp-image-40834 avia-img-lazy-loading-not-40834 avia_image' src=\"https:\/\/radiorevelacionfm.cl\/wp-content\/uploads\/2024\/03\/Carabineros-4-1-1.jpg\" alt='' title='Carabineros (4) (1) (1)' height=\"600\" width=\"1067\"  itemprop=\"thumbnailUrl\" srcset=\"https:\/\/radiorevelacionfm.cl\/wp-content\/uploads\/2024\/03\/Carabineros-4-1-1.jpg 1067w, https:\/\/radiorevelacionfm.cl\/wp-content\/uploads\/2024\/03\/Carabineros-4-1-1-300x169.jpg 300w, https:\/\/radiorevelacionfm.cl\/wp-content\/uploads\/2024\/03\/Carabineros-4-1-1-1030x579.jpg 1030w, https:\/\/radiorevelacionfm.cl\/wp-content\/uploads\/2024\/03\/Carabineros-4-1-1-768x432.jpg 768w, https:\/\/radiorevelacionfm.cl\/wp-content\/uploads\/2024\/03\/Carabineros-4-1-1-705x396.jpg 705w, https:\/\/radiorevelacionfm.cl\/wp-content\/uploads\/2024\/03\/Carabineros-4-1-1-450x253.jpg 450w, https:\/\/radiorevelacionfm.cl\/wp-content\/uploads\/2024\/03\/Carabineros-4-1-1-600x337.jpg 600w\" sizes=\"(max-width: 1067px) 100vw, 1067px\" \/><\/div><\/div><\/div><\/div><div class=\"flex_column av_one_full  flex_column_div av-zero-column-padding first  avia-builder-el-2  el_after_av_one_full  el_before_av_one_full  column-top-margin\" style='border-radius:0px; '><section class=\"av_textblock_section \"  itemscope=\"itemscope\" itemtype=\"https:\/\/schema.org\/BlogPosting\" itemprop=\"blogPost\" ><div class='avia_textblock  '   itemprop=\"text\" ><p style=\"text-align: center;\"><strong><span style=\"font-size: 18pt;\">Formalizan a 3 imputados por disparos injustificados, tenencia ilegal de armas de fuego, tr\u00e1fico de droga en peque\u00f1as cantidades y homicidio frustrado a Carabineros<\/span><\/strong><\/p>\n<div id=\"gtx-trans\" style=\"position: absolute; left: -50px; top: 4.31534px;\">\n<div class=\"gtx-trans-icon\"><\/div>\n<\/div>\n<\/div><\/section><\/div><div class=\"flex_column av_one_full  flex_column_div av-zero-column-padding first  avia-builder-el-4  el_after_av_one_full  el_before_av_hr  column-top-margin\" style='border-radius:0px; '><section class=\"av_textblock_section \"  itemscope=\"itemscope\" itemtype=\"https:\/\/schema.org\/BlogPosting\" itemprop=\"blogPost\" ><div class='avia_textblock  '   itemprop=\"text\" ><p style=\"font-weight: 400; text-align: justify;\">\u201cEs un delito que es grave, tomando en consideraci\u00f3n el car\u00e1cter de los mismos, tambi\u00e9n la hora en que ocurren los hechos, el peligro para la seguridad de las personas que pasaban por un lugar que es c\u00e9ntrico\u201d, dijo la fiscal Mar\u00eda In\u00e9s N\u00fa\u00f1ez.<\/p>\n<p style=\"font-weight: 400; text-align: justify;\">La Fiscal\u00eda Local de Coyhaique formaliz\u00f3 una investigaci\u00f3n en contra de 3 imputados, de entre 21 y 25 a\u00f1os de edad, quienes fueron detenidos por Carabineros el martes 11 de marzo -a bordo de un veh\u00edculo Audi blanco- tras diversos hechos delictuales que se iniciaron en las cercan\u00edas de calle Err\u00e1zuriz al llegar a Prat y luego derivaron en una persecuci\u00f3n policial.<\/p>\n<p style=\"font-weight: 400; text-align: justify;\">La Fiscal\u00eda Mar\u00eda In\u00e9s N\u00fa\u00f1ez explic\u00f3 que, el viernes reci\u00e9n pasado, \u201cse formaliz\u00f3 investigaci\u00f3n por los delitos de disparos injustificados, tenencia ilegal de armas de fuego, tr\u00e1fico de droga en peque\u00f1as cantidades y homicidio frustrado a funcionarios de Carabineros, hechos que habr\u00edan tenido ocasi\u00f3n el d\u00eda 11 de marzo de 2025 en la comuna de Coyhaique, espec\u00edficamente hechos que comienzan con disparos injustificados en calle Err\u00e1zuriz de esta comuna\u201d.<\/p>\n<p style=\"font-weight: 400; text-align: justify;\">HU\u00cdDA<\/p>\n<p style=\"font-weight: 400; text-align: justify;\">La persecutora penal agreg\u00f3 que \u201cposteriormente estas personas habr\u00edan huido en un veh\u00edculo marca Audi hacia calle Baquedano, donde dos de ellos fueron detenidos posteriormente por funcionarios de Carabineros y mientras se trataba de practicar la detenci\u00f3n de este veh\u00edculo, este veh\u00edculo habr\u00eda tratado de atropellar a algunos de los funcionarios, seg\u00fan lo que nosotros formalizamos. El Tribunal respecto a las tres personas de sexo masculino que fueron detenidos y formalizado investigaci\u00f3n, tuvo por acreditado el delito de disparos injustificados respecto a los tres imputados\u201d.<\/p>\n<p style=\"font-weight: 400; text-align: justify;\">La Fiscal a\u00f1adi\u00f3 que adem\u00e1s el Tribunal tuvo por acreditado \u201cel delito de tr\u00e1fico de droga en peque\u00f1as cantidades, droga que fue encontrada en el habit\u00e1culo central del veh\u00edculo el d\u00eda de la detenci\u00f3n, donde tuvo acreditado este delito y la participaci\u00f3n de dos de los imputados en dicho delito. Tambi\u00e9n se acredit\u00f3 por parte del Tribunal, conforme a los antecedentes que fueron vertidos por el Ministerio P\u00fablico, el delito de tenencia ilegal de arma de fuego respecto a uno de los imputados y el tribunal no acredit\u00f3, conforme a los antecedentes que se vertieron por el Ministerio P\u00fablico, el delito de homicidio a funcionarios de Carabineros en car\u00e1cter de frustrado por los cuales fueron formalizados los imputados\u201d. Sobre todos estos delitos, la investigaci\u00f3n contin\u00faa desarroll\u00e1ndose junto a personal de la SIP y Labocar de Carabineros.<\/p>\n<p style=\"font-weight: 400; text-align: justify;\">PRISI\u00d3N PREVENTIVA<\/p>\n<p style=\"font-weight: 400; text-align: justify;\">\u201cEn definitiva, el Tribunal determin\u00f3 decretar la prisi\u00f3n preventiva respecto a los tres imputados. Los tres fueron formalizados, como ya indiqu\u00e9, por el delito de disparos injustificados, por entender que es un delito que es grave, tomando en consideraci\u00f3n el car\u00e1cter de los mismos, tambi\u00e9n la hora en que ocurren los hechos, el peligro para la seguridad de las personas que pasaban por un lugar que es c\u00e9ntrico como es la calle donde ocurrieron estos hechos y en definitiva, como ya indiqu\u00e9, determin\u00f3 la prisi\u00f3n preventiva de los tres imputados\u201d, dijo la fiscal Mar\u00eda In\u00e9s N\u00fa\u00f1ez.<\/p>\n<p style=\"font-weight: 400; text-align: justify;\">Respecto de la investigaci\u00f3n, N\u00fa\u00f1ez coment\u00f3 que se llev\u00f3 a cabo con los equipos policiales de la Primera Comisar\u00eda de Coyhaique, donde el \u201cpersonal policial particip\u00f3 en primera instancia en los seguimientos y tambi\u00e9n en la detenci\u00f3n de los imputados y tambi\u00e9n equipo especializado de dicha Comisar\u00eda, diligencias todas a cargo de la Secci\u00f3n de Investigaci\u00f3n Policial de Carabineros y tambi\u00e9n del Laboratorio Labocar, en este caso tambi\u00e9n de Carabineros, quienes evacuaron y efectuaron diversas pericias en los sitios del suceso y levantaron evidencias y bueno, van a seguir realizando diligencias en esta causa\u201d.<\/p>\n<p style=\"font-weight: 400; text-align: justify;\">Sobre el mismo punto, la fiscal precis\u00f3 que tambi\u00e9n particip\u00f3 personal de OS 7 que estuvo a cargo de las diligencias de levantamiento de la evidencia \u201cque dice relaci\u00f3n con droga encontrada en el veh\u00edculo que particip\u00f3 y en el cual se movilizaban los tres imputados al momento en que se efect\u00faan los disparos\u201d. Para esta investigaci\u00f3n, donde ahora hay tres imputados en prisi\u00f3n preventiva, se fij\u00f3 un plazo de investigaci\u00f3n de 60 d\u00edas por parte del Juzgado de Garant\u00eda de Coyhaique.<\/p>\n<\/div><\/section><\/div><div  style='height:50px' class='hr hr-invisible   avia-builder-el-6  el_after_av_one_full  el_before_av_social_share '><span class='hr-inner ' ><span class='hr-inner-style'><\/span><\/span><\/div><\/p>\n<div  class='av-social-sharing-box  avia-builder-el-7  el_after_av_hr  el_before_av_hr  '><div class='av-share-box'><h5 class='av-share-link-description av-no-toc '>Compartir esta noticia<\/h5><ul class='av-share-box-list noLightbox'><li class='av-share-link av-social-link-facebook' ><a target=\"_blank\" aria-label=\"Compartir en Facebook\" href='https:\/\/www.facebook.com\/sharer.php?u=https:\/\/radiorevelacionfm.cl\/?p=51544&#038;t=Formalizan%20a%203%20imputados%20por%20disparos%20injustificados%2C%20tenencia%20ilegal%20de%20armas%20de%20fuego%2C%20tr%C3%A1fico%20de%20droga%20en%20peque%C3%B1as%20cantidades%20y%20homicidio%20frustrado%20a%20Carabineros' aria-hidden='false' data-av_icon='\ue8f3' data-av_iconfont='entypo-fontello' title='' data-avia-related-tooltip='Compartir en Facebook' rel=\"noopener\"><span class='avia_hidden_link_text'>Compartir en Facebook<\/span><\/a><\/li><li class='av-share-link av-social-link-twitter' ><a target=\"_blank\" aria-label=\"Compartir en Twitter\" href='https:\/\/twitter.com\/share?text=Formalizan%20a%203%20imputados%20por%20disparos%20injustificados%2C%20tenencia%20ilegal%20de%20armas%20de%20fuego%2C%20tr%C3%A1fico%20de%20droga%20en%20peque%C3%B1as%20cantidades%20y%20homicidio%20frustrado%20a%20Carabineros&#038;url=https:\/\/radiorevelacionfm.cl\/?p=51544' aria-hidden='false' data-av_icon='\ue8f1' data-av_iconfont='entypo-fontello' title='' data-avia-related-tooltip='Compartir en Twitter' rel=\"noopener\"><span class='avia_hidden_link_text'>Compartir en Twitter<\/span><\/a><\/li><li class='av-share-link av-social-link-whatsapp' ><a target=\"_blank\" aria-label=\"Compartir en Whatsapp\" href='https:\/\/api.whatsapp.com\/send?text=https:\/\/radiorevelacionfm.cl\/?p=51544' aria-hidden='false' data-av_icon='\uf232' data-av_iconfont='entypo-fontello' title='' data-avia-related-tooltip='Compartir en Whatsapp' rel=\"noopener\"><span class='avia_hidden_link_text'>Compartir en Whatsapp<\/span><\/a><\/li><li class='av-share-link av-social-link-linkedin' ><a target=\"_blank\" aria-label=\"Compartir en LinkedIn\" href='https:\/\/linkedin.com\/shareArticle?mini=true&#038;title=Formalizan%20a%203%20imputados%20por%20disparos%20injustificados%2C%20tenencia%20ilegal%20de%20armas%20de%20fuego%2C%20tr%C3%A1fico%20de%20droga%20en%20peque%C3%B1as%20cantidades%20y%20homicidio%20frustrado%20a%20Carabineros&#038;url=https:\/\/radiorevelacionfm.cl\/?p=51544' aria-hidden='false' data-av_icon='\ue8fc' data-av_iconfont='entypo-fontello' title='' data-avia-related-tooltip='Compartir en LinkedIn' rel=\"noopener\"><span class='avia_hidden_link_text'>Compartir en LinkedIn<\/span><\/a><\/li><li class='av-share-link av-social-link-mail' ><a  aria-label=\"Compartir por correo\" href='mailto:?subject=Formalizan%20a%203%20imputados%20por%20disparos%20injustificados%2C%20tenencia%20ilegal%20de%20armas%20de%20fuego%2C%20tr%C3%A1fico%20de%20droga%20en%20peque%C3%B1as%20cantidades%20y%20homicidio%20frustrado%20a%20Carabineros&#038;body=https:\/\/radiorevelacionfm.cl\/?p=51544' aria-hidden='false' data-av_icon='\ue805' data-av_iconfont='entypo-fontello' title='' data-avia-related-tooltip='Compartir por correo'><span class='avia_hidden_link_text'>Compartir por correo<\/span><\/a><\/li><\/ul><\/div><\/div>\n<div  style='height:50px' class='hr hr-invisible   avia-builder-el-8  el_after_av_social_share  el_before_av_comments_list '><span class='hr-inner ' ><span class='hr-inner-style'><\/span><\/span><\/div>\n<div  class='av-buildercomment  av-blog-meta-html-info-disabled av-blog-meta-tag-disabled  '><\/div>\n","protected":false},"excerpt":{"rendered":"","protected":false},"author":1,"featured_media":40834,"comment_status":"open","ping_status":"open","sticky":false,"template":"","format":"standard","meta":{"footnotes":""},"categories":[36],"tags":[],"class_list":["post-51544","post","type-post","status-publish","format-standard","has-post-thumbnail","hentry","category-policial"],"jetpack_featured_media_url":"https:\/\/radiorevelacionfm.cl\/wp-content\/uploads\/2024\/03\/Carabineros-4-1-1.jpg","_links":{"self":[{"href":"https:\/\/radiorevelacionfm.cl\/index.php?rest_route=\/wp\/v2\/posts\/51544","targetHints":{"allow":["GET"]}}],"collection":[{"href":"https:\/\/radiorevelacionfm.cl\/index.php?rest_route=\/wp\/v2\/posts"}],"about":[{"href":"https:\/\/radiorevelacionfm.cl\/index.php?rest_route=\/wp\/v2\/types\/post"}],"author":[{"embeddable":true,"href":"https:\/\/radiorevelacionfm.cl\/index.php?rest_route=\/wp\/v2\/users\/1"}],"replies":[{"embeddable":true,"href":"https:\/\/radiorevelacionfm.cl\/index.php?rest_route=%2Fwp%2Fv2%2Fcomments&post=51544"}],"version-history":[{"count":1,"href":"https:\/\/radiorevelacionfm.cl\/index.php?rest_route=\/wp\/v2\/posts\/51544\/revisions"}],"predecessor-version":[{"id":51545,"href":"https:\/\/radiorevelacionfm.cl\/index.php?rest_route=\/wp\/v2\/posts\/51544\/revisions\/51545"}],"wp:featuredmedia":[{"embeddable":true,"href":"https:\/\/radiorevelacionfm.cl\/index.php?rest_route=\/wp\/v2\/media\/40834"}],"wp:attachment":[{"href":"https:\/\/radiorevelacionfm.cl\/index.php?rest_route=%2Fwp%2Fv2%2Fmedia&parent=51544"}],"wp:term":[{"taxonomy":"category","embeddable":true,"href":"https:\/\/radiorevelacionfm.cl\/index.php?rest_route=%2Fwp%2Fv2%2Fcategories&post=51544"},{"taxonomy":"post_tag","embeddable":true,"href":"https:\/\/radiorevelacionfm.cl\/index.php?rest_route=%2Fwp%2Fv2%2Ftags&post=51544"}],"curies":[{"name":"wp","href":"https:\/\/api.w.org\/{rel}","templated":true}]}}