{"id":51541,"date":"2025-03-22T21:29:38","date_gmt":"2025-03-23T00:29:38","guid":{"rendered":"https:\/\/radiorevelacionfm.cl\/?p=51541"},"modified":"2025-03-22T21:29:38","modified_gmt":"2025-03-23T00:29:38","slug":"senda-amplia-el-piloto-de-recuperacion-basada-en-pares-y-suma-nuevas-regiones-en-2025","status":"publish","type":"post","link":"https:\/\/radiorevelacionfm.cl\/?p=51541","title":{"rendered":"SENDA ampl\u00eda el piloto de Recuperaci\u00f3n Basada en Pares y suma nuevas regiones en 2025"},"content":{"rendered":"<div class=\"flex_column av_one_full  flex_column_div av-zero-column-padding first  avia-builder-el-0  el_before_av_one_full  avia-builder-el-first  \" style='border-radius:0px; '><div  class='avia-image-container  av-styling-    avia-builder-el-1  avia-builder-el-no-sibling  avia-align-center '  itemprop=\"image\" itemscope=\"itemscope\" itemtype=\"https:\/\/schema.org\/ImageObject\"  ><div class='avia-image-container-inner'><div class='avia-image-overlay-wrap'><img decoding=\"async\" class='wp-image-51542 avia-img-lazy-loading-not-51542 avia_image' src=\"https:\/\/radiorevelacionfm.cl\/wp-content\/uploads\/2025\/03\/Foto-02-5-1-1.jpg\" alt='' title='Foto 02 (5) (1) (1)' height=\"600\" width=\"900\"  itemprop=\"thumbnailUrl\" srcset=\"https:\/\/radiorevelacionfm.cl\/wp-content\/uploads\/2025\/03\/Foto-02-5-1-1.jpg 900w, https:\/\/radiorevelacionfm.cl\/wp-content\/uploads\/2025\/03\/Foto-02-5-1-1-300x200.jpg 300w, https:\/\/radiorevelacionfm.cl\/wp-content\/uploads\/2025\/03\/Foto-02-5-1-1-768x512.jpg 768w, https:\/\/radiorevelacionfm.cl\/wp-content\/uploads\/2025\/03\/Foto-02-5-1-1-705x470.jpg 705w, https:\/\/radiorevelacionfm.cl\/wp-content\/uploads\/2025\/03\/Foto-02-5-1-1-450x300.jpg 450w, https:\/\/radiorevelacionfm.cl\/wp-content\/uploads\/2025\/03\/Foto-02-5-1-1-600x400.jpg 600w\" sizes=\"(max-width: 900px) 100vw, 900px\" \/><\/div><\/div><\/div><\/div><div class=\"flex_column av_one_full  flex_column_div av-zero-column-padding first  avia-builder-el-2  el_after_av_one_full  el_before_av_one_full  column-top-margin\" style='border-radius:0px; '><section class=\"av_textblock_section \"  itemscope=\"itemscope\" itemtype=\"https:\/\/schema.org\/BlogPosting\" itemprop=\"blogPost\" ><div class='avia_textblock  '   itemprop=\"text\" ><p style=\"font-weight: 400; text-align: center;\"><span style=\"font-size: 18pt;\"><strong>SENDA ampl\u00eda el piloto de Recuperaci\u00f3n Basada en Pares y suma nuevas regiones en 2025<\/strong><\/span><\/p>\n<p style=\"font-weight: 400;\"><strong>\u00a0<\/strong><\/p>\n<div id=\"gtx-trans\" style=\"position: absolute; left: -50px; top: 4.31534px;\">\n<div class=\"gtx-trans-icon\"><\/div>\n<\/div>\n<\/div><\/section><\/div><div class=\"flex_column av_one_full  flex_column_div av-zero-column-padding first  avia-builder-el-4  el_after_av_one_full  el_before_av_hr  column-top-margin\" style='border-radius:0px; '><section class=\"av_textblock_section \"  itemscope=\"itemscope\" itemtype=\"https:\/\/schema.org\/BlogPosting\" itemprop=\"blogPost\" ><div class='avia_textblock  '   itemprop=\"text\" ><p style=\"font-weight: 400; text-align: justify;\"><em>La experiencia ha demostrado que este tipo de acompa\u00f1amiento, basado en la cercan\u00eda y la comprensi\u00f3n de quien ha vivido un proceso similar, contribuye a fortalecer y sostener la recuperaci\u00f3n en el tiempo.<\/em><\/p>\n<p style=\"font-weight: 400; text-align: justify;\">Recuperarse de un consumo problem\u00e1tico de alcohol y otras drogas es un proceso que requiere apoyo, orientaci\u00f3n y espacios de acompa\u00f1amiento. Con esa convicci\u00f3n, SENDA y la Fundaci\u00f3n Avanza Inclusi\u00f3n dieron inicio a la segunda versi\u00f3n del Programa de Recuperaci\u00f3n Basada en Pares (PER), una iniciativa piloto que busca que personas que han transitado procesos de tratamiento y recuperaci\u00f3n puedan acompa\u00f1ar a otras que est\u00e1n en etapas m\u00e1s recientes.<\/p>\n<p style=\"font-weight: 400; text-align: justify;\">El encuentro cont\u00f3 con la participaci\u00f3n de la directora nacional de SENDA, Natalia Riffo; la directora de Incidencia de Avanza Inclusi\u00f3n, Evelyn Contreras; el director regional de SENDA, Eduardo Barros, adem\u00e1s de m\u00e1s de 15 participantes que formar\u00e1n parte de esta nueva etapa del programa.<\/p>\n<p style=\"font-weight: 400; text-align: justify;\">Durante la jornada, se presentaron los resultados del piloto 2024 y se dio la bienvenida a quienes asumir\u00e1n el desaf\u00edo de acompa\u00f1ar a otras personas en su proceso de recuperaci\u00f3n<\/p>\n<p style=\"font-weight: 400; text-align: justify;\"><strong>Expansi\u00f3n del pilotaje en 2025<\/strong><\/p>\n<p style=\"font-weight: 400; text-align: justify;\">En su segunda versi\u00f3n, el PER seguir\u00e1 desarroll\u00e1ndose en las regiones Metropolitana, Tarapac\u00e1 y Los R\u00edos, pero en el segundo semestre el programa se ampliar\u00e1 a Valpara\u00edso y Biob\u00edo, permitiendo que m\u00e1s personas en proceso de recuperaci\u00f3n puedan acceder a esta red de apoyo basada en la experiencia compartida.<\/p>\n<p style=\"font-weight: 400; text-align: justify;\">\u201cEn 2024 estuvimos presentes en la Regi\u00f3n Metropolitana, Los R\u00edos y Tarapac\u00e1, formando a 16 personas como especialistas en recuperaci\u00f3n. Este a\u00f1o reforzaremos el trabajo en estas tres regiones y, adem\u00e1s, en el segundo semestre, incorporaremos a Valpara\u00edso y Biob\u00edo. Creemos firmemente que este acompa\u00f1amiento, en el marco del cuidado de quienes est\u00e1n en proceso de recuperaci\u00f3n del consumo de alcohol y otras drogas, es un camino que debemos seguir fortaleciendo\u00bb, se\u00f1al\u00f3 la directora nacional de SENDA, Natalia Riffo.<\/p>\n<p style=\"font-weight: 400; text-align: justify;\">Por su parte, Evelyn Contreras, directora de Incidencia de Avanza Inclusi\u00f3n, destac\u00f3 la importancia del trabajo conjunto con SENDA: \u00abEste trabajo articulado con SENDA es fundamental, ya que busca consolidar una pol\u00edtica p\u00fablica en la que personas que han atravesado un proceso de recuperaci\u00f3n puedan acompa\u00f1ar y apoyar a otras, contribuyendo a que la recuperaci\u00f3n se mantenga en el tiempo y sea exitosa\u00bb.<\/p>\n<p style=\"font-weight: 400; text-align: justify;\"><strong>\u00bfEn qu\u00e9 consiste el Programa de Recuperaci\u00f3n Basada en Pares?<\/strong><\/p>\n<p style=\"font-weight: 400; text-align: justify;\">El PER es un programa que promueve el apoyo mutuo entre personas que han egresado de tratamiento por consumo problem\u00e1tico de alcohol y otras drogas. Su objetivo es fortalecer los recursos de recuperaci\u00f3n a trav\u00e9s de un modelo de acompa\u00f1amiento entre pares, donde quienes han vivido procesos similares se convierten en referentes para quienes est\u00e1n en etapas m\u00e1s recientes de su recuperaci\u00f3n.<\/p>\n<p style=\"font-weight: 400; text-align: justify;\">El proceso consta de una etapa de formaci\u00f3n y capacitaci\u00f3n, y posteriormente una de acompa\u00f1amiento, donde se conforman duplas entre quienes han egresado de tratamiento y las personas que ser\u00e1n acompa\u00f1adas, seguimiento del proceso y evaluaci\u00f3n final.<\/p>\n<p style=\"font-weight: 400; text-align: justify;\">Este modelo ha demostrado ser una estrategia efectiva para la recuperaci\u00f3n, ya que el apoyo de alguien que ha transitado el mismo camino genera confianza y refuerza el sentido de comunidad, promoviendo una recuperaci\u00f3n m\u00e1s sostenida y significativa.<\/p>\n<p style=\"font-weight: 400; text-align: justify;\">El piloto de 2024 permiti\u00f3 la formaci\u00f3n de m\u00e1s de 30 personas, de las cuales 16 continuaron con el proceso de acompa\u00f1amiento. Entre los principales logros del programa se encuentran:<\/p>\n<ul>\n<li style=\"font-weight: 400; text-align: justify;\">Fortalecimiento de los capitales de recuperaci\u00f3n de quienes participaron en el PER.<\/li>\n<li style=\"font-weight: 400; text-align: justify;\">\u00a0Alta valoraci\u00f3n del acompa\u00f1amiento por parte de las personas acompa\u00f1adas.<\/li>\n<li style=\"font-weight: 400; text-align: justify;\">Impacto positivo en \u00e1mbitos como acceso a redes de salud p\u00fablica, integraci\u00f3n laboral y educacional, apoyo en situaciones judiciales, desarrollo de habilidades comunicativas, uso del tiempo libre, fortalecimiento de relaciones familiares y contenci\u00f3n emocional.<\/li>\n<\/ul>\n<\/div><\/section><\/div><div  style='height:50px' class='hr hr-invisible   avia-builder-el-6  el_after_av_one_full  el_before_av_social_share '><span class='hr-inner ' ><span class='hr-inner-style'><\/span><\/span><\/div><\/p>\n<div  class='av-social-sharing-box  avia-builder-el-7  el_after_av_hr  el_before_av_hr  '><div class='av-share-box'><h5 class='av-share-link-description av-no-toc '>Compartir esta noticia<\/h5><ul class='av-share-box-list noLightbox'><li class='av-share-link av-social-link-facebook' ><a target=\"_blank\" aria-label=\"Compartir en Facebook\" href='https:\/\/www.facebook.com\/sharer.php?u=https:\/\/radiorevelacionfm.cl\/?p=51541&#038;t=SENDA%20ampl%C3%ADa%20el%20piloto%20de%20Recuperaci%C3%B3n%20Basada%20en%20Pares%20y%20suma%20nuevas%20regiones%20en%202025' aria-hidden='false' data-av_icon='\ue8f3' data-av_iconfont='entypo-fontello' title='' data-avia-related-tooltip='Compartir en Facebook' rel=\"noopener\"><span class='avia_hidden_link_text'>Compartir en Facebook<\/span><\/a><\/li><li class='av-share-link av-social-link-twitter' ><a target=\"_blank\" aria-label=\"Compartir en Twitter\" href='https:\/\/twitter.com\/share?text=SENDA%20ampl%C3%ADa%20el%20piloto%20de%20Recuperaci%C3%B3n%20Basada%20en%20Pares%20y%20suma%20nuevas%20regiones%20en%202025&#038;url=https:\/\/radiorevelacionfm.cl\/?p=51541' aria-hidden='false' data-av_icon='\ue8f1' data-av_iconfont='entypo-fontello' title='' data-avia-related-tooltip='Compartir en Twitter' rel=\"noopener\"><span class='avia_hidden_link_text'>Compartir en Twitter<\/span><\/a><\/li><li class='av-share-link av-social-link-whatsapp' ><a target=\"_blank\" aria-label=\"Compartir en Whatsapp\" href='https:\/\/api.whatsapp.com\/send?text=https:\/\/radiorevelacionfm.cl\/?p=51541' aria-hidden='false' data-av_icon='\uf232' data-av_iconfont='entypo-fontello' title='' data-avia-related-tooltip='Compartir en Whatsapp' rel=\"noopener\"><span class='avia_hidden_link_text'>Compartir en Whatsapp<\/span><\/a><\/li><li class='av-share-link av-social-link-linkedin' ><a target=\"_blank\" aria-label=\"Compartir en LinkedIn\" href='https:\/\/linkedin.com\/shareArticle?mini=true&#038;title=SENDA%20ampl%C3%ADa%20el%20piloto%20de%20Recuperaci%C3%B3n%20Basada%20en%20Pares%20y%20suma%20nuevas%20regiones%20en%202025&#038;url=https:\/\/radiorevelacionfm.cl\/?p=51541' aria-hidden='false' data-av_icon='\ue8fc' data-av_iconfont='entypo-fontello' title='' data-avia-related-tooltip='Compartir en LinkedIn' rel=\"noopener\"><span class='avia_hidden_link_text'>Compartir en LinkedIn<\/span><\/a><\/li><li class='av-share-link av-social-link-mail' ><a  aria-label=\"Compartir por correo\" href='mailto:?subject=SENDA%20ampl%C3%ADa%20el%20piloto%20de%20Recuperaci%C3%B3n%20Basada%20en%20Pares%20y%20suma%20nuevas%20regiones%20en%202025&#038;body=https:\/\/radiorevelacionfm.cl\/?p=51541' aria-hidden='false' data-av_icon='\ue805' data-av_iconfont='entypo-fontello' title='' data-avia-related-tooltip='Compartir por correo'><span class='avia_hidden_link_text'>Compartir por correo<\/span><\/a><\/li><\/ul><\/div><\/div>\n<div  style='height:50px' class='hr hr-invisible   avia-builder-el-8  el_after_av_social_share  el_before_av_comments_list '><span class='hr-inner ' ><span class='hr-inner-style'><\/span><\/span><\/div>\n<div  class='av-buildercomment  av-blog-meta-html-info-disabled av-blog-meta-tag-disabled  '><\/div>\n","protected":false},"excerpt":{"rendered":"","protected":false},"author":1,"featured_media":51542,"comment_status":"open","ping_status":"open","sticky":false,"template":"","format":"standard","meta":{"footnotes":""},"categories":[61],"tags":[],"class_list":["post-51541","post","type-post","status-publish","format-standard","has-post-thumbnail","hentry","category-nacional"],"jetpack_featured_media_url":"https:\/\/radiorevelacionfm.cl\/wp-content\/uploads\/2025\/03\/Foto-02-5-1-1.jpg","_links":{"self":[{"href":"https:\/\/radiorevelacionfm.cl\/index.php?rest_route=\/wp\/v2\/posts\/51541","targetHints":{"allow":["GET"]}}],"collection":[{"href":"https:\/\/radiorevelacionfm.cl\/index.php?rest_route=\/wp\/v2\/posts"}],"about":[{"href":"https:\/\/radiorevelacionfm.cl\/index.php?rest_route=\/wp\/v2\/types\/post"}],"author":[{"embeddable":true,"href":"https:\/\/radiorevelacionfm.cl\/index.php?rest_route=\/wp\/v2\/users\/1"}],"replies":[{"embeddable":true,"href":"https:\/\/radiorevelacionfm.cl\/index.php?rest_route=%2Fwp%2Fv2%2Fcomments&post=51541"}],"version-history":[{"count":1,"href":"https:\/\/radiorevelacionfm.cl\/index.php?rest_route=\/wp\/v2\/posts\/51541\/revisions"}],"predecessor-version":[{"id":51543,"href":"https:\/\/radiorevelacionfm.cl\/index.php?rest_route=\/wp\/v2\/posts\/51541\/revisions\/51543"}],"wp:featuredmedia":[{"embeddable":true,"href":"https:\/\/radiorevelacionfm.cl\/index.php?rest_route=\/wp\/v2\/media\/51542"}],"wp:attachment":[{"href":"https:\/\/radiorevelacionfm.cl\/index.php?rest_route=%2Fwp%2Fv2%2Fmedia&parent=51541"}],"wp:term":[{"taxonomy":"category","embeddable":true,"href":"https:\/\/radiorevelacionfm.cl\/index.php?rest_route=%2Fwp%2Fv2%2Fcategories&post=51541"},{"taxonomy":"post_tag","embeddable":true,"href":"https:\/\/radiorevelacionfm.cl\/index.php?rest_route=%2Fwp%2Fv2%2Ftags&post=51541"}],"curies":[{"name":"wp","href":"https:\/\/api.w.org\/{rel}","templated":true}]}}