{"id":51538,"date":"2025-03-18T19:40:31","date_gmt":"2025-03-18T22:40:31","guid":{"rendered":"https:\/\/radiorevelacionfm.cl\/?p=51538"},"modified":"2025-03-18T19:40:31","modified_gmt":"2025-03-18T22:40:31","slug":"diputada-raphael-exige-al-ministerio-de-transporte-reposicion-de-subsidio-aereo-para-villa-ohiggins","status":"publish","type":"post","link":"https:\/\/radiorevelacionfm.cl\/?p=51538","title":{"rendered":"Diputada Raphael exige al ministerio de transporte reposici\u00f3n de subsidio a\u00e9reo para Villa O\u2019Higgins"},"content":{"rendered":"<div class=\"flex_column av_one_full  flex_column_div av-zero-column-padding first  avia-builder-el-0  el_before_av_one_full  avia-builder-el-first  \" style='border-radius:0px; '><div  class='avia-image-container  av-styling-    avia-builder-el-1  avia-builder-el-no-sibling  avia-align-center '  itemprop=\"image\" itemscope=\"itemscope\" itemtype=\"https:\/\/schema.org\/ImageObject\"  ><div class='avia-image-container-inner'><div class='avia-image-overlay-wrap'><img decoding=\"async\" class='wp-image-51539 avia-img-lazy-loading-not-51539 avia_image' src=\"https:\/\/radiorevelacionfm.cl\/wp-content\/uploads\/2025\/03\/V.-Ohiggins-1-1.jpeg\" alt='' title='V. Ohiggins (1) (1)' height=\"702\" width=\"801\"  itemprop=\"thumbnailUrl\" srcset=\"https:\/\/radiorevelacionfm.cl\/wp-content\/uploads\/2025\/03\/V.-Ohiggins-1-1.jpeg 801w, https:\/\/radiorevelacionfm.cl\/wp-content\/uploads\/2025\/03\/V.-Ohiggins-1-1-300x263.jpeg 300w, https:\/\/radiorevelacionfm.cl\/wp-content\/uploads\/2025\/03\/V.-Ohiggins-1-1-768x673.jpeg 768w, https:\/\/radiorevelacionfm.cl\/wp-content\/uploads\/2025\/03\/V.-Ohiggins-1-1-705x618.jpeg 705w, https:\/\/radiorevelacionfm.cl\/wp-content\/uploads\/2025\/03\/V.-Ohiggins-1-1-450x394.jpeg 450w, https:\/\/radiorevelacionfm.cl\/wp-content\/uploads\/2025\/03\/V.-Ohiggins-1-1-600x526.jpeg 600w\" sizes=\"(max-width: 801px) 100vw, 801px\" \/><\/div><\/div><\/div><\/div><div class=\"flex_column av_one_full  flex_column_div av-zero-column-padding first  avia-builder-el-2  el_after_av_one_full  el_before_av_one_full  column-top-margin\" style='border-radius:0px; '><section class=\"av_textblock_section \"  itemscope=\"itemscope\" itemtype=\"https:\/\/schema.org\/BlogPosting\" itemprop=\"blogPost\" ><div class='avia_textblock  '   itemprop=\"text\" ><p style=\"text-align: center;\"><span style=\"font-size: 18pt;\"><strong>Diputada Raphael exige al ministerio de transporte reposici\u00f3n de subsidio a\u00e9reo para Villa O\u2019Higgins<\/strong><\/span><\/p>\n<div id=\"gtx-trans\" style=\"position: absolute; left: -50px; top: 4.31534px;\">\n<div class=\"gtx-trans-icon\"><\/div>\n<\/div>\n<\/div><\/section><\/div><div class=\"flex_column av_one_full  flex_column_div av-zero-column-padding first  avia-builder-el-4  el_after_av_one_full  el_before_av_hr  column-top-margin\" style='border-radius:0px; '><section class=\"av_textblock_section \"  itemscope=\"itemscope\" itemtype=\"https:\/\/schema.org\/BlogPosting\" itemprop=\"blogPost\" ><div class='avia_textblock  '   itemprop=\"text\" ><p style=\"text-align: justify;\">La diputada por Ays\u00e9n, Marcia Raphael, realiz\u00f3 durante este fin de semana una gira por las comunas de Cochrane, Tortel y Villa O\u00b4Higgins, siguiendo su compromiso con el trabajo en terreno y en levantar las demandas de la ciudadan\u00eda a trav\u00e9s del Congreso Nacional.<\/p>\n<p style=\"text-align: justify;\">Dentro de la gira llevada a cabo por Raphael, vecinos y dirigentes levantaron su indignaci\u00f3n debido al fin del subsidio a\u00e9reo para la comuna de O&#8217;Higgins. En un hecho in\u00e9dito que no hab\u00eda ocurrido en 40 a\u00f1os, se deja en completo aislamiento a la comuna m\u00e1s austral de la regi\u00f3n. Si bien es cierto, la v\u00eda terrestre es una alternativa, son m\u00e1s de 550 Kms. que se deben recorrer en no menos de 12 horas, muchas veces en condiciones de caminos en mal estado en caso de emergencia o de cortes en la carretera austral, se transforma en indispensable el transporte a\u00e9reo, que hoy se ha visto interrumpido durante pr\u00e1cticamente 2 meses debido a la negligencia del gobierno en la asignaci\u00f3n del subsidio.<\/p>\n<p style=\"text-align: justify;\">Por otro lado, la diputada reiter\u00f3 que el gobierno no cumpli\u00f3 con la solicitud de 3 frecuencias semanales que requer\u00eda la comunidad de Villa O\u00b4Higgins, al no asignarle m\u00e1s recursos para satisfacer dicha demanda, tampoco ha sido oportuno el llamado a licitaci\u00f3n, en circunstancias que el plazo de vencimiento era conocido.<\/p>\n<p style=\"text-align: justify;\">\u201cDespu\u00e9s de haber recorrido toda la provincia de Capit\u00e1n Prat y de haberme reunido con sus vecinos, organizaciones y sus principales autoridades, es importante coordinar un trabajo en conjunto que permita avanzar en la soluci\u00f3n de sus problemas. La compleja situaci\u00f3n que viven los agricultores en la venta de su producci\u00f3n de lana, mejorar el servicio de la Posta de Villa O\u2019Higgins, la necesaria inversi\u00f3n para mejorar el suministro energ\u00e9tico en Tortel, la habilitaci\u00f3n del paso Mayer para fomentar el turismo en la zona, acelerar el ritmo de pavimentaci\u00f3n en la parte sur de la Carretera Austral, son todas condiciones habilitantes para potenciar el desarrollo\u201d. En tal sentido comprometi\u00f3 acciones ante los Ministerios y en el Congreso Nacional.<\/p>\n<\/div><\/section><\/div><div  style='height:50px' class='hr hr-invisible   avia-builder-el-6  el_after_av_one_full  el_before_av_social_share '><span class='hr-inner ' ><span class='hr-inner-style'><\/span><\/span><\/div><\/p>\n<div  class='av-social-sharing-box  avia-builder-el-7  el_after_av_hr  el_before_av_hr  '><div class='av-share-box'><h5 class='av-share-link-description av-no-toc '>Compartir esta noticia<\/h5><ul class='av-share-box-list noLightbox'><li class='av-share-link av-social-link-facebook' ><a target=\"_blank\" aria-label=\"Compartir en Facebook\" href='https:\/\/www.facebook.com\/sharer.php?u=https:\/\/radiorevelacionfm.cl\/?p=51538&#038;t=Diputada%20Raphael%20exige%20al%20ministerio%20de%20transporte%20reposici%C3%B3n%20de%20subsidio%20a%C3%A9reo%20para%20Villa%20O%E2%80%99Higgins' aria-hidden='false' data-av_icon='\ue8f3' data-av_iconfont='entypo-fontello' title='' data-avia-related-tooltip='Compartir en Facebook' rel=\"noopener\"><span class='avia_hidden_link_text'>Compartir en Facebook<\/span><\/a><\/li><li class='av-share-link av-social-link-twitter' ><a target=\"_blank\" aria-label=\"Compartir en Twitter\" href='https:\/\/twitter.com\/share?text=Diputada%20Raphael%20exige%20al%20ministerio%20de%20transporte%20reposici%C3%B3n%20de%20subsidio%20a%C3%A9reo%20para%20Villa%20O%E2%80%99Higgins&#038;url=https:\/\/radiorevelacionfm.cl\/?p=51538' aria-hidden='false' data-av_icon='\ue8f1' data-av_iconfont='entypo-fontello' title='' data-avia-related-tooltip='Compartir en Twitter' rel=\"noopener\"><span class='avia_hidden_link_text'>Compartir en Twitter<\/span><\/a><\/li><li class='av-share-link av-social-link-whatsapp' ><a target=\"_blank\" aria-label=\"Compartir en Whatsapp\" href='https:\/\/api.whatsapp.com\/send?text=https:\/\/radiorevelacionfm.cl\/?p=51538' aria-hidden='false' data-av_icon='\uf232' data-av_iconfont='entypo-fontello' title='' data-avia-related-tooltip='Compartir en Whatsapp' rel=\"noopener\"><span class='avia_hidden_link_text'>Compartir en Whatsapp<\/span><\/a><\/li><li class='av-share-link av-social-link-linkedin' ><a target=\"_blank\" aria-label=\"Compartir en LinkedIn\" href='https:\/\/linkedin.com\/shareArticle?mini=true&#038;title=Diputada%20Raphael%20exige%20al%20ministerio%20de%20transporte%20reposici%C3%B3n%20de%20subsidio%20a%C3%A9reo%20para%20Villa%20O%E2%80%99Higgins&#038;url=https:\/\/radiorevelacionfm.cl\/?p=51538' aria-hidden='false' data-av_icon='\ue8fc' data-av_iconfont='entypo-fontello' title='' data-avia-related-tooltip='Compartir en LinkedIn' rel=\"noopener\"><span class='avia_hidden_link_text'>Compartir en LinkedIn<\/span><\/a><\/li><li class='av-share-link av-social-link-mail' ><a  aria-label=\"Compartir por correo\" href='mailto:?subject=Diputada%20Raphael%20exige%20al%20ministerio%20de%20transporte%20reposici%C3%B3n%20de%20subsidio%20a%C3%A9reo%20para%20Villa%20O%E2%80%99Higgins&#038;body=https:\/\/radiorevelacionfm.cl\/?p=51538' aria-hidden='false' data-av_icon='\ue805' data-av_iconfont='entypo-fontello' title='' data-avia-related-tooltip='Compartir por correo'><span class='avia_hidden_link_text'>Compartir por correo<\/span><\/a><\/li><\/ul><\/div><\/div>\n<div  style='height:50px' class='hr hr-invisible   avia-builder-el-8  el_after_av_social_share  el_before_av_comments_list '><span class='hr-inner ' ><span class='hr-inner-style'><\/span><\/span><\/div>\n<div  class='av-buildercomment  av-blog-meta-html-info-disabled av-blog-meta-tag-disabled  '><\/div>\n","protected":false},"excerpt":{"rendered":"","protected":false},"author":1,"featured_media":51539,"comment_status":"open","ping_status":"open","sticky":false,"template":"","format":"standard","meta":{"footnotes":""},"categories":[35],"tags":[],"class_list":["post-51538","post","type-post","status-publish","format-standard","has-post-thumbnail","hentry","category-politica"],"jetpack_featured_media_url":"https:\/\/radiorevelacionfm.cl\/wp-content\/uploads\/2025\/03\/V.-Ohiggins-1-1.jpeg","_links":{"self":[{"href":"https:\/\/radiorevelacionfm.cl\/index.php?rest_route=\/wp\/v2\/posts\/51538","targetHints":{"allow":["GET"]}}],"collection":[{"href":"https:\/\/radiorevelacionfm.cl\/index.php?rest_route=\/wp\/v2\/posts"}],"about":[{"href":"https:\/\/radiorevelacionfm.cl\/index.php?rest_route=\/wp\/v2\/types\/post"}],"author":[{"embeddable":true,"href":"https:\/\/radiorevelacionfm.cl\/index.php?rest_route=\/wp\/v2\/users\/1"}],"replies":[{"embeddable":true,"href":"https:\/\/radiorevelacionfm.cl\/index.php?rest_route=%2Fwp%2Fv2%2Fcomments&post=51538"}],"version-history":[{"count":1,"href":"https:\/\/radiorevelacionfm.cl\/index.php?rest_route=\/wp\/v2\/posts\/51538\/revisions"}],"predecessor-version":[{"id":51540,"href":"https:\/\/radiorevelacionfm.cl\/index.php?rest_route=\/wp\/v2\/posts\/51538\/revisions\/51540"}],"wp:featuredmedia":[{"embeddable":true,"href":"https:\/\/radiorevelacionfm.cl\/index.php?rest_route=\/wp\/v2\/media\/51539"}],"wp:attachment":[{"href":"https:\/\/radiorevelacionfm.cl\/index.php?rest_route=%2Fwp%2Fv2%2Fmedia&parent=51538"}],"wp:term":[{"taxonomy":"category","embeddable":true,"href":"https:\/\/radiorevelacionfm.cl\/index.php?rest_route=%2Fwp%2Fv2%2Fcategories&post=51538"},{"taxonomy":"post_tag","embeddable":true,"href":"https:\/\/radiorevelacionfm.cl\/index.php?rest_route=%2Fwp%2Fv2%2Ftags&post=51538"}],"curies":[{"name":"wp","href":"https:\/\/api.w.org\/{rel}","templated":true}]}}