{"id":51535,"date":"2025-03-18T15:08:31","date_gmt":"2025-03-18T18:08:31","guid":{"rendered":"https:\/\/radiorevelacionfm.cl\/?p=51535"},"modified":"2025-03-18T15:08:31","modified_gmt":"2025-03-18T18:08:31","slug":"mes-del-clima-todas-y-todos-invitados-al-foro-regional-por-la-accion-climatica","status":"publish","type":"post","link":"https:\/\/radiorevelacionfm.cl\/?p=51535","title":{"rendered":"Mes del Clima: Todas y todos invitados al Foro Regional por la Acci\u00f3n Clim\u00e1tica"},"content":{"rendered":"<div class=\"flex_column av_one_full  flex_column_div av-zero-column-padding first  avia-builder-el-0  el_before_av_one_full  avia-builder-el-first  \" style='border-radius:0px; '><div  class='avia-image-container  av-styling-    avia-builder-el-1  avia-builder-el-no-sibling  avia-align-center '  itemprop=\"image\" itemscope=\"itemscope\" itemtype=\"https:\/\/schema.org\/ImageObject\"  ><div class='avia-image-container-inner'><div class='avia-image-overlay-wrap'><img decoding=\"async\" class='wp-image-51536 avia-img-lazy-loading-not-51536 avia_image' src=\"https:\/\/radiorevelacionfm.cl\/wp-content\/uploads\/2025\/03\/img_1328-1-1-1_optimized-1.jpg\" alt='' title='img_1328-(1)-(1)-(1)_optimized (1)' height=\"1000\" width=\"799\"  itemprop=\"thumbnailUrl\" srcset=\"https:\/\/radiorevelacionfm.cl\/wp-content\/uploads\/2025\/03\/img_1328-1-1-1_optimized-1.jpg 799w, https:\/\/radiorevelacionfm.cl\/wp-content\/uploads\/2025\/03\/img_1328-1-1-1_optimized-1-240x300.jpg 240w, https:\/\/radiorevelacionfm.cl\/wp-content\/uploads\/2025\/03\/img_1328-1-1-1_optimized-1-768x961.jpg 768w, https:\/\/radiorevelacionfm.cl\/wp-content\/uploads\/2025\/03\/img_1328-1-1-1_optimized-1-563x705.jpg 563w, https:\/\/radiorevelacionfm.cl\/wp-content\/uploads\/2025\/03\/img_1328-1-1-1_optimized-1-450x563.jpg 450w, https:\/\/radiorevelacionfm.cl\/wp-content\/uploads\/2025\/03\/img_1328-1-1-1_optimized-1-600x751.jpg 600w\" sizes=\"(max-width: 799px) 100vw, 799px\" \/><\/div><\/div><\/div><\/div><div class=\"flex_column av_one_full  flex_column_div av-zero-column-padding first  avia-builder-el-2  el_after_av_one_full  el_before_av_one_full  column-top-margin\" style='border-radius:0px; '><section class=\"av_textblock_section \"  itemscope=\"itemscope\" itemtype=\"https:\/\/schema.org\/BlogPosting\" itemprop=\"blogPost\" ><div class='avia_textblock  '   itemprop=\"text\" ><p style=\"text-align: center;\"><strong><span style=\"font-size: 18pt;\">Mes del Clima: Todas y todos invitados al Foro Regional por la Acci\u00f3n Clim\u00e1tica <\/span><\/strong><\/p>\n<div id=\"gtx-trans\" style=\"position: absolute; left: -50px; top: 4.31534px;\">\n<div class=\"gtx-trans-icon\"><\/div>\n<\/div>\n<\/div><\/section><\/div><div class=\"flex_column av_one_full  flex_column_div av-zero-column-padding first  avia-builder-el-4  el_after_av_one_full  el_before_av_hr  column-top-margin\" style='border-radius:0px; '><section class=\"av_textblock_section \"  itemscope=\"itemscope\" itemtype=\"https:\/\/schema.org\/BlogPosting\" itemprop=\"blogPost\" ><div class='avia_textblock  '   itemprop=\"text\" ><p style=\"text-align: justify;\">En el marco de las actividades del Mes del Clima 2025, desde la Seremi del Medio Ambiente se ha organizado un taller abierto a todo p\u00fablico para abordar la implementaci\u00f3n de la Ley Marco de Cambio Clim\u00e1tico, denominado \u201cForo Regional por la Acci\u00f3n Clim\u00e1tica\u201d.<\/p>\n<p style=\"text-align: justify;\">La actividad que tiene por objetivo difundir y socializar el contenido de la Ley Marco de Cambio Clim\u00e1tico, tanto con tomadores de decisi\u00f3n de la regi\u00f3n, como con la comunidad en general, tendr\u00e1 lugar este jueves 20 de marzo en el Centro Cultural de Coyhaique, desde las 15:.00 hasta las 18:00 hrs.<\/p>\n<p style=\"text-align: justify;\">El Seremi del Medio Ambiente, Yoal D\u00edaz expres\u00f3 \u201cEn este mes del clima queremos hacernos parte tambi\u00e9n de generar espacios ciudadanos de discusi\u00f3n, donde podamos abordar esta nueva ley, sus avances y as\u00ed tambi\u00e9n crear conciencia de esto que es tan diferente y que viene a institucionalizar la acci\u00f3n clim\u00e1tica\u00a0 y es por eso que reitero la invitaci\u00f3n a todos y todas a inscribirse y participar en este taller porque tenemos mucho que contarles, pero tambi\u00e9n, mucho que recoger de quienes vengan a hacerse parte de esta actividad\u201d, indicando adem\u00e1s a las y los interesados que deben inscribir su participaci\u00f3n en el link <a href=\"https:\/\/bit.ly\/TallerClimatico\">https:\/\/bit.ly\/TallerClimatico<\/a> .<\/p>\n<p style=\"text-align: justify;\">El taller es parte de las actividades de sensibilizaci\u00f3n y empoderamiento clim\u00e1tico asociado a la implementaci\u00f3n de la Ley Marco de Cambio Clim\u00e1tico. En esa l\u00ednea se est\u00e1 implementando adem\u00e1s el proyecto \u201cAcci\u00f3n, Territorio y Clima: Empoderando regiones y comunas,\u201d financiado por el Fondo Verde del Clima para el Ministerio de Medio Ambiente, ejecutado por FAO, y cuenta con el apoyo de las Secretarias Regionales de Medio Ambiente.<\/p>\n<p style=\"text-align: justify;\">Gracias a dicho proyecto se ha avanzado en la creaci\u00f3n de capacidades, por medio de un diplomado abierto a los equipos t\u00e9cnicos subnacionales y actores territoriales de todo el pa\u00eds abarcando a 220 t\u00e9cnicos desde los GORE y SEREMIs, y 295 t\u00e9cnicos de municipios, y 90 profesionales de sociedad civil, academia y sector privado.; Apoyo t\u00e9cnico para el desarrollo de Planes de Acci\u00f3n Regional de Cambio Clim\u00e1tico (PARCC) ; Difusi\u00f3n y concientizaci\u00f3n sobre Ley Marco de Cambio Clim\u00e1tico.<\/p>\n<p style=\"text-align: justify;\"><strong>Avances de acci\u00f3n clim\u00e1tica en Ays\u00e9n<\/strong><\/p>\n<p style=\"text-align: justify;\">El Plan de Acci\u00f3n Regional de Cambio Clim\u00e1tico de Ays\u00e9n PARCC, mandatado por la nueva Ley Marco, fue aprobado por el Comit\u00e9 Regional de Cambio Clim\u00e1tico CORECC el d\u00eda 26 de febrero de 2025 y se encuentra a espera de entrar a tabla y ser sometida a votaci\u00f3n por parte del Consejo Regional de Ays\u00e9n. La hoja de ruta, trazada a 10 a\u00f1os, adem\u00e1s de contener un diagn\u00f3stico de vulnerabilidad clim\u00e1tica, el inventario de emisiones de Gases de Efecto Invernadero y contaminaci\u00f3n local, proceso de participaci\u00f3n ciudadana, levanta\u00a0 7 lineamientos espec\u00edficos para agrupar medidas de mitigaci\u00f3n y adaptaci\u00f3n al cambio clim\u00e1tico.<\/p>\n<p style=\"text-align: justify;\">De estos lineamientos se desprenden 20 medidas de mitigaci\u00f3n y adaptaci\u00f3n a nivel regional y local, entre las que destacan: Desarrollo de una estrategia regional de educaci\u00f3n, capacidades y empoderamiento clim\u00e1tico; Desarrollo de una Estrategia Regional de Calidad del Aire que coordina diferentes acciones y proyectos de eficiencia energ\u00e9tica y reducci\u00f3n de contaminaci\u00f3n por le\u00f1a en al menos 10 localidades de la regi\u00f3n; Aumentar acciones de conservaci\u00f3n de ecosistemas vulnerables y de restauraci\u00f3n de \u00e1reas degradadas en territorio y maritorio. Aumentar superficie de \u00e1reas con planes de manejo y ordenamiento forestal; Implementar proyectos piloto de Soluciones Basadas en la Naturaleza para aumentar captura CO2 y Seguridad H\u00eddrica, enlaz\u00e1ndose con la creaci\u00f3n de una pol\u00edtica regional de suelos; Profundiza acciones de reducci\u00f3n y gesti\u00f3n de residuos; Fortalecimiento y coordinaci\u00f3n de 45 servicios p\u00fablicos y 10 municipalidades que tienen responsabilidad de implementar y colaborar en metas, medidas y acciones clim\u00e1ticas.<\/p>\n<\/div><\/section><\/div><div  style='height:50px' class='hr hr-invisible   avia-builder-el-6  el_after_av_one_full  el_before_av_social_share '><span class='hr-inner ' ><span class='hr-inner-style'><\/span><\/span><\/div><\/p>\n<div  class='av-social-sharing-box  avia-builder-el-7  el_after_av_hr  el_before_av_hr  '><div class='av-share-box'><h5 class='av-share-link-description av-no-toc '>Compartir esta noticia<\/h5><ul class='av-share-box-list noLightbox'><li class='av-share-link av-social-link-facebook' ><a target=\"_blank\" aria-label=\"Compartir en Facebook\" href='https:\/\/www.facebook.com\/sharer.php?u=https:\/\/radiorevelacionfm.cl\/?p=51535&#038;t=Mes%20del%20Clima%3A%20Todas%20y%20todos%20invitados%20al%20Foro%20Regional%20por%20la%20Acci%C3%B3n%20Clim%C3%A1tica' aria-hidden='false' data-av_icon='\ue8f3' data-av_iconfont='entypo-fontello' title='' data-avia-related-tooltip='Compartir en Facebook' rel=\"noopener\"><span class='avia_hidden_link_text'>Compartir en Facebook<\/span><\/a><\/li><li class='av-share-link av-social-link-twitter' ><a target=\"_blank\" aria-label=\"Compartir en Twitter\" href='https:\/\/twitter.com\/share?text=Mes%20del%20Clima%3A%20Todas%20y%20todos%20invitados%20al%20Foro%20Regional%20por%20la%20Acci%C3%B3n%20Clim%C3%A1tica&#038;url=https:\/\/radiorevelacionfm.cl\/?p=51535' aria-hidden='false' data-av_icon='\ue8f1' data-av_iconfont='entypo-fontello' title='' data-avia-related-tooltip='Compartir en Twitter' rel=\"noopener\"><span class='avia_hidden_link_text'>Compartir en Twitter<\/span><\/a><\/li><li class='av-share-link av-social-link-whatsapp' ><a target=\"_blank\" aria-label=\"Compartir en Whatsapp\" href='https:\/\/api.whatsapp.com\/send?text=https:\/\/radiorevelacionfm.cl\/?p=51535' aria-hidden='false' data-av_icon='\uf232' data-av_iconfont='entypo-fontello' title='' data-avia-related-tooltip='Compartir en Whatsapp' rel=\"noopener\"><span class='avia_hidden_link_text'>Compartir en Whatsapp<\/span><\/a><\/li><li class='av-share-link av-social-link-linkedin' ><a target=\"_blank\" aria-label=\"Compartir en LinkedIn\" href='https:\/\/linkedin.com\/shareArticle?mini=true&#038;title=Mes%20del%20Clima%3A%20Todas%20y%20todos%20invitados%20al%20Foro%20Regional%20por%20la%20Acci%C3%B3n%20Clim%C3%A1tica&#038;url=https:\/\/radiorevelacionfm.cl\/?p=51535' aria-hidden='false' data-av_icon='\ue8fc' data-av_iconfont='entypo-fontello' title='' data-avia-related-tooltip='Compartir en LinkedIn' rel=\"noopener\"><span class='avia_hidden_link_text'>Compartir en LinkedIn<\/span><\/a><\/li><li class='av-share-link av-social-link-mail' ><a  aria-label=\"Compartir por correo\" href='mailto:?subject=Mes%20del%20Clima%3A%20Todas%20y%20todos%20invitados%20al%20Foro%20Regional%20por%20la%20Acci%C3%B3n%20Clim%C3%A1tica&#038;body=https:\/\/radiorevelacionfm.cl\/?p=51535' aria-hidden='false' data-av_icon='\ue805' data-av_iconfont='entypo-fontello' title='' data-avia-related-tooltip='Compartir por correo'><span class='avia_hidden_link_text'>Compartir por correo<\/span><\/a><\/li><\/ul><\/div><\/div>\n<div  style='height:50px' class='hr hr-invisible   avia-builder-el-8  el_after_av_social_share  el_before_av_comments_list '><span class='hr-inner ' ><span class='hr-inner-style'><\/span><\/span><\/div>\n<div  class='av-buildercomment  av-blog-meta-html-info-disabled av-blog-meta-tag-disabled  '><\/div>\n","protected":false},"excerpt":{"rendered":"","protected":false},"author":1,"featured_media":51536,"comment_status":"open","ping_status":"open","sticky":false,"template":"","format":"standard","meta":{"footnotes":""},"categories":[39],"tags":[],"class_list":["post-51535","post","type-post","status-publish","format-standard","has-post-thumbnail","hentry","category-medio-ambiente"],"jetpack_featured_media_url":"https:\/\/radiorevelacionfm.cl\/wp-content\/uploads\/2025\/03\/img_1328-1-1-1_optimized-1.jpg","_links":{"self":[{"href":"https:\/\/radiorevelacionfm.cl\/index.php?rest_route=\/wp\/v2\/posts\/51535","targetHints":{"allow":["GET"]}}],"collection":[{"href":"https:\/\/radiorevelacionfm.cl\/index.php?rest_route=\/wp\/v2\/posts"}],"about":[{"href":"https:\/\/radiorevelacionfm.cl\/index.php?rest_route=\/wp\/v2\/types\/post"}],"author":[{"embeddable":true,"href":"https:\/\/radiorevelacionfm.cl\/index.php?rest_route=\/wp\/v2\/users\/1"}],"replies":[{"embeddable":true,"href":"https:\/\/radiorevelacionfm.cl\/index.php?rest_route=%2Fwp%2Fv2%2Fcomments&post=51535"}],"version-history":[{"count":1,"href":"https:\/\/radiorevelacionfm.cl\/index.php?rest_route=\/wp\/v2\/posts\/51535\/revisions"}],"predecessor-version":[{"id":51537,"href":"https:\/\/radiorevelacionfm.cl\/index.php?rest_route=\/wp\/v2\/posts\/51535\/revisions\/51537"}],"wp:featuredmedia":[{"embeddable":true,"href":"https:\/\/radiorevelacionfm.cl\/index.php?rest_route=\/wp\/v2\/media\/51536"}],"wp:attachment":[{"href":"https:\/\/radiorevelacionfm.cl\/index.php?rest_route=%2Fwp%2Fv2%2Fmedia&parent=51535"}],"wp:term":[{"taxonomy":"category","embeddable":true,"href":"https:\/\/radiorevelacionfm.cl\/index.php?rest_route=%2Fwp%2Fv2%2Fcategories&post=51535"},{"taxonomy":"post_tag","embeddable":true,"href":"https:\/\/radiorevelacionfm.cl\/index.php?rest_route=%2Fwp%2Fv2%2Ftags&post=51535"}],"curies":[{"name":"wp","href":"https:\/\/api.w.org\/{rel}","templated":true}]}}