{"id":51529,"date":"2025-03-19T14:51:12","date_gmt":"2025-03-19T17:51:12","guid":{"rendered":"https:\/\/radiorevelacionfm.cl\/?p=51529"},"modified":"2025-03-19T14:51:12","modified_gmt":"2025-03-19T17:51:12","slug":"reiteran-llamado-a-postular-al-fondo-concursable-de-cultura-y-sitios-de-memoria-2025","status":"publish","type":"post","link":"https:\/\/radiorevelacionfm.cl\/?p=51529","title":{"rendered":"Reiteran llamado a postular al Fondo Concursable de Cultura y Sitios de Memoria 2025"},"content":{"rendered":"<div class=\"flex_column av_one_full  flex_column_div av-zero-column-padding first  avia-builder-el-0  el_before_av_one_full  avia-builder-el-first  \" style='border-radius:0px; '><div  class='avia-image-container  av-styling-    avia-builder-el-1  avia-builder-el-no-sibling  avia-align-center '  itemprop=\"image\" itemscope=\"itemscope\" itemtype=\"https:\/\/schema.org\/ImageObject\"  ><div class='avia-image-container-inner'><div class='avia-image-overlay-wrap'><img decoding=\"async\" class='wp-image-51530 avia-img-lazy-loading-not-51530 avia_image' src=\"https:\/\/radiorevelacionfm.cl\/wp-content\/uploads\/2025\/03\/fondo-concursable-1-1_optimized.jpg\" alt='' title='fondo-concursable-(1)-(1)_optimized' height=\"1000\" width=\"800\"  itemprop=\"thumbnailUrl\" srcset=\"https:\/\/radiorevelacionfm.cl\/wp-content\/uploads\/2025\/03\/fondo-concursable-1-1_optimized.jpg 800w, https:\/\/radiorevelacionfm.cl\/wp-content\/uploads\/2025\/03\/fondo-concursable-1-1_optimized-240x300.jpg 240w, https:\/\/radiorevelacionfm.cl\/wp-content\/uploads\/2025\/03\/fondo-concursable-1-1_optimized-768x960.jpg 768w, https:\/\/radiorevelacionfm.cl\/wp-content\/uploads\/2025\/03\/fondo-concursable-1-1_optimized-564x705.jpg 564w, https:\/\/radiorevelacionfm.cl\/wp-content\/uploads\/2025\/03\/fondo-concursable-1-1_optimized-450x563.jpg 450w, https:\/\/radiorevelacionfm.cl\/wp-content\/uploads\/2025\/03\/fondo-concursable-1-1_optimized-600x750.jpg 600w\" sizes=\"(max-width: 800px) 100vw, 800px\" \/><\/div><\/div><\/div><\/div><div class=\"flex_column av_one_full  flex_column_div av-zero-column-padding first  avia-builder-el-2  el_after_av_one_full  el_before_av_one_full  column-top-margin\" style='border-radius:0px; '><section class=\"av_textblock_section \"  itemscope=\"itemscope\" itemtype=\"https:\/\/schema.org\/BlogPosting\" itemprop=\"blogPost\" ><div class='avia_textblock  '   itemprop=\"text\" ><p style=\"text-align: center;\"><strong><span style=\"font-size: 18pt;\">Reiteran llamado a postular al Fondo Concursable de Cultura y Sitios de Memoria 2025<\/span><\/strong><\/p>\n<div id=\"gtx-trans\" style=\"position: absolute; left: -50px; top: 4.31534px;\">\n<div class=\"gtx-trans-icon\"><\/div>\n<\/div>\n<\/div><\/section><\/div><div class=\"flex_column av_one_full  flex_column_div av-zero-column-padding first  avia-builder-el-4  el_after_av_one_full  el_before_av_hr  column-top-margin\" style='border-radius:0px; '><section class=\"av_textblock_section \"  itemscope=\"itemscope\" itemtype=\"https:\/\/schema.org\/BlogPosting\" itemprop=\"blogPost\" ><div class='avia_textblock  '   itemprop=\"text\" ><p style=\"text-align: justify;\"><em>Los interesados en postular a estos fondos tienen plazo hasta este domingo 23 de marzo y deben hacerlo ingresando a <a href=\"http:\/\/www.fondos.gob.cl\">www.fondos.gob.cl<\/a>.<\/em><\/p>\n<p style=\"text-align: justify;\">Este 23 de marzo vence el plazo para postular al Fondo Concursable de Cultura y Sitios de Memoria 2025, iniciativa liderada por la Subsecretar\u00eda de Derechos Humanos y que invita a organizaciones a postular proyectos para fortalecer la memoria hist\u00f3rica y la reparaci\u00f3n simb\u00f3lica de v\u00edctimas de violaciones a DD.HH entre 1973 y 1990. Cabe mencionar que este a\u00f1o el fondo cuenta con un presupuesto de 148 millones de pesos.<\/p>\n<p style=\"text-align: justify;\">El seremi de Justicia y Derechos Humanos Samuel Navarro Castro se refiri\u00f3 a este fondo se\u00f1alando que \u201cestos fondos buscan preservar la memoria, gestionar en el \u00e1mbito de los derechos humanos para que situaciones ocurridas en la dictadura civil militar no vuelvan a repetirse, parte del trabajo de Derechos Humanos es avanzar en hacer memoria, tambi\u00e9n en hacer verdad y justicia, pero particularmente en hacer memoria para que las nuevas generaciones puedan conocer estos hechos, puedan tener conocimiento e informaci\u00f3n y de esta forma evitar que se repitan en el futuro\u201d.<\/p>\n<p style=\"text-align: justify;\">Respecto a las l\u00edneas de financiamiento, hay que se\u00f1alar que para los sitios de memoria existe un monto total de 85 millones de pesos con un tope de\u00a017 millones por proyecto, mientras que en el caso de cultura existe un monto de 63 millones de pesos con un tope de 10 millones por proyecto. Ahora pueden postular agrupaciones de familiares de v\u00edctimas detenidas desaparecidas y ejecutadas pol\u00edticas, agrupaciones de v\u00edctimas y sobrevivientes de prisi\u00f3n pol\u00edtica y tortura, organizaciones de promoci\u00f3n y defensa de los derechos humanos y organizaciones vinculadas a sitios de memoria, sean o no reconocidos como Monumento Hist\u00f3rico por el Consejo de Monumentos Nacionales.<\/p>\n<p style=\"text-align: justify;\">Finalmente, el seremi Navarro Castro hizo extensivo el llamado a las agrupaciones indicando que \u201csabemos que genera bastante inter\u00e9s y lo importante es que puedan consultar las modalidades, los requisitos y fundamentalmente que puedan presentar sus proyectos antes del 23 de marzo para postular a trav\u00e9s del portal de fondos <a href=\"http:\/\/www.fondos.gob.cl\">www.fondos.gob.cl<\/a> y en lo posible adjudicarse alg\u00fan monto de este fondo concursable\u201d concluy\u00f3.<\/p>\n<\/div><\/section><\/div><div  style='height:50px' class='hr hr-invisible   avia-builder-el-6  el_after_av_one_full  el_before_av_social_share '><span class='hr-inner ' ><span class='hr-inner-style'><\/span><\/span><\/div><\/p>\n<div  class='av-social-sharing-box  avia-builder-el-7  el_after_av_hr  el_before_av_hr  '><div class='av-share-box'><h5 class='av-share-link-description av-no-toc '>Compartir esta noticia<\/h5><ul class='av-share-box-list noLightbox'><li class='av-share-link av-social-link-facebook' ><a target=\"_blank\" aria-label=\"Compartir en Facebook\" href='https:\/\/www.facebook.com\/sharer.php?u=https:\/\/radiorevelacionfm.cl\/?p=51529&#038;t=Reiteran%20llamado%20a%20postular%20al%20Fondo%20Concursable%20de%20Cultura%20y%20Sitios%20de%20Memoria%202025' aria-hidden='false' data-av_icon='\ue8f3' data-av_iconfont='entypo-fontello' title='' data-avia-related-tooltip='Compartir en Facebook' rel=\"noopener\"><span class='avia_hidden_link_text'>Compartir en Facebook<\/span><\/a><\/li><li class='av-share-link av-social-link-twitter' ><a target=\"_blank\" aria-label=\"Compartir en Twitter\" href='https:\/\/twitter.com\/share?text=Reiteran%20llamado%20a%20postular%20al%20Fondo%20Concursable%20de%20Cultura%20y%20Sitios%20de%20Memoria%202025&#038;url=https:\/\/radiorevelacionfm.cl\/?p=51529' aria-hidden='false' data-av_icon='\ue8f1' data-av_iconfont='entypo-fontello' title='' data-avia-related-tooltip='Compartir en Twitter' rel=\"noopener\"><span class='avia_hidden_link_text'>Compartir en Twitter<\/span><\/a><\/li><li class='av-share-link av-social-link-whatsapp' ><a target=\"_blank\" aria-label=\"Compartir en Whatsapp\" href='https:\/\/api.whatsapp.com\/send?text=https:\/\/radiorevelacionfm.cl\/?p=51529' aria-hidden='false' data-av_icon='\uf232' data-av_iconfont='entypo-fontello' title='' data-avia-related-tooltip='Compartir en Whatsapp' rel=\"noopener\"><span class='avia_hidden_link_text'>Compartir en Whatsapp<\/span><\/a><\/li><li class='av-share-link av-social-link-linkedin' ><a target=\"_blank\" aria-label=\"Compartir en LinkedIn\" href='https:\/\/linkedin.com\/shareArticle?mini=true&#038;title=Reiteran%20llamado%20a%20postular%20al%20Fondo%20Concursable%20de%20Cultura%20y%20Sitios%20de%20Memoria%202025&#038;url=https:\/\/radiorevelacionfm.cl\/?p=51529' aria-hidden='false' data-av_icon='\ue8fc' data-av_iconfont='entypo-fontello' title='' data-avia-related-tooltip='Compartir en LinkedIn' rel=\"noopener\"><span class='avia_hidden_link_text'>Compartir en LinkedIn<\/span><\/a><\/li><li class='av-share-link av-social-link-mail' ><a  aria-label=\"Compartir por correo\" href='mailto:?subject=Reiteran%20llamado%20a%20postular%20al%20Fondo%20Concursable%20de%20Cultura%20y%20Sitios%20de%20Memoria%202025&#038;body=https:\/\/radiorevelacionfm.cl\/?p=51529' aria-hidden='false' data-av_icon='\ue805' data-av_iconfont='entypo-fontello' title='' data-avia-related-tooltip='Compartir por correo'><span class='avia_hidden_link_text'>Compartir por correo<\/span><\/a><\/li><\/ul><\/div><\/div>\n<div  style='height:50px' class='hr hr-invisible   avia-builder-el-8  el_after_av_social_share  el_before_av_comments_list '><span class='hr-inner ' ><span class='hr-inner-style'><\/span><\/span><\/div>\n<div  class='av-buildercomment  av-blog-meta-html-info-disabled av-blog-meta-tag-disabled  '><\/div>\n","protected":false},"excerpt":{"rendered":"","protected":false},"author":1,"featured_media":51530,"comment_status":"open","ping_status":"open","sticky":false,"template":"","format":"standard","meta":{"footnotes":""},"categories":[38],"tags":[],"class_list":["post-51529","post","type-post","status-publish","format-standard","has-post-thumbnail","hentry","category-regional"],"jetpack_featured_media_url":"https:\/\/radiorevelacionfm.cl\/wp-content\/uploads\/2025\/03\/fondo-concursable-1-1_optimized.jpg","_links":{"self":[{"href":"https:\/\/radiorevelacionfm.cl\/index.php?rest_route=\/wp\/v2\/posts\/51529","targetHints":{"allow":["GET"]}}],"collection":[{"href":"https:\/\/radiorevelacionfm.cl\/index.php?rest_route=\/wp\/v2\/posts"}],"about":[{"href":"https:\/\/radiorevelacionfm.cl\/index.php?rest_route=\/wp\/v2\/types\/post"}],"author":[{"embeddable":true,"href":"https:\/\/radiorevelacionfm.cl\/index.php?rest_route=\/wp\/v2\/users\/1"}],"replies":[{"embeddable":true,"href":"https:\/\/radiorevelacionfm.cl\/index.php?rest_route=%2Fwp%2Fv2%2Fcomments&post=51529"}],"version-history":[{"count":1,"href":"https:\/\/radiorevelacionfm.cl\/index.php?rest_route=\/wp\/v2\/posts\/51529\/revisions"}],"predecessor-version":[{"id":51531,"href":"https:\/\/radiorevelacionfm.cl\/index.php?rest_route=\/wp\/v2\/posts\/51529\/revisions\/51531"}],"wp:featuredmedia":[{"embeddable":true,"href":"https:\/\/radiorevelacionfm.cl\/index.php?rest_route=\/wp\/v2\/media\/51530"}],"wp:attachment":[{"href":"https:\/\/radiorevelacionfm.cl\/index.php?rest_route=%2Fwp%2Fv2%2Fmedia&parent=51529"}],"wp:term":[{"taxonomy":"category","embeddable":true,"href":"https:\/\/radiorevelacionfm.cl\/index.php?rest_route=%2Fwp%2Fv2%2Fcategories&post=51529"},{"taxonomy":"post_tag","embeddable":true,"href":"https:\/\/radiorevelacionfm.cl\/index.php?rest_route=%2Fwp%2Fv2%2Ftags&post=51529"}],"curies":[{"name":"wp","href":"https:\/\/api.w.org\/{rel}","templated":true}]}}