{"id":51526,"date":"2025-03-18T21:27:07","date_gmt":"2025-03-19T00:27:07","guid":{"rendered":"https:\/\/radiorevelacionfm.cl\/?p=51526"},"modified":"2025-03-18T21:27:07","modified_gmt":"2025-03-19T00:27:07","slug":"sernac-conmemoro-dia-del-consumidor-en-coyhaique","status":"publish","type":"post","link":"https:\/\/radiorevelacionfm.cl\/?p=51526","title":{"rendered":"Sernac conmemor\u00f3 \u201cD\u00eda del Consumidor\u201d en Coyhaique"},"content":{"rendered":"<div class=\"flex_column av_one_full  flex_column_div av-zero-column-padding first  avia-builder-el-0  el_before_av_one_full  avia-builder-el-first  \" style='border-radius:0px; '><div  class='avia-image-container  av-styling-    avia-builder-el-1  avia-builder-el-no-sibling  avia-align-center '  itemprop=\"image\" itemscope=\"itemscope\" itemtype=\"https:\/\/schema.org\/ImageObject\"  ><div class='avia-image-container-inner'><div class='avia-image-overlay-wrap'><img decoding=\"async\" class='wp-image-51527 avia-img-lazy-loading-not-51527 avia_image' src=\"https:\/\/radiorevelacionfm.cl\/wp-content\/uploads\/2025\/03\/sernac-dia-consumidor-1_optimized-1.jpg\" alt='' title='sernac-dia-consumidor-(1)_optimized (1)' height=\"600\" width=\"800\"  itemprop=\"thumbnailUrl\" srcset=\"https:\/\/radiorevelacionfm.cl\/wp-content\/uploads\/2025\/03\/sernac-dia-consumidor-1_optimized-1.jpg 800w, https:\/\/radiorevelacionfm.cl\/wp-content\/uploads\/2025\/03\/sernac-dia-consumidor-1_optimized-1-300x225.jpg 300w, https:\/\/radiorevelacionfm.cl\/wp-content\/uploads\/2025\/03\/sernac-dia-consumidor-1_optimized-1-768x576.jpg 768w, https:\/\/radiorevelacionfm.cl\/wp-content\/uploads\/2025\/03\/sernac-dia-consumidor-1_optimized-1-705x529.jpg 705w, https:\/\/radiorevelacionfm.cl\/wp-content\/uploads\/2025\/03\/sernac-dia-consumidor-1_optimized-1-450x338.jpg 450w, https:\/\/radiorevelacionfm.cl\/wp-content\/uploads\/2025\/03\/sernac-dia-consumidor-1_optimized-1-600x450.jpg 600w\" sizes=\"(max-width: 800px) 100vw, 800px\" \/><\/div><\/div><\/div><\/div><div class=\"flex_column av_one_full  flex_column_div av-zero-column-padding first  avia-builder-el-2  el_after_av_one_full  el_before_av_one_full  column-top-margin\" style='border-radius:0px; '><section class=\"av_textblock_section \"  itemscope=\"itemscope\" itemtype=\"https:\/\/schema.org\/BlogPosting\" itemprop=\"blogPost\" ><div class='avia_textblock  '   itemprop=\"text\" ><p style=\"text-align: center;\"><strong><span style=\"font-size: 18pt;\">Sernac conmemor\u00f3 \u201cD\u00eda del Consumidor\u201d en Coyhaique<\/span><\/strong><\/p>\n<div id=\"gtx-trans\" style=\"position: absolute; left: -50px; top: 4.31534px;\">\n<div class=\"gtx-trans-icon\"><\/div>\n<\/div>\n<\/div><\/section><\/div><div class=\"flex_column av_one_full  flex_column_div av-zero-column-padding first  avia-builder-el-4  el_after_av_one_full  el_before_av_hr  column-top-margin\" style='border-radius:0px; '><section class=\"av_textblock_section \"  itemscope=\"itemscope\" itemtype=\"https:\/\/schema.org\/BlogPosting\" itemprop=\"blogPost\" ><div class='avia_textblock  '   itemprop=\"text\" ><p style=\"text-align: justify;\">Mediante dos actividades simult\u00e1neas, la Direcci\u00f3n Regional de Sernac relev\u00f3 la importancia del D\u00eda del Consumidor. Una Feria de Servicios y la aplicaci\u00f3n de una Consulta Ciudadana, donde a trav\u00e9s de esta iniciativa las y los consumidores pudieron indicar las problem\u00e1ticas de consumo que consideran prioritarias, con el fin de que Sernac enfoque su actuar fiscalizador. Con estas respuestas se construir\u00e1 el \u201cPlan Anual de Fiscalizaci\u00f3n 2025\u201d, el que se est\u00e1 desarrollando junto a la ciudadan\u00eda.<\/p>\n<p style=\"text-align: justify;\">Con el principal objetivo de poner en el centro los derechos de los y las consumidoras, la Direcci\u00f3n Regional de Sernac, realiz\u00f3 el lunes 17 de marzo, una Feria de Servicios, para poner a disposici\u00f3n de la ciudadan\u00eda a diversos actores p\u00fablicos que forman parte de la red de protecci\u00f3n de derechos de consumidores en nuestro territorio. Justamente en el marco de la conmemoraci\u00f3n del \u201cD\u00eda Mundial del Consumidor\u201d, que ha sido relevado en todo nuestro pa\u00eds, el Sernac desarroll\u00f3 una Consulta Ciudadana con el objetivo de conocer de primera fuente las principales problem\u00e1ticas para incluirlas en su Plan de Fiscalizaci\u00f3n 2025.<\/p>\n<p style=\"text-align: justify;\">Al respecto, la Directora de Sernac Ays\u00e9n, Sandra Espinoza Tordecilla, coment\u00f3 que: \u201cEn esta oportunidad hemos querido realizar dos actividades de forma simult\u00e1nea; una Feria de Servicios P\u00fablicos, que son aquellos que conforman nuestra red de protecci\u00f3n al consumidor, donde las personas se pueden acercar a buscar informaci\u00f3n sobre sus derechos, pero tambi\u00e9n si as\u00ed lo requieren, realizar consultas y reclamos. Por otra parte, hoy en todo el pa\u00eds se est\u00e1 aplicando una consulta ciudadana. \u00bfPor qu\u00e9 es importante esto?, porque queremos recoger de primera fuente la opini\u00f3n de las personas en aquellas tem\u00e1ticas que m\u00e1s les afectan y que m\u00e1s les preocupan. De este modo, desde Sernac hacemos un llamado a la ciudadan\u00eda para que nos apoyen y construyamos en conjunto nuestro plan de fiscalizaci\u00f3n 2025\u201d.<\/p>\n<p style=\"text-align: justify;\">La consulta p\u00fablica tambi\u00e9n est\u00e1 disponible hasta el pr\u00f3ximo 04 de abril, en formato digital en el sitio web institucional <a href=\"http:\/\/www.sernac.cl\">www.sernac.cl<\/a>. Una vez cumplido el plazo, los aportes de las y los ciudadanos ser\u00e1n sistematizados e incluidos en el plan de fiscalizaci\u00f3n.<\/p>\n<p style=\"text-align: justify;\">Durante la actividad, el Delegado Presidencial Regional Jorge D\u00edaz Guzm\u00e1n, puso sobre relieve la importancia de realizar hitos como este, donde se pone a disposici\u00f3n de la comunidad en general, una serie de elementos que en su conjunto, informan y empoderan a las y los consumidores; \u201cLo que estamos haciendo en este d\u00eda mundial del consumidor, es hacer conciencia de que en la medida que cada uno conozca los derechos que tiene como consumidor, ya sea de los productos o de los servicios que uno utiliza o consume desde el punto de vista de lo que es el mercado, los consumidores y consumidoras podr\u00e1n hacer valer esos derechos que muchas veces son vulnerados, en productos o servicios que se utilizan diariamente\u201d.<\/p>\n<p style=\"text-align: justify;\">Finalmente, el Seremi de Econom\u00eda Felipe Rojas Pizarro, destac\u00f3 la importancia del trabajo que realiza Sernac y subray\u00f3 la relevancia del Proyecto Sernac te Protege; \u201cDesde el Ministerio de Econom\u00eda y como Gobierno estamos trabajando en un proyecto de ley que est\u00e1 en el Congreso para potenciar el rol fiscalizador del Sernac y esto es relevante, no s\u00f3lo para los consumidores, sino que tambi\u00e9n para las empresas. Tenemos empresas que poseen un buen desempe\u00f1o, una buena vinculaci\u00f3n con sus clientes y consumidores, generando un mejor valor social, pero tambi\u00e9n existen otras que tienen un mal desempe\u00f1o, lo que finalmente termina perjudicando a las que hacen un buen trabajo con sus clientes. As\u00ed que en ese sentido este proyecto busca generar un mayor resguardo para los consumidores en Chile\u201d.<\/p>\n<p style=\"text-align: justify;\">En esta actividad realizada en el Terminal de buses de Coyhaique, participaron diversos servicios p\u00fablicos, entre ellos la Superintendencia de Insolvencia y Reemprendimiento, SERNATUR, SERCOTEC, Fundaci\u00f3n Prodemu, Superintendencia de Electricidad y Combustibles (SEC), la Superintendencia de Servicios Sanitarios (SISS), Ministerio de Desarrollo Social y Familia, SENAMA, Servicio Nacional de la Mujer y Equidad de G\u00e9nero, y la Coordinadora Regional de Seguridad P\u00fablica.<\/p>\n<\/div><\/section><\/div><div  style='height:50px' class='hr hr-invisible   avia-builder-el-6  el_after_av_one_full  el_before_av_social_share '><span class='hr-inner ' ><span class='hr-inner-style'><\/span><\/span><\/div><\/p>\n<div  class='av-social-sharing-box  avia-builder-el-7  el_after_av_hr  el_before_av_hr  '><div class='av-share-box'><h5 class='av-share-link-description av-no-toc '>Compartir esta noticia<\/h5><ul class='av-share-box-list noLightbox'><li class='av-share-link av-social-link-facebook' ><a target=\"_blank\" aria-label=\"Compartir en Facebook\" href='https:\/\/www.facebook.com\/sharer.php?u=https:\/\/radiorevelacionfm.cl\/?p=51526&#038;t=Sernac%20conmemor%C3%B3%20%E2%80%9CD%C3%ADa%20del%20Consumidor%E2%80%9D%20en%20Coyhaique' aria-hidden='false' data-av_icon='\ue8f3' data-av_iconfont='entypo-fontello' title='' data-avia-related-tooltip='Compartir en Facebook' rel=\"noopener\"><span class='avia_hidden_link_text'>Compartir en Facebook<\/span><\/a><\/li><li class='av-share-link av-social-link-twitter' ><a target=\"_blank\" aria-label=\"Compartir en Twitter\" href='https:\/\/twitter.com\/share?text=Sernac%20conmemor%C3%B3%20%E2%80%9CD%C3%ADa%20del%20Consumidor%E2%80%9D%20en%20Coyhaique&#038;url=https:\/\/radiorevelacionfm.cl\/?p=51526' aria-hidden='false' data-av_icon='\ue8f1' data-av_iconfont='entypo-fontello' title='' data-avia-related-tooltip='Compartir en Twitter' rel=\"noopener\"><span class='avia_hidden_link_text'>Compartir en Twitter<\/span><\/a><\/li><li class='av-share-link av-social-link-whatsapp' ><a target=\"_blank\" aria-label=\"Compartir en Whatsapp\" href='https:\/\/api.whatsapp.com\/send?text=https:\/\/radiorevelacionfm.cl\/?p=51526' aria-hidden='false' data-av_icon='\uf232' data-av_iconfont='entypo-fontello' title='' data-avia-related-tooltip='Compartir en Whatsapp' rel=\"noopener\"><span class='avia_hidden_link_text'>Compartir en Whatsapp<\/span><\/a><\/li><li class='av-share-link av-social-link-linkedin' ><a target=\"_blank\" aria-label=\"Compartir en LinkedIn\" href='https:\/\/linkedin.com\/shareArticle?mini=true&#038;title=Sernac%20conmemor%C3%B3%20%E2%80%9CD%C3%ADa%20del%20Consumidor%E2%80%9D%20en%20Coyhaique&#038;url=https:\/\/radiorevelacionfm.cl\/?p=51526' aria-hidden='false' data-av_icon='\ue8fc' data-av_iconfont='entypo-fontello' title='' data-avia-related-tooltip='Compartir en LinkedIn' rel=\"noopener\"><span class='avia_hidden_link_text'>Compartir en LinkedIn<\/span><\/a><\/li><li class='av-share-link av-social-link-mail' ><a  aria-label=\"Compartir por correo\" href='mailto:?subject=Sernac%20conmemor%C3%B3%20%E2%80%9CD%C3%ADa%20del%20Consumidor%E2%80%9D%20en%20Coyhaique&#038;body=https:\/\/radiorevelacionfm.cl\/?p=51526' aria-hidden='false' data-av_icon='\ue805' data-av_iconfont='entypo-fontello' title='' data-avia-related-tooltip='Compartir por correo'><span class='avia_hidden_link_text'>Compartir por correo<\/span><\/a><\/li><\/ul><\/div><\/div>\n<div  style='height:50px' class='hr hr-invisible   avia-builder-el-8  el_after_av_social_share  el_before_av_comments_list '><span class='hr-inner ' ><span class='hr-inner-style'><\/span><\/span><\/div>\n<div  class='av-buildercomment  av-blog-meta-html-info-disabled av-blog-meta-tag-disabled  '><\/div>\n","protected":false},"excerpt":{"rendered":"","protected":false},"author":1,"featured_media":51527,"comment_status":"open","ping_status":"open","sticky":false,"template":"","format":"standard","meta":{"footnotes":""},"categories":[38],"tags":[],"class_list":["post-51526","post","type-post","status-publish","format-standard","has-post-thumbnail","hentry","category-regional"],"jetpack_featured_media_url":"https:\/\/radiorevelacionfm.cl\/wp-content\/uploads\/2025\/03\/sernac-dia-consumidor-1_optimized-1.jpg","_links":{"self":[{"href":"https:\/\/radiorevelacionfm.cl\/index.php?rest_route=\/wp\/v2\/posts\/51526","targetHints":{"allow":["GET"]}}],"collection":[{"href":"https:\/\/radiorevelacionfm.cl\/index.php?rest_route=\/wp\/v2\/posts"}],"about":[{"href":"https:\/\/radiorevelacionfm.cl\/index.php?rest_route=\/wp\/v2\/types\/post"}],"author":[{"embeddable":true,"href":"https:\/\/radiorevelacionfm.cl\/index.php?rest_route=\/wp\/v2\/users\/1"}],"replies":[{"embeddable":true,"href":"https:\/\/radiorevelacionfm.cl\/index.php?rest_route=%2Fwp%2Fv2%2Fcomments&post=51526"}],"version-history":[{"count":1,"href":"https:\/\/radiorevelacionfm.cl\/index.php?rest_route=\/wp\/v2\/posts\/51526\/revisions"}],"predecessor-version":[{"id":51528,"href":"https:\/\/radiorevelacionfm.cl\/index.php?rest_route=\/wp\/v2\/posts\/51526\/revisions\/51528"}],"wp:featuredmedia":[{"embeddable":true,"href":"https:\/\/radiorevelacionfm.cl\/index.php?rest_route=\/wp\/v2\/media\/51527"}],"wp:attachment":[{"href":"https:\/\/radiorevelacionfm.cl\/index.php?rest_route=%2Fwp%2Fv2%2Fmedia&parent=51526"}],"wp:term":[{"taxonomy":"category","embeddable":true,"href":"https:\/\/radiorevelacionfm.cl\/index.php?rest_route=%2Fwp%2Fv2%2Fcategories&post=51526"},{"taxonomy":"post_tag","embeddable":true,"href":"https:\/\/radiorevelacionfm.cl\/index.php?rest_route=%2Fwp%2Fv2%2Ftags&post=51526"}],"curies":[{"name":"wp","href":"https:\/\/api.w.org\/{rel}","templated":true}]}}