{"id":51523,"date":"2025-03-18T11:21:07","date_gmt":"2025-03-18T14:21:07","guid":{"rendered":"https:\/\/radiorevelacionfm.cl\/?p=51523"},"modified":"2025-03-18T11:21:07","modified_gmt":"2025-03-18T14:21:07","slug":"corporacion-chelenko-y-gobernador-santana-acuerdan-acciones-para-fortalecer-el-turismo-sustentable-en-el-territorio","status":"publish","type":"post","link":"https:\/\/radiorevelacionfm.cl\/?p=51523","title":{"rendered":"Corporaci\u00f3n Chelenko y gobernador Santana acuerdan acciones para fortalecer el turismo sustentable en el territorio"},"content":{"rendered":"<div class=\"flex_column av_one_full  flex_column_div av-zero-column-padding first  avia-builder-el-0  el_before_av_one_full  avia-builder-el-first  \" style='border-radius:0px; '><div  class='avia-image-container  av-styling-    avia-builder-el-1  avia-builder-el-no-sibling  avia-align-center '  itemprop=\"image\" itemscope=\"itemscope\" itemtype=\"https:\/\/schema.org\/ImageObject\"  ><div class='avia-image-container-inner'><div class='avia-image-overlay-wrap'><img decoding=\"async\" class='wp-image-51524 avia-img-lazy-loading-not-51524 avia_image' src=\"https:\/\/radiorevelacionfm.cl\/wp-content\/uploads\/2025\/03\/20250313_113940-1-1.jpg\" alt='' title='20250313_113940 (1) (1)' height=\"600\" width=\"800\"  itemprop=\"thumbnailUrl\" srcset=\"https:\/\/radiorevelacionfm.cl\/wp-content\/uploads\/2025\/03\/20250313_113940-1-1.jpg 800w, https:\/\/radiorevelacionfm.cl\/wp-content\/uploads\/2025\/03\/20250313_113940-1-1-300x225.jpg 300w, https:\/\/radiorevelacionfm.cl\/wp-content\/uploads\/2025\/03\/20250313_113940-1-1-768x576.jpg 768w, https:\/\/radiorevelacionfm.cl\/wp-content\/uploads\/2025\/03\/20250313_113940-1-1-705x529.jpg 705w, https:\/\/radiorevelacionfm.cl\/wp-content\/uploads\/2025\/03\/20250313_113940-1-1-450x338.jpg 450w, https:\/\/radiorevelacionfm.cl\/wp-content\/uploads\/2025\/03\/20250313_113940-1-1-600x450.jpg 600w\" sizes=\"(max-width: 800px) 100vw, 800px\" \/><\/div><\/div><\/div><\/div><div class=\"flex_column av_one_full  flex_column_div av-zero-column-padding first  avia-builder-el-2  el_after_av_one_full  el_before_av_one_full  column-top-margin\" style='border-radius:0px; '><section class=\"av_textblock_section \"  itemscope=\"itemscope\" itemtype=\"https:\/\/schema.org\/BlogPosting\" itemprop=\"blogPost\" ><div class='avia_textblock  '   itemprop=\"text\" ><p style=\"text-align: center;\"><span style=\"font-size: 18pt;\"><b><span lang=\"ES-TRAD\">Corporaci\u00f3n Chelenko y gobernador Santana acuerdan acciones para fortalecer el turismo sustentable en el territorio<\/span><\/b><\/span><\/p>\n<div id=\"gtx-trans\" style=\"position: absolute; left: -50px; top: 4.31534px;\">\n<div class=\"gtx-trans-icon\"><\/div>\n<\/div>\n<\/div><\/section><\/div><div class=\"flex_column av_one_full  flex_column_div av-zero-column-padding first  avia-builder-el-4  el_after_av_one_full  el_before_av_hr  column-top-margin\" style='border-radius:0px; '><section class=\"av_textblock_section \"  itemscope=\"itemscope\" itemtype=\"https:\/\/schema.org\/BlogPosting\" itemprop=\"blogPost\" ><div class='avia_textblock  '   itemprop=\"text\" ><ul>\n<li><i><span lang=\"ES-TRAD\">En este primer encuentro se plantearon distintas materias relacionadas con reducir la estacionalidad del sector, la gastronom\u00eda de productos locales, infraestructuras habilitantes de las localidades tur\u00edsticas, el ordenamiento territorial y la gesti\u00f3n de los residuos, entre otros.<\/span><\/i><\/li>\n<li class=\"v1MsoNormal\" style=\"text-align: justify;\"><i><span lang=\"ES-TRAD\">Para ello, el gobernador comprometi\u00f3 desarrollar con la Corporaci\u00f3n Chelenko de un plan a mediano plazo enfocado en las principales materias abordadas, en el cual se puedan sumar los municipios de Chile Chico y R\u00edo Ib\u00e1\u00f1ez, y que se enfoque en el turismo sustentable.<span class=\"v1gmail-Apple-converted-space\">\u00a0<\/span><\/span><\/i><\/li>\n<\/ul>\n<p class=\"v1MsoNormal\" style=\"text-align: justify;\"><span lang=\"ES-TRAD\">Una fruct\u00edfera reuni\u00f3n entre el gobernador Marcelo Santana y dirigentes de la Corporaci\u00f3n Chelenko se materializ\u00f3 en Coyhaique, en una cita que busc\u00f3 determinar caminos de confluencia entre el plan del Gobierno Regional y los objetivos de la contraparte privada de la Zona de Inter\u00e9s Tur\u00edstico Chelenko. Al encuentro concurrieron representantes de las m\u00faltiples organizaciones y localidades que componen la corporaci\u00f3n, quienes pudieron plantear tanto los objetivos de la organizaci\u00f3n como las demandas espec\u00edficas del territorio para el desarrollo de un turismo sustentable.<\/span><\/p>\n<p class=\"v1MsoNormal\" style=\"text-align: justify;\"><strong><span lang=\"ES-TRAD\">Algunos temas<\/span><\/strong><\/p>\n<p class=\"v1MsoNormal\" style=\"text-align: justify;\"><span lang=\"ES-TRAD\">En la ocasi\u00f3n se expuso sobre los resultados y continuidad del<span class=\"v1gmail-Apple-converted-space\">\u00a0<\/span>Bien P\u00fablico \u00abTurismo Cero Impacto: Valor agregado y adaptaci\u00f3n clim\u00e1tica con cocina local y gesti\u00f3n de residuos\u00bb<span class=\"v1gmail-Apple-converted-space\">\u00a0<\/span>que ejecuta la Corporaci\u00f3n Chelenko por mandato de SERNATUR Ays\u00e9n y financiamiento de CORFO, con foco en<span class=\"v1gmail-Apple-converted-space\">\u00a0<\/span>cocina huella cero de gastronom\u00eda local,<span class=\"v1gmail-Apple-converted-space\">\u00a0<\/span>gesti\u00f3n integral de residuos<span class=\"v1gmail-Apple-converted-space\">\u00a0<\/span>y una propuesta de<span class=\"v1gmail-Apple-converted-space\">\u00a0<\/span>Observatorio de Turismo Sustentable y Cambio Clim\u00e1tico. Adem\u00e1s, avanzar en instrumentos de planificaci\u00f3n y ordenamiento en el territorio.<\/span><\/p>\n<p class=\"v1MsoNormal\" style=\"text-align: justify;\"><span lang=\"ES-TRAD\">Entre m\u00faltiples temas, por<span class=\"v1gmail-Apple-converted-space\">\u00a0<\/span>Puerto S\u00e1nchez<span class=\"v1gmail-Apple-converted-space\">\u00a0<\/span>se plante\u00f3 la necesidad de un muelle p\u00fablico para facilitar las operaciones tur\u00edsticas e implementar una feria de artesan\u00edas. En el caso de<span class=\"v1gmail-Apple-converted-space\">\u00a0<\/span>Bah\u00eda Murta, dado el alto capital organizacional de la localidad, coordinar trabajo con cada organizaci\u00f3n, adem\u00e1s de contar con infraestructura para el manejo de residuos que la comunidad realiza desde hace a\u00f1os, lo cual se puede operativizar a trav\u00e9s de un punto limpio, como ya existe en las otras localidades de la comuna. Asimismo, considerando que en la Carretera Austral Bah\u00eda Murta es el primer poblado donde el visitante se encuentra con el gran lago, se requiere trabajar en proyectos de borde costero con foco en el turismo. Y para<span class=\"v1gmail-Apple-converted-space\">\u00a0<\/span>Puerto R\u00edo Tranquilo<span class=\"v1gmail-Apple-converted-space\">\u00a0<\/span>se plante\u00f3 la consolidaci\u00f3n de eventos fuera de temporada como el \u00abFestival de la Cosecha\u00bb y carreras como \u00abLa senda del Puma\u00bb, entre otros, junto con avanzar en el mejoramiento de la ruta hacia Exploradores, y la infraestructura habilitante, incluido el muelle del lugar.<\/span><\/p>\n<p class=\"v1MsoNormal\" style=\"text-align: justify;\"><span lang=\"ES-TRAD\">Para<span class=\"v1gmail-Apple-converted-space\">\u00a0<\/span>Puerto Guadal<span class=\"v1gmail-Apple-converted-space\">\u00a0<\/span>se abord\u00f3 el tema de las motorhome, la posibilidad de avanzar en ordenamiento n\u00e1utico y del borde costero, adem\u00e1s del apoyo de actividades ya consolidadas como el \u00abFestival de la Cosecha\u00bb y el \u00abReto Tehuelche\u00bb, junto con el mejoramiento del alcantarillado, la gesti\u00f3n de residuos<\/span><span lang=\"ES-TRAD\">\u202fy<span class=\"v1gmail-Apple-converted-space\">\u00a0<\/span><\/span><span lang=\"ES-TRAD\">humedales urbanos. En<span class=\"v1gmail-Apple-converted-space\">\u00a0<\/span>Puerto Bertrand<span class=\"v1gmail-Apple-converted-space\">\u00a0<\/span>el tema de las casas rodantes y uso del borde costero se reiter\u00f3, adem\u00e1s de los problemas que genera la falta de espacios p\u00fablicos para el desarrollo del turismo. Y en<span class=\"v1gmail-Apple-converted-space\">\u00a0<\/span>El Le\u00f3n, regularizar la situaci\u00f3n del puente Meliquina, que est\u00e1 en un camino particular pero que es la \u00fanica v\u00eda de acceso al sector del glaciar Leones del Parque Nacional Laguna San Rafael.<span class=\"v1gmail-Apple-converted-space\">\u00a0<\/span><\/span><\/p>\n<p class=\"v1MsoNormal\" style=\"text-align: justify;\"><span lang=\"ES-TRAD\">Por \u00faltimo, por<span class=\"v1gmail-Apple-converted-space\">\u00a0<\/span>Chile Chico, se enfocaron en la necesidad de avanzar en programas e iniciativas de educaci\u00f3n socioambiental de car\u00e1cter sistem\u00e1tico y con continuidad en el tiempo con el fin de generar un mayor impacto en el largo plazo, potenciando alianzas entre las universidades, SLEP y el trabajo en los territorios que realiza la sociedad civil a modo de visi\u00f3n regional de educaci\u00f3n para la sustentabilidad.<\/span><\/p>\n<p class=\"v1MsoNormal\" style=\"text-align: justify;\"><strong><span lang=\"ES-TRAD\">Impresiones<\/span><\/strong><\/p>\n<p class=\"v1MsoNormal\" style=\"text-align: justify;\"><span lang=\"ES-TRAD\">\u00ab<i>Hemos sostenido una importante reuni\u00f3n con la Corporaci\u00f3n Chelenko, que re\u00fane a empresas, pymes de la cuenca del Lago General Carrera y que est\u00e1n muy relacionadas con la actividad tur\u00edstica, con el desarrollo del turismo sostenible tambi\u00e9n en esa zona<\/i>\u00ab<span class=\"v1gmail-Apple-converted-space\">\u00a0<\/span>explic\u00f3 el gobernador Marcelo Santana Vargas. Puntualiz\u00f3 que \u00ab<i>hemos propuesto desarrollar un plan de mediano plazo que nos permita avanzar en distintos \u00e1mbitos relacionados con el turismo, como la gesti\u00f3n de residuos, infraestructura p\u00fablica asociada al turismo, y el trabajo gremial que debe seguir fortaleci\u00e9ndose<\/i>\u00ab.<span class=\"v1gmail-Apple-converted-space\">\u00a0<\/span><\/span><\/p>\n<p class=\"v1MsoNormal\" style=\"text-align: justify;\"><span lang=\"ES-TRAD\">En este sentido, se\u00f1al\u00f3 que \u00ab<i>esperamos pronto poder estar suscribiendo estos acuerdos con la corporaci\u00f3n, Chelenko, y tambi\u00e9n con los municipios de Chile Chico y de R\u00edo Ib\u00e1\u00f1ez<\/i>\u00ab, por lo cual \u00ab<i>ha sido una muy fruct\u00edfera reuni\u00f3n y esperamos tambi\u00e9n replicarlas con otras corporaciones de este \u00e1mbito en el resto de la regi\u00f3n<\/i>\u00ab.<\/span><\/p>\n<p class=\"v1MsoNormal\" style=\"text-align: justify;\"><span lang=\"ES-TRAD\">En tanto, la<span class=\"v1gmail-Apple-converted-space\">\u00a0<\/span>presidenta de la Corporaci\u00f3n Chelenko, Miriam Chible Contreras,<span class=\"v1gmail-Apple-converted-space\">\u00a0<\/span>explic\u00f3 que \u00ab<i>la reuni\u00f3n con el gobernador fue bien fruct\u00edfera, con una alta representatividad del territorio, variadas organizaciones que son socias de la Corporaci\u00f3n Chelenko<\/i>\u00ab.<\/span><\/p>\n<p class=\"v1MsoNormal\" style=\"text-align: justify;\"><span lang=\"ES-TRAD\">En este sentido, \u00ab<i>logramos tocar todas las tem\u00e1ticas que cada localidad arrastra sin respuesta y nos sentimos bien entusiasmados porque, en el fondo, la recepci\u00f3n de parte del gobernador regional y su equipo fue de un seguimiento hacia cada planteamiento que se le hac\u00eda de cada lugar<\/i>\u00ab. Agreg\u00f3 que \u00ab<i>nos anunciaron algunas noticias importantes, relevantes para el territorio y sobre todo para la visi\u00f3n que tiene la Corporaci\u00f3n Chelenko de desarrollo sustentable para el destino, lo que involucra much\u00edsimos principios que tienen que ver con esto , por ejemplo, bajar la estacionalidad del sector, la gastronom\u00eda basada en productos locales (Cocina Huella Cero), infraestructuras habilitantes de las localidades tur\u00edsticas, el ordenamiento territorial, encadenamiento productivo y la gesti\u00f3n de los residuos, entre otros<\/i>\u00ab.<\/span><\/p>\n<p class=\"v1MsoNormal\" style=\"text-align: justify;\"><span lang=\"ES-TRAD\">El<span class=\"v1gmail-Apple-converted-space\">\u00a0<\/span>presidente del Comit\u00e9 de Turismo de Puerto S\u00e1nchez, Gonzalo Reyes Barr\u00eda,<span class=\"v1gmail-Apple-converted-space\">\u00a0<\/span>explic\u00f3 que \u00ab<i>tuvimos una importante reuni\u00f3n con el gobernador regional, Marcelo Santana. La verdad, muy contentos por la recepci\u00f3n, por poder plantear temas hist\u00f3ricos de Puerto S\u00e1nchez que el gobernador conoce, porque \u00e9l fue alcalde de nuestra comuna<\/i>\u00bb se\u00f1al\u00f3 al respecto Gonzalo Reyes. Destac\u00f3 \u00ab<i>poder participar como corporaci\u00f3n, representando gran parte de las localidades de la cuenca del lago General Carrera, algunos presenciales, otros online. La verdad que se ve una uni\u00f3n que a futuro va a ser una fuerza muy importante para que saquemos todos nuestros temitas que son tan relevantes en cada localidad<\/i>\u00ab.<\/span><\/p>\n<p class=\"v1MsoNormal\" style=\"text-align: justify;\"><span lang=\"ES-TRAD\">Por el<span class=\"v1gmail-Apple-converted-space\">\u00a0<\/span>Comit\u00e9 de Emprendimiento y Turismo de Puerto Bertrand se conect\u00f3 online, Fernando Pavez von Martens<span class=\"v1gmail-Apple-converted-space\">\u00a0<\/span>se\u00f1al\u00f3 que \u00ab<i>fue una reuni\u00f3n bastante agradable, con muy buena disposici\u00f3n de parte del Gobierno Regional. Se nota que existe cierta experiencia y est\u00e1 bien a caballo de los temas y eso tambi\u00e9n genera tranquilidad<\/i>\u00ab. En su visi\u00f3n, es \u00ab<i>importante que el gobernador sepa que la Corporaci\u00f3n Chelenko lleva mucho tiempo trabajando, que se han hecho pilotos que son proyectos pioneros en la regi\u00f3n. Si nos ponemos de acuerdo vamos a llegar a un buen puerto<\/i>\u00ab.<\/span><\/p>\n<p class=\"v1MsoNormal\" style=\"text-align: justify;\"><span lang=\"ES-TRAD\">En la cita estuvieron presentes, adem\u00e1s, la<span class=\"v1gmail-Apple-converted-space\">\u00a0<\/span>vicepresidenta de la corporaci\u00f3n Jasmia Y\u00e1\u00f1ez Henr\u00edquez,<span class=\"v1gmail-Apple-converted-space\">\u00a0<\/span>y la<span class=\"v1gmail-Apple-converted-space\">\u00a0<\/span>representante de la C\u00e1mara de Comercio y Turismo Marcela Calder\u00f3n Hermosilla, y los jefes de las<span class=\"v1gmail-Apple-converted-space\">\u00a0<\/span>divisiones de Planificaci\u00f3n y Desarrollo Omar Mu\u00f1oz Sierra<span class=\"v1gmail-Apple-converted-space\">\u00a0<\/span>y de<span class=\"v1gmail-Apple-converted-space\">\u00a0<\/span>Fomento e Industria Fernando Guzm\u00e1n Espinoza,<span class=\"v1gmail-Apple-converted-space\">\u00a0<\/span>con quienes se continuar\u00e1 en detalle el trabajo sobre la base de los compromisos establecidos.\u00a0<span class=\"v1gmail-Apple-converted-space\">\u00a0<\/span><\/span><\/p>\n<p class=\"v1MsoNormal\" style=\"text-align: justify;\"><span lang=\"ES-TRAD\">Junto a ellos, asistieron online representantes de la<span class=\"v1gmail-Apple-converted-space\">\u00a0<\/span>AG Hielo Norte de Puerto R\u00edo Tranquilo, la<span class=\"v1gmail-Apple-converted-space\">\u00a0<\/span>Agrupaci\u00f3n de Turismo Calafates de Bah\u00eda Murta, la<span class=\"v1gmail-Apple-converted-space\">\u00a0<\/span>AG de Turismo de Puerto Guadal, la<span class=\"v1gmail-Apple-converted-space\">\u00a0<\/span>Agrupaci\u00f3n de Artesanas ArteChelenko de Puerto Guadal, el<span class=\"v1gmail-Apple-converted-space\">\u00a0<\/span>Comit\u00e9 de Turismo de El Le\u00f3n, la<span class=\"v1gmail-Apple-converted-space\">\u00a0<\/span>Feria Campesina de Bah\u00eda Murta, la<span class=\"v1gmail-Apple-converted-space\">\u00a0<\/span>C\u00e1mara de Comercio y Turismo de Puerto R\u00edo Tranquilo<span class=\"v1gmail-Apple-converted-space\">\u00a0<\/span>y la<span class=\"v1gmail-Apple-converted-space\">\u00a0<\/span>Fundaci\u00f3n Ra\u00edces de Calafate de Chile Chico.<span class=\"v1gmail-Apple-converted-space\">\u00a0<\/span><\/span><\/p>\n<p class=\"v1MsoNormal\" style=\"text-align: justify;\"><span lang=\"ES-TRAD\">Asimismo, se conect\u00f3 tambi\u00e9n el alcalde de Chile Chico Ariel Keim Hermosilla.<\/span><\/p>\n<p class=\"v1MsoNormal\" style=\"text-align: justify;\"><span lang=\"ES-TRAD\">La Corporaci\u00f3n Chelenko est\u00e1 conformada por<span class=\"v1gmail-Apple-converted-space\">\u00a0<\/span>14 organizaciones<span class=\"v1gmail-Apple-converted-space\">\u00a0<\/span>de<span class=\"v1gmail-Apple-converted-space\">\u00a0<\/span>Chile Chico,<span class=\"v1gmail-Apple-converted-space\">\u00a0<\/span>Puerto Ingeniero Ib\u00e1\u00f1ez,<span class=\"v1gmail-Apple-converted-space\">\u00a0<\/span>Bah\u00eda Murta,<span class=\"v1gmail-Apple-converted-space\">\u00a0<\/span>Puerto S\u00e1nchez,<span class=\"v1gmail-Apple-converted-space\">\u00a0<\/span>Puerto R\u00edo Tranquilo,<span class=\"v1gmail-Apple-converted-space\">\u00a0<\/span>El Le\u00f3n,<span class=\"v1gmail-Apple-converted-space\">\u00a0<\/span>Puerto Guadal<span class=\"v1gmail-Apple-converted-space\">\u00a0<\/span>y<span class=\"v1gmail-Apple-converted-space\">\u00a0<\/span>Puerto Bertrand, representando a<span class=\"v1gmail-Apple-converted-space\">\u00a0<\/span>m\u00e1s de 220 empresas familiares del territorio.\u00a0Es, asimismo, la principal contraparte empresarial de la Mesa P\u00fablico-Privada de la gobernanza de la ZOIT Chelenko, importante instrumento de fomento del turismo sustentable de la regi\u00f3n de Ays\u00e9n.<\/span><\/p>\n<\/div><\/section><\/div><div  style='height:50px' class='hr hr-invisible   avia-builder-el-6  el_after_av_one_full  el_before_av_social_share '><span class='hr-inner ' ><span class='hr-inner-style'><\/span><\/span><\/div><\/p>\n<div  class='av-social-sharing-box  avia-builder-el-7  el_after_av_hr  el_before_av_hr  '><div class='av-share-box'><h5 class='av-share-link-description av-no-toc '>Compartir esta noticia<\/h5><ul class='av-share-box-list noLightbox'><li class='av-share-link av-social-link-facebook' ><a target=\"_blank\" aria-label=\"Compartir en Facebook\" href='https:\/\/www.facebook.com\/sharer.php?u=https:\/\/radiorevelacionfm.cl\/?p=51523&#038;t=Corporaci%C3%B3n%20Chelenko%20y%20gobernador%20Santana%20acuerdan%20acciones%20para%20fortalecer%20el%20turismo%20sustentable%20en%20el%20territorio' aria-hidden='false' data-av_icon='\ue8f3' data-av_iconfont='entypo-fontello' title='' data-avia-related-tooltip='Compartir en Facebook' rel=\"noopener\"><span class='avia_hidden_link_text'>Compartir en Facebook<\/span><\/a><\/li><li class='av-share-link av-social-link-twitter' ><a target=\"_blank\" aria-label=\"Compartir en Twitter\" href='https:\/\/twitter.com\/share?text=Corporaci%C3%B3n%20Chelenko%20y%20gobernador%20Santana%20acuerdan%20acciones%20para%20fortalecer%20el%20turismo%20sustentable%20en%20el%20territorio&#038;url=https:\/\/radiorevelacionfm.cl\/?p=51523' aria-hidden='false' data-av_icon='\ue8f1' data-av_iconfont='entypo-fontello' title='' data-avia-related-tooltip='Compartir en Twitter' rel=\"noopener\"><span class='avia_hidden_link_text'>Compartir en Twitter<\/span><\/a><\/li><li class='av-share-link av-social-link-whatsapp' ><a target=\"_blank\" aria-label=\"Compartir en Whatsapp\" href='https:\/\/api.whatsapp.com\/send?text=https:\/\/radiorevelacionfm.cl\/?p=51523' aria-hidden='false' data-av_icon='\uf232' data-av_iconfont='entypo-fontello' title='' data-avia-related-tooltip='Compartir en Whatsapp' rel=\"noopener\"><span class='avia_hidden_link_text'>Compartir en Whatsapp<\/span><\/a><\/li><li class='av-share-link av-social-link-linkedin' ><a target=\"_blank\" aria-label=\"Compartir en LinkedIn\" href='https:\/\/linkedin.com\/shareArticle?mini=true&#038;title=Corporaci%C3%B3n%20Chelenko%20y%20gobernador%20Santana%20acuerdan%20acciones%20para%20fortalecer%20el%20turismo%20sustentable%20en%20el%20territorio&#038;url=https:\/\/radiorevelacionfm.cl\/?p=51523' aria-hidden='false' data-av_icon='\ue8fc' data-av_iconfont='entypo-fontello' title='' data-avia-related-tooltip='Compartir en LinkedIn' rel=\"noopener\"><span class='avia_hidden_link_text'>Compartir en LinkedIn<\/span><\/a><\/li><li class='av-share-link av-social-link-mail' ><a  aria-label=\"Compartir por correo\" href='mailto:?subject=Corporaci%C3%B3n%20Chelenko%20y%20gobernador%20Santana%20acuerdan%20acciones%20para%20fortalecer%20el%20turismo%20sustentable%20en%20el%20territorio&#038;body=https:\/\/radiorevelacionfm.cl\/?p=51523' aria-hidden='false' data-av_icon='\ue805' data-av_iconfont='entypo-fontello' title='' data-avia-related-tooltip='Compartir por correo'><span class='avia_hidden_link_text'>Compartir por correo<\/span><\/a><\/li><\/ul><\/div><\/div>\n<div  style='height:50px' class='hr hr-invisible   avia-builder-el-8  el_after_av_social_share  el_before_av_comments_list '><span class='hr-inner ' ><span class='hr-inner-style'><\/span><\/span><\/div>\n<div  class='av-buildercomment  av-blog-meta-html-info-disabled av-blog-meta-tag-disabled  '><\/div>\n","protected":false},"excerpt":{"rendered":"","protected":false},"author":1,"featured_media":51524,"comment_status":"open","ping_status":"open","sticky":false,"template":"","format":"standard","meta":{"footnotes":""},"categories":[54],"tags":[],"class_list":["post-51523","post","type-post","status-publish","format-standard","has-post-thumbnail","hentry","category-turismo"],"jetpack_featured_media_url":"https:\/\/radiorevelacionfm.cl\/wp-content\/uploads\/2025\/03\/20250313_113940-1-1.jpg","_links":{"self":[{"href":"https:\/\/radiorevelacionfm.cl\/index.php?rest_route=\/wp\/v2\/posts\/51523","targetHints":{"allow":["GET"]}}],"collection":[{"href":"https:\/\/radiorevelacionfm.cl\/index.php?rest_route=\/wp\/v2\/posts"}],"about":[{"href":"https:\/\/radiorevelacionfm.cl\/index.php?rest_route=\/wp\/v2\/types\/post"}],"author":[{"embeddable":true,"href":"https:\/\/radiorevelacionfm.cl\/index.php?rest_route=\/wp\/v2\/users\/1"}],"replies":[{"embeddable":true,"href":"https:\/\/radiorevelacionfm.cl\/index.php?rest_route=%2Fwp%2Fv2%2Fcomments&post=51523"}],"version-history":[{"count":1,"href":"https:\/\/radiorevelacionfm.cl\/index.php?rest_route=\/wp\/v2\/posts\/51523\/revisions"}],"predecessor-version":[{"id":51525,"href":"https:\/\/radiorevelacionfm.cl\/index.php?rest_route=\/wp\/v2\/posts\/51523\/revisions\/51525"}],"wp:featuredmedia":[{"embeddable":true,"href":"https:\/\/radiorevelacionfm.cl\/index.php?rest_route=\/wp\/v2\/media\/51524"}],"wp:attachment":[{"href":"https:\/\/radiorevelacionfm.cl\/index.php?rest_route=%2Fwp%2Fv2%2Fmedia&parent=51523"}],"wp:term":[{"taxonomy":"category","embeddable":true,"href":"https:\/\/radiorevelacionfm.cl\/index.php?rest_route=%2Fwp%2Fv2%2Fcategories&post=51523"},{"taxonomy":"post_tag","embeddable":true,"href":"https:\/\/radiorevelacionfm.cl\/index.php?rest_route=%2Fwp%2Fv2%2Ftags&post=51523"}],"curies":[{"name":"wp","href":"https:\/\/api.w.org\/{rel}","templated":true}]}}