{"id":51520,"date":"2025-03-18T10:43:08","date_gmt":"2025-03-18T13:43:08","guid":{"rendered":"https:\/\/radiorevelacionfm.cl\/?p=51520"},"modified":"2025-03-18T10:43:08","modified_gmt":"2025-03-18T13:43:08","slug":"gendarmeria-recibira-cerca-de-800-millones-del-gore-para-conservacion-del-recinto-penal","status":"publish","type":"post","link":"https:\/\/radiorevelacionfm.cl\/?p=51520","title":{"rendered":"Gendarmer\u00eda recibir\u00e1 cerca de 800 millones del GORE para conservaci\u00f3n del recinto penal"},"content":{"rendered":"<div class=\"flex_column av_one_full  flex_column_div av-zero-column-padding first  avia-builder-el-0  el_before_av_one_full  avia-builder-el-first  \" style='border-radius:0px; '><div  class='avia-image-container  av-styling-    avia-builder-el-1  avia-builder-el-no-sibling  avia-align-center '  itemprop=\"image\" itemscope=\"itemscope\" itemtype=\"https:\/\/schema.org\/ImageObject\"  ><div class='avia-image-container-inner'><div class='avia-image-overlay-wrap'><img decoding=\"async\" class='wp-image-51521 avia-img-lazy-loading-not-51521 avia_image' src=\"https:\/\/radiorevelacionfm.cl\/wp-content\/uploads\/2025\/03\/IMG-20250317-WA0039-1-1.jpg\" alt='' title='IMG-20250317-WA0039 (1) (1)' height=\"600\" width=\"899\"  itemprop=\"thumbnailUrl\" srcset=\"https:\/\/radiorevelacionfm.cl\/wp-content\/uploads\/2025\/03\/IMG-20250317-WA0039-1-1.jpg 899w, https:\/\/radiorevelacionfm.cl\/wp-content\/uploads\/2025\/03\/IMG-20250317-WA0039-1-1-300x200.jpg 300w, https:\/\/radiorevelacionfm.cl\/wp-content\/uploads\/2025\/03\/IMG-20250317-WA0039-1-1-768x513.jpg 768w, https:\/\/radiorevelacionfm.cl\/wp-content\/uploads\/2025\/03\/IMG-20250317-WA0039-1-1-705x471.jpg 705w, https:\/\/radiorevelacionfm.cl\/wp-content\/uploads\/2025\/03\/IMG-20250317-WA0039-1-1-450x300.jpg 450w, https:\/\/radiorevelacionfm.cl\/wp-content\/uploads\/2025\/03\/IMG-20250317-WA0039-1-1-600x400.jpg 600w\" sizes=\"(max-width: 899px) 100vw, 899px\" \/><\/div><\/div><\/div><\/div><div class=\"flex_column av_one_full  flex_column_div av-zero-column-padding first  avia-builder-el-2  el_after_av_one_full  el_before_av_one_full  column-top-margin\" style='border-radius:0px; '><section class=\"av_textblock_section \"  itemscope=\"itemscope\" itemtype=\"https:\/\/schema.org\/BlogPosting\" itemprop=\"blogPost\" ><div class='avia_textblock  '   itemprop=\"text\" ><p style=\"text-align: center;\"><strong><span style=\"font-size: 18pt;\">Gendarmer\u00eda recibir\u00e1 cerca de 800 millones del GORE para conservaci\u00f3n del recinto penal <\/span><\/strong><\/p>\n<div id=\"gtx-trans\" style=\"position: absolute; left: -50px; top: 4.31534px;\">\n<div class=\"gtx-trans-icon\"><\/div>\n<\/div>\n<\/div><\/section><\/div><div class=\"flex_column av_one_full  flex_column_div av-zero-column-padding first  avia-builder-el-4  el_after_av_one_full  el_before_av_hr  column-top-margin\" style='border-radius:0px; '><section class=\"av_textblock_section \"  itemscope=\"itemscope\" itemtype=\"https:\/\/schema.org\/BlogPosting\" itemprop=\"blogPost\" ><div class='avia_textblock  '   itemprop=\"text\" ><p style=\"text-align: justify;\">En el CCP de Coyhaique se realiz\u00f3 la firma del convenio que permitir\u00e1 financiar la conservaci\u00f3n del recinto penal.<\/p>\n<p style=\"text-align: justify;\">Este lunes en el frontis del Centro de Cumplimiento Penitenciario (CCP) de Coyhaique se realiz\u00f3 la firma del Convenio de Mandato entre el Gobierno Regional de Ays\u00e9n y Gendarmer\u00eda de Chile que permitir\u00e1 materializar el Proyecto de Conservaci\u00f3n del principal recinto penal de la Regi\u00f3n.<\/p>\n<p style=\"text-align: justify;\">Son 795 millones 669 mil pesos que permitir\u00e1n realizar mejoras a los muros perimetrales, fachada, cambio de techumbre, mejoramiento de servicios sanitarios, tableros el\u00e9ctricos, garitas de vigilancia y puertas de las celdas, entre otros.<\/p>\n<p style=\"text-align: justify;\">\u201cEste convenio permitir\u00e1 contratar una empresa por un monto cercano a los 790 millones de pesos para mejorar las principales urgencias en materia de infraestructura que tiene el centro cumplimiento penitenciario de Coyhaique y que puede mejorar las condiciones de los funcionarios, que nos importa mucho que trabajen en mejores condiciones, as\u00ed como de la poblaci\u00f3n penitenciaria\u201d destac\u00f3 el gobernador regional de Ays\u00e9n, Marcelo Santana Vargas.<\/p>\n<p style=\"text-align: justify;\">En tanto desde Gendarmer\u00eda destacaron la relevancia de que el Gobierno Regional y su consejo entreguen financiamiento para\u00a0 mejorar las condiciones de infraestructura y habitabilidad del CCP de Coyhaique.<\/p>\n<p style=\"text-align: justify;\">\u201cNos queda ahora la tarea de implementar este proyecto, darle forma y estamos convencidos de que vamos a mejorar las condiciones de seguridad del establecimiento, las condiciones de habitabilidad de la poblaci\u00f3n penal y de los funcionarios que realizan una ardua labor en beneficio de la seguridad p\u00fablica de la regi\u00f3n de Ays\u00e9n y del pa\u00eds en general\u201d agreg\u00f3 el director regional de Gendarmer\u00eda, coronel Pablo Torres Herrera.<\/p>\n<p style=\"text-align: justify;\">Por su parte el Seremi de Justicia y DDHH, junto con agradecer el financiamiento del proyecto, destac\u00f3 otras iniciativas que ya se est\u00e1n trabajando en conjunto para mejorar el sistema penitenciario regional.<\/p>\n<p style=\"text-align: justify;\">\u201cEsta iniciativa no obsta que sigamos trabajando con el Gobierno Regional particularmente a trav\u00e9s del plan de zonas extremas, donde queremos incorporar el nuevo complejo penitenciario que la ciudad y la regi\u00f3n se merece, estamos trabajando fuertemente en ese sentido, pero sin duda debemos conservar lo que tenemos y mantener este recinto penitenciario en \u00f3ptimas condiciones\u201d subrayo el Seremi de Justicia y DDHH en la regi\u00f3n de Ays\u00e9n, Samuel Navarro Castro.<\/p>\n<p style=\"text-align: justify;\">El CCP de Coyhaique es el principal recinto penal de la regi\u00f3n y tambi\u00e9n el m\u00e1s antiguo, data del a\u00f1o 1965, por lo que esta conservaci\u00f3n se hace absolutamente necesaria para extender su vida \u00fatil.<\/p>\n<p style=\"text-align: justify;\">\u201cSabemos de las necesidades que tiene Gendarmer\u00eda, por m\u00e1s buena voluntad que puedan tener sus funcionarios, hay un tema estructural y eso tiene que ir cambi\u00e1ndose y mejor\u00e1ndose, hoy d\u00eda esta conservaci\u00f3n va a traer bienestar para los privados de libertad y dar respuesta a los tribunales de justicia, entre otros\u201d finaliz\u00f3 la presidenta de la Comisi\u00f3n de Infraestructura del Consejo regional de Ays\u00e9n, Andrea Ponce Olivares.<\/p>\n<\/div><\/section><\/div><div  style='height:50px' class='hr hr-invisible   avia-builder-el-6  el_after_av_one_full  el_before_av_social_share '><span class='hr-inner ' ><span class='hr-inner-style'><\/span><\/span><\/div><\/p>\n<div  class='av-social-sharing-box  avia-builder-el-7  el_after_av_hr  el_before_av_hr  '><div class='av-share-box'><h5 class='av-share-link-description av-no-toc '>Compartir esta noticia<\/h5><ul class='av-share-box-list noLightbox'><li class='av-share-link av-social-link-facebook' ><a target=\"_blank\" aria-label=\"Compartir en Facebook\" href='https:\/\/www.facebook.com\/sharer.php?u=https:\/\/radiorevelacionfm.cl\/?p=51520&#038;t=Gendarmer%C3%ADa%20recibir%C3%A1%20cerca%20de%20800%20millones%20del%20GORE%20para%20conservaci%C3%B3n%20del%20recinto%20penal' aria-hidden='false' data-av_icon='\ue8f3' data-av_iconfont='entypo-fontello' title='' data-avia-related-tooltip='Compartir en Facebook' rel=\"noopener\"><span class='avia_hidden_link_text'>Compartir en Facebook<\/span><\/a><\/li><li class='av-share-link av-social-link-twitter' ><a target=\"_blank\" aria-label=\"Compartir en Twitter\" href='https:\/\/twitter.com\/share?text=Gendarmer%C3%ADa%20recibir%C3%A1%20cerca%20de%20800%20millones%20del%20GORE%20para%20conservaci%C3%B3n%20del%20recinto%20penal&#038;url=https:\/\/radiorevelacionfm.cl\/?p=51520' aria-hidden='false' data-av_icon='\ue8f1' data-av_iconfont='entypo-fontello' title='' data-avia-related-tooltip='Compartir en Twitter' rel=\"noopener\"><span class='avia_hidden_link_text'>Compartir en Twitter<\/span><\/a><\/li><li class='av-share-link av-social-link-whatsapp' ><a target=\"_blank\" aria-label=\"Compartir en Whatsapp\" href='https:\/\/api.whatsapp.com\/send?text=https:\/\/radiorevelacionfm.cl\/?p=51520' aria-hidden='false' data-av_icon='\uf232' data-av_iconfont='entypo-fontello' title='' data-avia-related-tooltip='Compartir en Whatsapp' rel=\"noopener\"><span class='avia_hidden_link_text'>Compartir en Whatsapp<\/span><\/a><\/li><li class='av-share-link av-social-link-linkedin' ><a target=\"_blank\" aria-label=\"Compartir en LinkedIn\" href='https:\/\/linkedin.com\/shareArticle?mini=true&#038;title=Gendarmer%C3%ADa%20recibir%C3%A1%20cerca%20de%20800%20millones%20del%20GORE%20para%20conservaci%C3%B3n%20del%20recinto%20penal&#038;url=https:\/\/radiorevelacionfm.cl\/?p=51520' aria-hidden='false' data-av_icon='\ue8fc' data-av_iconfont='entypo-fontello' title='' data-avia-related-tooltip='Compartir en LinkedIn' rel=\"noopener\"><span class='avia_hidden_link_text'>Compartir en LinkedIn<\/span><\/a><\/li><li class='av-share-link av-social-link-mail' ><a  aria-label=\"Compartir por correo\" href='mailto:?subject=Gendarmer%C3%ADa%20recibir%C3%A1%20cerca%20de%20800%20millones%20del%20GORE%20para%20conservaci%C3%B3n%20del%20recinto%20penal&#038;body=https:\/\/radiorevelacionfm.cl\/?p=51520' aria-hidden='false' data-av_icon='\ue805' data-av_iconfont='entypo-fontello' title='' data-avia-related-tooltip='Compartir por correo'><span class='avia_hidden_link_text'>Compartir por correo<\/span><\/a><\/li><\/ul><\/div><\/div>\n<div  style='height:50px' class='hr hr-invisible   avia-builder-el-8  el_after_av_social_share  el_before_av_comments_list '><span class='hr-inner ' ><span class='hr-inner-style'><\/span><\/span><\/div>\n<div  class='av-buildercomment  av-blog-meta-html-info-disabled av-blog-meta-tag-disabled  '><\/div>\n","protected":false},"excerpt":{"rendered":"","protected":false},"author":1,"featured_media":51521,"comment_status":"open","ping_status":"open","sticky":false,"template":"","format":"standard","meta":{"footnotes":""},"categories":[38],"tags":[],"class_list":["post-51520","post","type-post","status-publish","format-standard","has-post-thumbnail","hentry","category-regional"],"jetpack_featured_media_url":"https:\/\/radiorevelacionfm.cl\/wp-content\/uploads\/2025\/03\/IMG-20250317-WA0039-1-1.jpg","_links":{"self":[{"href":"https:\/\/radiorevelacionfm.cl\/index.php?rest_route=\/wp\/v2\/posts\/51520","targetHints":{"allow":["GET"]}}],"collection":[{"href":"https:\/\/radiorevelacionfm.cl\/index.php?rest_route=\/wp\/v2\/posts"}],"about":[{"href":"https:\/\/radiorevelacionfm.cl\/index.php?rest_route=\/wp\/v2\/types\/post"}],"author":[{"embeddable":true,"href":"https:\/\/radiorevelacionfm.cl\/index.php?rest_route=\/wp\/v2\/users\/1"}],"replies":[{"embeddable":true,"href":"https:\/\/radiorevelacionfm.cl\/index.php?rest_route=%2Fwp%2Fv2%2Fcomments&post=51520"}],"version-history":[{"count":1,"href":"https:\/\/radiorevelacionfm.cl\/index.php?rest_route=\/wp\/v2\/posts\/51520\/revisions"}],"predecessor-version":[{"id":51522,"href":"https:\/\/radiorevelacionfm.cl\/index.php?rest_route=\/wp\/v2\/posts\/51520\/revisions\/51522"}],"wp:featuredmedia":[{"embeddable":true,"href":"https:\/\/radiorevelacionfm.cl\/index.php?rest_route=\/wp\/v2\/media\/51521"}],"wp:attachment":[{"href":"https:\/\/radiorevelacionfm.cl\/index.php?rest_route=%2Fwp%2Fv2%2Fmedia&parent=51520"}],"wp:term":[{"taxonomy":"category","embeddable":true,"href":"https:\/\/radiorevelacionfm.cl\/index.php?rest_route=%2Fwp%2Fv2%2Fcategories&post=51520"},{"taxonomy":"post_tag","embeddable":true,"href":"https:\/\/radiorevelacionfm.cl\/index.php?rest_route=%2Fwp%2Fv2%2Ftags&post=51520"}],"curies":[{"name":"wp","href":"https:\/\/api.w.org\/{rel}","templated":true}]}}