{"id":51516,"date":"2025-03-18T09:57:30","date_gmt":"2025-03-18T12:57:30","guid":{"rendered":"https:\/\/radiorevelacionfm.cl\/?p=51516"},"modified":"2025-03-18T10:00:32","modified_gmt":"2025-03-18T13:00:32","slug":"trencito-ecologico-inicio-temporada-escolar-de-recoleccion-de-residuos","status":"publish","type":"post","link":"https:\/\/radiorevelacionfm.cl\/?p=51516","title":{"rendered":"Trencito Ecol\u00f3gico inici\u00f3 temporada escolar de recolecci\u00f3n de residuos"},"content":{"rendered":"<div class=\"flex_column av_one_full  flex_column_div av-zero-column-padding first  avia-builder-el-0  el_before_av_one_full  avia-builder-el-first  \" style='border-radius:0px; '><div  class='avia-image-container  av-styling-    avia-builder-el-1  avia-builder-el-no-sibling  avia-align-center '  itemprop=\"image\" itemscope=\"itemscope\" itemtype=\"https:\/\/schema.org\/ImageObject\"  ><div class='avia-image-container-inner'><div class='avia-image-overlay-wrap'><img decoding=\"async\" class='wp-image-51517 avia-img-lazy-loading-not-51517 avia_image' src=\"https:\/\/radiorevelacionfm.cl\/wp-content\/uploads\/2025\/03\/trencito-3-2_optimized-1.jpg\" alt='' title='trencito-3-(2)_optimized (1)' height=\"600\" width=\"1067\"  itemprop=\"thumbnailUrl\" srcset=\"https:\/\/radiorevelacionfm.cl\/wp-content\/uploads\/2025\/03\/trencito-3-2_optimized-1.jpg 1067w, https:\/\/radiorevelacionfm.cl\/wp-content\/uploads\/2025\/03\/trencito-3-2_optimized-1-300x169.jpg 300w, https:\/\/radiorevelacionfm.cl\/wp-content\/uploads\/2025\/03\/trencito-3-2_optimized-1-1030x579.jpg 1030w, https:\/\/radiorevelacionfm.cl\/wp-content\/uploads\/2025\/03\/trencito-3-2_optimized-1-768x432.jpg 768w, https:\/\/radiorevelacionfm.cl\/wp-content\/uploads\/2025\/03\/trencito-3-2_optimized-1-705x396.jpg 705w, https:\/\/radiorevelacionfm.cl\/wp-content\/uploads\/2025\/03\/trencito-3-2_optimized-1-450x253.jpg 450w, https:\/\/radiorevelacionfm.cl\/wp-content\/uploads\/2025\/03\/trencito-3-2_optimized-1-600x337.jpg 600w\" sizes=\"(max-width: 1067px) 100vw, 1067px\" \/><\/div><\/div><\/div><\/div>\n<div class=\"flex_column av_one_full  flex_column_div av-zero-column-padding first  avia-builder-el-2  el_after_av_one_full  el_before_av_one_full  column-top-margin\" style='border-radius:0px; '><section class=\"av_textblock_section \"  itemscope=\"itemscope\" itemtype=\"https:\/\/schema.org\/BlogPosting\" itemprop=\"blogPost\" ><div class='avia_textblock  '   itemprop=\"text\" ><p style=\"text-align: center;\"><strong><span style=\"font-size: 18pt;\">Trencito Ecol\u00f3gico inici\u00f3 temporada escolar de recolecci\u00f3n de residuos<\/span><\/strong><\/p>\n<div id=\"gtx-trans\" style=\"position: absolute; left: -50px; top: 4.31534px;\">\n<div class=\"gtx-trans-icon\"><\/div>\n<\/div>\n<\/div><\/section><\/div><div class=\"flex_column av_one_full  flex_column_div av-zero-column-padding first  avia-builder-el-4  el_after_av_one_full  el_before_av_hr  column-top-margin\" style='border-radius:0px; '><section class=\"av_textblock_section \"  itemscope=\"itemscope\" itemtype=\"https:\/\/schema.org\/BlogPosting\" itemprop=\"blogPost\" ><div class='avia_textblock  '   itemprop=\"text\" ><p style=\"text-align: justify;\">Desde hace trece a\u00f1os, junto al programa educativo \u201cReinventa Ays\u00e9n\u201d, recorre las calles y barrios de Puerto Ays\u00e9n con parada obligatoria en cada estaci\u00f3n, los puntos limpios de la ciudad.<\/p>\n<p style=\"text-align: justify;\">El trencito ecol\u00f3gico no pasa desapercibido en el tr\u00e1nsito vehicular. Sus tres pintorescos vagones y el sonido de la bocina anuncian la llegada del convoy a los establecimientos educativos.<\/p>\n<p style=\"text-align: justify;\">Los estudiantes de jardines infantiles, escuelas y liceos, aguardan con entusiasmo la llegada del maquinista, Christian Martino,\u00a0 quien recepciona las botellas de pl\u00e1stico, vidrio y cart\u00f3n, con una sonrisa y amabilidad que le caracteriza. El objetivo, clasificar estos residuos, acopiarlos temporalmente en una planta tratamiento local y luego despacharlos a diversos puntos del pa\u00eds para la reutilizaci\u00f3n y reciclaje de nuevos productos.<\/p>\n<p style=\"text-align: justify;\"><strong>13 a\u00f1os de recorrido \u00a0y 20 establecimientos educativos<\/strong><\/p>\n<p style=\"text-align: justify;\">Hace algunos d\u00edas del mes de marzo, el trencito ecol\u00f3gico inici\u00f3 la temporada escolar de recolecci\u00f3n de residuos, estableciendo, en la actualidad, un convenio de colaboraci\u00f3n con 20 comunidades educativas de Ays\u00e9n.<\/p>\n<p style=\"text-align: justify;\">El balance de estos 13 a\u00f1os de trayectoria, vinculados con \u201cReciclajes Martino\u201d, es calificado como positivo por la Docente Carolina Vega, funcionaria del Colegio Santa Teresa y miembro del programa \u201cReinventa Ays\u00e9n\u201d,\u00a0 desde sus inicios. \u201cEsta alianza entre las comunidades educativas y Reciclajes Martino es muy importante, por la presencia del tren ecol\u00f3gico como ente motivador para los estudiantes. Facilita la comprensi\u00f3n de los ni\u00f1os para saber qu\u00e9 se hace con los residuos inorg\u00e1nicos que todos producimos en nuestro hogares, a los cuales podemos volver darles vida \u00fatil con el proceso de reciclaje y las ventajas que representa para el medio ambiente\u201d, expres\u00f3.<\/p>\n<p style=\"text-align: justify;\">Al otro extremo de la ciudad, en el\u00a0 punto limpio del Liceo Polit\u00e9cnico del sector Ribera Sur de Puerto Ays\u00e9n, la estudiante Anal\u00ed Ojeda, reflexiona sobre la creaci\u00f3n de conciencia ambiental en los j\u00f3venes de Ays\u00e9n, mediante los recorridos del trencito ecol\u00f3gico. \u201cPara m\u00ed es muy importante participar en el reciclaje junto a mis compa\u00f1eros, ya que ayudamos a descontaminar la ciudad, evitando que los desechos terminen en los r\u00edos, mares o lagos. Para eso disponemos de un punto limpio en nuestro liceo, donde todas las personas del barrio pueden venir a dejar sus residuos\u201d, agreg\u00f3.<\/p>\n<p style=\"text-align: justify;\">Los ni\u00f1os de educaci\u00f3n pre escolar, pertenecientes a los Cursos de Lenguaje del Colegio Kalem, junto a la Encargada de Educaci\u00f3n Inicial, Paola D\u00edaz Rivera y su equipo de trabajo, tambi\u00e9n participan activamente\u00a0 en la recolecci\u00f3n de residuos. \u201cLa trayectoria de este proyecto educativo-ambiental en el que participamos desde hace varios a\u00f1os, nos ha permitido ser testigos de varias generaciones de estudiantes que han creado una conciencia ambiental en sus vidas, lo que consideramos muy importante y positivo\u201d, explic\u00f3 la Educadora de P\u00e1rvulos.<\/p>\n<p style=\"text-align: justify;\">Por su parte, el gestor de residuos s\u00f3lidos inorg\u00e1nicos de tipo domiciliario e industrial, Christian Martino, realz\u00f3 el trabajo colaborativo, desde temprana edad, con las nuevas y futuras generaciones de Ays\u00e9n. \u201cLa Red Reinventa Ays\u00e9n es quien educa desde hace muchos a\u00f1os a los estudiantes de la ciudad y en cada establecimiento educativo, son ellos mismos junto a sus familias quienes depositan sus residuos en los puntos limpios. Nosotros, recolectamos esos residuos en el trencito ecol\u00f3gico para llevarlos a nuestra planta de reciclaje donde contin\u00faa el proceso de separaci\u00f3n, minimizaci\u00f3n, acopio temporal y su posterior despacho a distintas recicladoras ubicadas a nivel nacional, para la elaboraci\u00f3n de nuevos productos\u201d, concluy\u00f3.<\/p>\n<\/div><\/section><\/div><\/p>\n<div  style='height:50px' class='hr hr-invisible   avia-builder-el-6  el_after_av_one_full  el_before_av_social_share '><span class='hr-inner ' ><span class='hr-inner-style'><\/span><\/span><\/div>\n<div  class='av-social-sharing-box  avia-builder-el-7  el_after_av_hr  el_before_av_hr  '><div class='av-share-box'><h5 class='av-share-link-description av-no-toc '>Compartir esta noticia<\/h5><ul class='av-share-box-list noLightbox'><li class='av-share-link av-social-link-facebook' ><a target=\"_blank\" aria-label=\"Compartir en Facebook\" href='https:\/\/www.facebook.com\/sharer.php?u=https:\/\/radiorevelacionfm.cl\/?p=51516&#038;t=Trencito%20Ecol%C3%B3gico%20inici%C3%B3%20temporada%20escolar%20de%20recolecci%C3%B3n%20de%20residuos' aria-hidden='false' data-av_icon='\ue8f3' data-av_iconfont='entypo-fontello' title='' data-avia-related-tooltip='Compartir en Facebook' rel=\"noopener\"><span class='avia_hidden_link_text'>Compartir en Facebook<\/span><\/a><\/li><li class='av-share-link av-social-link-twitter' ><a target=\"_blank\" aria-label=\"Compartir en Twitter\" href='https:\/\/twitter.com\/share?text=Trencito%20Ecol%C3%B3gico%20inici%C3%B3%20temporada%20escolar%20de%20recolecci%C3%B3n%20de%20residuos&#038;url=https:\/\/radiorevelacionfm.cl\/?p=51516' aria-hidden='false' data-av_icon='\ue8f1' data-av_iconfont='entypo-fontello' title='' data-avia-related-tooltip='Compartir en Twitter' rel=\"noopener\"><span class='avia_hidden_link_text'>Compartir en Twitter<\/span><\/a><\/li><li class='av-share-link av-social-link-whatsapp' ><a target=\"_blank\" aria-label=\"Compartir en Whatsapp\" href='https:\/\/api.whatsapp.com\/send?text=https:\/\/radiorevelacionfm.cl\/?p=51516' aria-hidden='false' data-av_icon='\uf232' data-av_iconfont='entypo-fontello' title='' data-avia-related-tooltip='Compartir en Whatsapp' rel=\"noopener\"><span class='avia_hidden_link_text'>Compartir en Whatsapp<\/span><\/a><\/li><li class='av-share-link av-social-link-linkedin' ><a target=\"_blank\" aria-label=\"Compartir en LinkedIn\" href='https:\/\/linkedin.com\/shareArticle?mini=true&#038;title=Trencito%20Ecol%C3%B3gico%20inici%C3%B3%20temporada%20escolar%20de%20recolecci%C3%B3n%20de%20residuos&#038;url=https:\/\/radiorevelacionfm.cl\/?p=51516' aria-hidden='false' data-av_icon='\ue8fc' data-av_iconfont='entypo-fontello' title='' data-avia-related-tooltip='Compartir en LinkedIn' rel=\"noopener\"><span class='avia_hidden_link_text'>Compartir en LinkedIn<\/span><\/a><\/li><li class='av-share-link av-social-link-mail' ><a  aria-label=\"Compartir por correo\" href='mailto:?subject=Trencito%20Ecol%C3%B3gico%20inici%C3%B3%20temporada%20escolar%20de%20recolecci%C3%B3n%20de%20residuos&#038;body=https:\/\/radiorevelacionfm.cl\/?p=51516' aria-hidden='false' data-av_icon='\ue805' data-av_iconfont='entypo-fontello' title='' data-avia-related-tooltip='Compartir por correo'><span class='avia_hidden_link_text'>Compartir por correo<\/span><\/a><\/li><\/ul><\/div><\/div>\n<div  style='height:50px' class='hr hr-invisible   avia-builder-el-8  el_after_av_social_share  el_before_av_comments_list '><span class='hr-inner ' ><span class='hr-inner-style'><\/span><\/span><\/div>\n<div  class='av-buildercomment  av-blog-meta-html-info-disabled av-blog-meta-tag-disabled  '><\/div>\n","protected":false},"excerpt":{"rendered":"","protected":false},"author":1,"featured_media":51517,"comment_status":"open","ping_status":"open","sticky":false,"template":"","format":"standard","meta":{"footnotes":""},"categories":[38],"tags":[],"class_list":["post-51516","post","type-post","status-publish","format-standard","has-post-thumbnail","hentry","category-regional"],"jetpack_featured_media_url":"https:\/\/radiorevelacionfm.cl\/wp-content\/uploads\/2025\/03\/trencito-3-2_optimized-1.jpg","_links":{"self":[{"href":"https:\/\/radiorevelacionfm.cl\/index.php?rest_route=\/wp\/v2\/posts\/51516","targetHints":{"allow":["GET"]}}],"collection":[{"href":"https:\/\/radiorevelacionfm.cl\/index.php?rest_route=\/wp\/v2\/posts"}],"about":[{"href":"https:\/\/radiorevelacionfm.cl\/index.php?rest_route=\/wp\/v2\/types\/post"}],"author":[{"embeddable":true,"href":"https:\/\/radiorevelacionfm.cl\/index.php?rest_route=\/wp\/v2\/users\/1"}],"replies":[{"embeddable":true,"href":"https:\/\/radiorevelacionfm.cl\/index.php?rest_route=%2Fwp%2Fv2%2Fcomments&post=51516"}],"version-history":[{"count":2,"href":"https:\/\/radiorevelacionfm.cl\/index.php?rest_route=\/wp\/v2\/posts\/51516\/revisions"}],"predecessor-version":[{"id":51519,"href":"https:\/\/radiorevelacionfm.cl\/index.php?rest_route=\/wp\/v2\/posts\/51516\/revisions\/51519"}],"wp:featuredmedia":[{"embeddable":true,"href":"https:\/\/radiorevelacionfm.cl\/index.php?rest_route=\/wp\/v2\/media\/51517"}],"wp:attachment":[{"href":"https:\/\/radiorevelacionfm.cl\/index.php?rest_route=%2Fwp%2Fv2%2Fmedia&parent=51516"}],"wp:term":[{"taxonomy":"category","embeddable":true,"href":"https:\/\/radiorevelacionfm.cl\/index.php?rest_route=%2Fwp%2Fv2%2Fcategories&post=51516"},{"taxonomy":"post_tag","embeddable":true,"href":"https:\/\/radiorevelacionfm.cl\/index.php?rest_route=%2Fwp%2Fv2%2Ftags&post=51516"}],"curies":[{"name":"wp","href":"https:\/\/api.w.org\/{rel}","templated":true}]}}