{"id":51513,"date":"2025-03-18T10:27:31","date_gmt":"2025-03-18T13:27:31","guid":{"rendered":"https:\/\/radiorevelacionfm.cl\/?p=51513"},"modified":"2025-03-18T10:27:31","modified_gmt":"2025-03-18T13:27:31","slug":"seremi-del-trabajo-en-estos-3-anos-hemos-logrado-grandes-avances-en-materia-de-genero-en-favor-de-las-y-los-pensionados-y-trabajo-decente-por-las-y-los-trabajadores","status":"publish","type":"post","link":"https:\/\/radiorevelacionfm.cl\/?p=51513","title":{"rendered":"Seremi del Trabajo: \u201cEn estos 3 a\u00f1os hemos logrado grandes avances en materia de g\u00e9nero, en favor de las y los pensionados y trabajo decente por las y los trabajadores\u201d"},"content":{"rendered":"<div class=\"flex_column av_one_full  flex_column_div av-zero-column-padding first  avia-builder-el-0  el_before_av_one_full  avia-builder-el-first  \" style='border-radius:0px; '><div  class='avia-image-container  av-styling-    avia-builder-el-1  avia-builder-el-no-sibling  avia-align-center '  itemprop=\"image\" itemscope=\"itemscope\" itemtype=\"https:\/\/schema.org\/ImageObject\"  ><div class='avia-image-container-inner'><div class='avia-image-overlay-wrap'><img decoding=\"async\" class='wp-image-51514 avia-img-lazy-loading-not-51514 avia_image' src=\"https:\/\/radiorevelacionfm.cl\/wp-content\/uploads\/2025\/03\/emporcha-40-horas_-1_optimized-1.jpeg\" alt='' title='emporcha-40-horas_-(1)_optimized (1)' height=\"600\" width=\"848\"  itemprop=\"thumbnailUrl\" srcset=\"https:\/\/radiorevelacionfm.cl\/wp-content\/uploads\/2025\/03\/emporcha-40-horas_-1_optimized-1.jpeg 848w, https:\/\/radiorevelacionfm.cl\/wp-content\/uploads\/2025\/03\/emporcha-40-horas_-1_optimized-1-300x212.jpeg 300w, https:\/\/radiorevelacionfm.cl\/wp-content\/uploads\/2025\/03\/emporcha-40-horas_-1_optimized-1-768x543.jpeg 768w, https:\/\/radiorevelacionfm.cl\/wp-content\/uploads\/2025\/03\/emporcha-40-horas_-1_optimized-1-260x185.jpeg 260w, https:\/\/radiorevelacionfm.cl\/wp-content\/uploads\/2025\/03\/emporcha-40-horas_-1_optimized-1-705x499.jpeg 705w, https:\/\/radiorevelacionfm.cl\/wp-content\/uploads\/2025\/03\/emporcha-40-horas_-1_optimized-1-450x318.jpeg 450w, https:\/\/radiorevelacionfm.cl\/wp-content\/uploads\/2025\/03\/emporcha-40-horas_-1_optimized-1-600x425.jpeg 600w\" sizes=\"(max-width: 848px) 100vw, 848px\" \/><\/div><\/div><\/div><\/div><div class=\"flex_column av_one_full  flex_column_div av-zero-column-padding first  avia-builder-el-2  el_after_av_one_full  el_before_av_one_full  column-top-margin\" style='border-radius:0px; '><section class=\"av_textblock_section \"  itemscope=\"itemscope\" itemtype=\"https:\/\/schema.org\/BlogPosting\" itemprop=\"blogPost\" ><div class='avia_textblock  '   itemprop=\"text\" ><p style=\"text-align: center;\"><strong><span style=\"font-size: 18pt;\">Seremi del Trabajo: \u201cEn estos 3 a\u00f1os hemos logrado grandes avances en materia de g\u00e9nero, en favor de las y los pensionados y trabajo decente por las y los trabajadores\u201d<\/span><\/strong><\/p>\n<div id=\"gtx-trans\" style=\"position: absolute; left: -50px; top: 4.31534px;\">\n<div class=\"gtx-trans-icon\"><\/div>\n<\/div>\n<\/div><\/section><\/div><div class=\"flex_column av_one_full  flex_column_div av-zero-column-padding first  avia-builder-el-4  el_after_av_one_full  el_before_av_hr  column-top-margin\" style='border-radius:0px; '><section class=\"av_textblock_section \"  itemscope=\"itemscope\" itemtype=\"https:\/\/schema.org\/BlogPosting\" itemprop=\"blogPost\" ><div class='avia_textblock  '   itemprop=\"text\" ><ul>\n<li style=\"text-align: justify;\"><em>La Ley de 40 horas, Ley de conciliaci\u00f3n de la vida personal, familia y laboral, Ley Karin, reajuste hist\u00f3rico del sueldo m\u00ednimo y la reciente aprobada Reforma de Pensiones fueron destacadas por la Seremi Camila Covarrubias.<\/em><\/li>\n<\/ul>\n<p style=\"text-align: justify;\">Al cumplir 3 a\u00f1os del Gobierno del Presidente Gabriel Boric, la Seremi del Trabajo y Previsi\u00f3n Social, Camila Covarrubias Retamal, realiz\u00f3 un balance destacando <em>\u201c<\/em>En estos 3 a\u00f1os hemos logrado grandes avances en materia de g\u00e9nero, en favor de las y los pensionados y trabajo decente por las y los trabajadores, siendo uno de los grandes legados la Ley de 40 horas y la Reforma de Pensiones\u201d.<\/p>\n<p style=\"text-align: justify;\">En este sentido, el Gobierno logr\u00f3 un acuerdo hist\u00f3rico en el Congreso, que permitir\u00e1 mejores pensiones a los actuales y futuros pensionados del pa\u00eds, \u201cLa Reforma de Pensiones que esperamos se promulgue en los pr\u00f3ximos d\u00edas, corrige, por primera vez, la discriminaci\u00f3n estructural contra las mujeres por su mayor expectativa de vida. Adem\u00e1s, los empleadores aportar\u00e1n un 7% de cotizaci\u00f3n adicional de forma gradual, para aumentar el ahorro individual, para as\u00ed mejorar las pensiones futuras, y crear un Seguro Social que mejore las pensiones actuales, con un complemento por cada a\u00f1o cotizado y se incrementar\u00e1 la Pensi\u00f3n Garantizada Universal, PGU, a $250.000 pesos. Con todo esto, se aumentar\u00e1n las pensiones entre un 14 y un 35% y beneficiar\u00e1 a m\u00e1s de 2,8 millones de pensionados a nivel nacional y m\u00e1s de 13.000 a nivel regional\u201d, detall\u00f3 la Seremi Camila Covarrubias, quien mencion\u00f3 que continuar\u00e1n difundiendo y aclarando dudas sobre la implementaci\u00f3n de la reforma en los meses venideros, en las distintas localidades de la regi\u00f3n de Ays\u00e9n.<\/p>\n<p style=\"text-align: justify;\">Con respecto, al incremento del salario m\u00ednimo, la Seremi del Trabajo y Previsi\u00f3n Social, afirm\u00f3, \u201cComo gobierno logramos un alza hist\u00f3rica del sueldo m\u00ednimo, pasando de los $350.000 pesos a los m\u00e1s de $510.000 pesos en que se ubica actualmente. Cada incremento salarial alcanzado es una inversi\u00f3n en justicia social, un avance en materia de seguridad econ\u00f3mica para las familias de Chile y un compromiso cumplido por el gobierno con el trabajo decente, lo cual se realiz\u00f3 con apoyo a m\u00e1s de 150.000 micro y peque\u00f1as empresas a nivel nacional\u201d, coment\u00f3 Covarrubias Retamal.<\/p>\n<p style=\"text-align: justify;\">En torno a los avances en otras leyes, la Seremi Camila Covarrubias detall\u00f3, \u201cNuestro Ministerio del Trabajo y Previsi\u00f3n Social ha tenido una fruct\u00edfera labor en t\u00e9rminos legislativos, impulsando leyes que buscan mejorar la vida de las familias chilenas, de las y los trabajadores, avanzando en corresponsabilidad, como la Ley de 40 horas donde ya se redujo la jornada laboral a 44 horas semanales y que con gradualidad llegar\u00e1 el a\u00f1o 2028 a 40 horas, donde hemos logrado algo invaluable, que es m\u00e1s tiempo para las familias, m\u00e1s descanso y una mejor calidad de vida, donde adem\u00e1s las empresas ganan al tener trabajadores m\u00e1s motivados y productivos, avanzando hacia un modelo laboral m\u00e1s humano. Otra de las leyes que impulsamos fue la Ley de Conciliaci\u00f3n de la vida personal, familiar y laboral que reconoce la corresponsabilidad de los cuidados en donde estos cuidados no s\u00f3lo recaen sobre la mujer, sino que en los grupos familiares y en toda la sociedad, permitiendo conciliar los diferentes espacios de la vida, incluyendo modalidades de teletrabajo o trabajo h\u00edbrido y preferencia en las vacaciones, para los trabajadores que tengan el cuidado personal de un ni\u00f1o o ni\u00f1a menor de 14 a\u00f1os \u00a0o que tengan a su cuidado una persona con discapacidad o dependencia severa o moderada. En este punto tambi\u00e9n es relevante la ampliaci\u00f3n de la Ley Sanna de acompa\u00f1amiento de ni\u00f1os, ni\u00f1as y adolescentes con enfermedades graves, donde se ampli\u00f3 el permiso laboral de 90 a 180 d\u00edas, para apoyar a las y los trabajadores en esos momentos tan complejos familiarmente\u201d.<\/p>\n<p style=\"text-align: justify;\">Otra de las nuevas leyes emblem\u00e1ticas de este \u00faltimo tiempo es la Ley Karin, que entr\u00f3 en vigencia en agosto del a\u00f1o pasado, luego de la ratificaci\u00f3n por parte de Chile del Convenio 190 de la Organizaci\u00f3n Internacional del Trabajo, OIT, \u201cLa ley Karin modific\u00f3 el C\u00f3digo del Trabajo en materia de prevenci\u00f3n, investigaci\u00f3n y sanci\u00f3n del acoso laboral, sexual o de violencia en el trabajo, donde debemos poner acento en nuestro rol como sociedad de prevenir la violencia en los espacios laborales, entregando espacios m\u00e1s seguros para hombres y mujeres. Recibimos m\u00e1s de 90 denuncias en los primeros meses de entrada en vigencia y debemos hacernos cargo entre todos y todas de la implementaci\u00f3n y concientizaci\u00f3n como sociedad\u201d.<\/p>\n<p style=\"text-align: justify;\">En t\u00e9rminos del fortalecimiento del sistema de protecci\u00f3n social, se aument\u00f3 la cobertura de la PGU a trav\u00e9s de una ley corta, se mejor\u00f3 el acceso al Seguro de Cesant\u00eda, se ratific\u00f3 el Convenio 176 de la OIT sobre Seguridad y Salud en la Miner\u00eda y se ampli\u00f3 el Seguro Sanna, entre otros.<\/p>\n<p style=\"text-align: justify;\"><strong><u>Desaf\u00edos de este a\u00f1o en materia laboral y previsional <\/u><\/strong><\/p>\n<p style=\"text-align: justify;\">Sobre los desaf\u00edos que existen en este a\u00f1o, la Seremi del Trabajo y Previsi\u00f3n Social, Camila Covarrubias hizo hincapi\u00e9 en la creaci\u00f3n de empleo, \u201cDebemos como gobierno continuar nuestra labor de propiciar los espacios e inversi\u00f3n para la creaci\u00f3n de mayor empleo de calidad, en lo cual estamos enfocados en el Gabinete Pro Crecimiento y Empleo que lideran el Delegado presidencial regional y el seremi de Econom\u00eda, donde dejemos atr\u00e1s la informalidad e impulsemos la reducci\u00f3n de brechas de g\u00e9nero entre hombres y mujeres\u201d.<\/p>\n<p style=\"text-align: justify;\">En otros aspectos, se present\u00f3 hace algunos d\u00edas la Pol\u00edtica Nacional de Apoyos y Cuidados 2025-2030 cuyo objetivo es mejorar el bienestar de las personas cuidadoras y quienes requieren cuidados, liderado por el Ministerio de Desarrollo Social, donde como Trabajo y Previsi\u00f3n Social la autoridad dio a conocer que se est\u00e1n levantando iniciativas a trav\u00e9s de Sence y ChileValora, para reconocer y apoyar a las y los cuidadores, entre otros temas. Cabe mencionar que en el Congreso est\u00e1 avanzando el proyecto de ley que reconoce el derecho al cuidado y crea el Sistema Nacional de Apoyos y Cuidados.<\/p>\n<p style=\"text-align: justify;\">\u201cDurante este a\u00f1o tenemos el gran desaf\u00edo de implementar la Reforma de Pensiones, junto a impulsar proyectos de ley que ya est\u00e1n avanzando en el Congreso, como la equidad salarial, proyecto de ley para mejorar la labor de los buzos, de los recolectores de aseo domiciliario, el perfeccionamiento y modificaci\u00f3n de la Ley 16.744, que regula el Seguro de Accidentes del Trabajo y Enfermedades Profesionales para crear un sistema aut\u00f3nomo de calificaci\u00f3n de enfermedades profesionales, que separe las labores que hoy se encuentran radicadas en los organismos administradores del Seguro de Accidentes del Trabajo y Enfermedades Profesionales, fortaleciendo la regulaci\u00f3n de los organismos administradores y permitiendo un acceso justo y oportuno a los beneficios de este seguro solidario. Queda camino por recorrer y mucho por hacer, con m\u00e1s justicia social y m\u00e1s oportunidades, por ello seguiremos trabajando d\u00eda a d\u00eda por nuestra regi\u00f3n de Ays\u00e9n y por el pa\u00eds\u201d, detall\u00f3 la Seremi Camila Covarrubias.<\/p>\n<p style=\"text-align: justify;\">Los principales logros de estos 3 a\u00f1os de Gobierno se pueden encontrar en www.derechosybeneficios.cl y las m\u00e1s de 1.000 medidas concretas en chileavanzando.cl.<\/p>\n<\/div><\/section><\/div><div  style='height:50px' class='hr hr-invisible   avia-builder-el-6  el_after_av_one_full  el_before_av_social_share '><span class='hr-inner ' ><span class='hr-inner-style'><\/span><\/span><\/div><\/p>\n<div  class='av-social-sharing-box  avia-builder-el-7  el_after_av_hr  el_before_av_hr  '><div class='av-share-box'><h5 class='av-share-link-description av-no-toc '>Compartir esta noticia<\/h5><ul class='av-share-box-list noLightbox'><li class='av-share-link av-social-link-facebook' ><a target=\"_blank\" aria-label=\"Compartir en Facebook\" href='https:\/\/www.facebook.com\/sharer.php?u=https:\/\/radiorevelacionfm.cl\/?p=51513&#038;t=Seremi%20del%20Trabajo%3A%20%E2%80%9CEn%20estos%203%20a%C3%B1os%20hemos%20logrado%20grandes%20avances%20en%20materia%20de%20g%C3%A9nero%2C%20en%20favor%20de%20las%20y%20los%20pensionados%20y%20trabajo%20decente%20por%20las%20y%20los%20trabajadores%E2%80%9D' aria-hidden='false' data-av_icon='\ue8f3' data-av_iconfont='entypo-fontello' title='' data-avia-related-tooltip='Compartir en Facebook' rel=\"noopener\"><span class='avia_hidden_link_text'>Compartir en Facebook<\/span><\/a><\/li><li class='av-share-link av-social-link-twitter' ><a target=\"_blank\" aria-label=\"Compartir en Twitter\" href='https:\/\/twitter.com\/share?text=Seremi%20del%20Trabajo%3A%20%E2%80%9CEn%20estos%203%20a%C3%B1os%20hemos%20logrado%20grandes%20avances%20en%20materia%20de%20g%C3%A9nero%2C%20en%20favor%20de%20las%20y%20los%20pensionados%20y%20trabajo%20decente%20por%20las%20y%20los%20trabajadores%E2%80%9D&#038;url=https:\/\/radiorevelacionfm.cl\/?p=51513' aria-hidden='false' data-av_icon='\ue8f1' data-av_iconfont='entypo-fontello' title='' data-avia-related-tooltip='Compartir en Twitter' rel=\"noopener\"><span class='avia_hidden_link_text'>Compartir en Twitter<\/span><\/a><\/li><li class='av-share-link av-social-link-whatsapp' ><a target=\"_blank\" aria-label=\"Compartir en Whatsapp\" href='https:\/\/api.whatsapp.com\/send?text=https:\/\/radiorevelacionfm.cl\/?p=51513' aria-hidden='false' data-av_icon='\uf232' data-av_iconfont='entypo-fontello' title='' data-avia-related-tooltip='Compartir en Whatsapp' rel=\"noopener\"><span class='avia_hidden_link_text'>Compartir en Whatsapp<\/span><\/a><\/li><li class='av-share-link av-social-link-linkedin' ><a target=\"_blank\" aria-label=\"Compartir en LinkedIn\" href='https:\/\/linkedin.com\/shareArticle?mini=true&#038;title=Seremi%20del%20Trabajo%3A%20%E2%80%9CEn%20estos%203%20a%C3%B1os%20hemos%20logrado%20grandes%20avances%20en%20materia%20de%20g%C3%A9nero%2C%20en%20favor%20de%20las%20y%20los%20pensionados%20y%20trabajo%20decente%20por%20las%20y%20los%20trabajadores%E2%80%9D&#038;url=https:\/\/radiorevelacionfm.cl\/?p=51513' aria-hidden='false' data-av_icon='\ue8fc' data-av_iconfont='entypo-fontello' title='' data-avia-related-tooltip='Compartir en LinkedIn' rel=\"noopener\"><span class='avia_hidden_link_text'>Compartir en LinkedIn<\/span><\/a><\/li><li class='av-share-link av-social-link-mail' ><a  aria-label=\"Compartir por correo\" href='mailto:?subject=Seremi%20del%20Trabajo%3A%20%E2%80%9CEn%20estos%203%20a%C3%B1os%20hemos%20logrado%20grandes%20avances%20en%20materia%20de%20g%C3%A9nero%2C%20en%20favor%20de%20las%20y%20los%20pensionados%20y%20trabajo%20decente%20por%20las%20y%20los%20trabajadores%E2%80%9D&#038;body=https:\/\/radiorevelacionfm.cl\/?p=51513' aria-hidden='false' data-av_icon='\ue805' data-av_iconfont='entypo-fontello' title='' data-avia-related-tooltip='Compartir por correo'><span class='avia_hidden_link_text'>Compartir por correo<\/span><\/a><\/li><\/ul><\/div><\/div>\n<div  style='height:50px' class='hr hr-invisible   avia-builder-el-8  el_after_av_social_share  el_before_av_comments_list '><span class='hr-inner ' ><span class='hr-inner-style'><\/span><\/span><\/div>\n<div  class='av-buildercomment  av-blog-meta-html-info-disabled av-blog-meta-tag-disabled  '><\/div>\n","protected":false},"excerpt":{"rendered":"","protected":false},"author":1,"featured_media":51514,"comment_status":"open","ping_status":"open","sticky":false,"template":"","format":"standard","meta":{"footnotes":""},"categories":[56],"tags":[],"class_list":["post-51513","post","type-post","status-publish","format-standard","has-post-thumbnail","hentry","category-trabajo"],"jetpack_featured_media_url":"https:\/\/radiorevelacionfm.cl\/wp-content\/uploads\/2025\/03\/emporcha-40-horas_-1_optimized-1.jpeg","_links":{"self":[{"href":"https:\/\/radiorevelacionfm.cl\/index.php?rest_route=\/wp\/v2\/posts\/51513","targetHints":{"allow":["GET"]}}],"collection":[{"href":"https:\/\/radiorevelacionfm.cl\/index.php?rest_route=\/wp\/v2\/posts"}],"about":[{"href":"https:\/\/radiorevelacionfm.cl\/index.php?rest_route=\/wp\/v2\/types\/post"}],"author":[{"embeddable":true,"href":"https:\/\/radiorevelacionfm.cl\/index.php?rest_route=\/wp\/v2\/users\/1"}],"replies":[{"embeddable":true,"href":"https:\/\/radiorevelacionfm.cl\/index.php?rest_route=%2Fwp%2Fv2%2Fcomments&post=51513"}],"version-history":[{"count":1,"href":"https:\/\/radiorevelacionfm.cl\/index.php?rest_route=\/wp\/v2\/posts\/51513\/revisions"}],"predecessor-version":[{"id":51515,"href":"https:\/\/radiorevelacionfm.cl\/index.php?rest_route=\/wp\/v2\/posts\/51513\/revisions\/51515"}],"wp:featuredmedia":[{"embeddable":true,"href":"https:\/\/radiorevelacionfm.cl\/index.php?rest_route=\/wp\/v2\/media\/51514"}],"wp:attachment":[{"href":"https:\/\/radiorevelacionfm.cl\/index.php?rest_route=%2Fwp%2Fv2%2Fmedia&parent=51513"}],"wp:term":[{"taxonomy":"category","embeddable":true,"href":"https:\/\/radiorevelacionfm.cl\/index.php?rest_route=%2Fwp%2Fv2%2Fcategories&post=51513"},{"taxonomy":"post_tag","embeddable":true,"href":"https:\/\/radiorevelacionfm.cl\/index.php?rest_route=%2Fwp%2Fv2%2Ftags&post=51513"}],"curies":[{"name":"wp","href":"https:\/\/api.w.org\/{rel}","templated":true}]}}