{"id":51510,"date":"2025-03-17T18:56:16","date_gmt":"2025-03-17T21:56:16","guid":{"rendered":"https:\/\/radiorevelacionfm.cl\/?p=51510"},"modified":"2025-03-17T18:56:16","modified_gmt":"2025-03-17T21:56:16","slug":"pdi-recupera-vehiculo-robado-y-detiene-a-cinco-imputados-por-receptacion-flagrante","status":"publish","type":"post","link":"https:\/\/radiorevelacionfm.cl\/?p=51510","title":{"rendered":"PDI recupera veh\u00edculo robado y detiene a cinco imputados por receptaci\u00f3n flagrante"},"content":{"rendered":"<div class=\"flex_column av_one_full  flex_column_div av-zero-column-padding first  avia-builder-el-0  el_before_av_one_full  avia-builder-el-first  \" style='border-radius:0px; '><div  class='avia-image-container  av-styling-    avia-builder-el-1  avia-builder-el-no-sibling  avia-align-center '  itemprop=\"image\" itemscope=\"itemscope\" itemtype=\"https:\/\/schema.org\/ImageObject\"  ><div class='avia-image-container-inner'><div class='avia-image-overlay-wrap'><img decoding=\"async\" class='wp-image-51511 avia-img-lazy-loading-not-51511 avia_image' src=\"https:\/\/radiorevelacionfm.cl\/wp-content\/uploads\/2025\/03\/BICRIM-Aysen-recuperacion-vehiculo-y-detencion-por-receptacion-flagrante-001-1-1.jpeg\" alt='' title='BICRIM Ays\u00e9n - recuperaci\u00f3n veh\u00edculo y detenci\u00f3n por receptaci\u00f3n flagrante 001 (1) (1)' height=\"600\" width=\"1067\"  itemprop=\"thumbnailUrl\" srcset=\"https:\/\/radiorevelacionfm.cl\/wp-content\/uploads\/2025\/03\/BICRIM-Aysen-recuperacion-vehiculo-y-detencion-por-receptacion-flagrante-001-1-1.jpeg 1067w, https:\/\/radiorevelacionfm.cl\/wp-content\/uploads\/2025\/03\/BICRIM-Aysen-recuperacion-vehiculo-y-detencion-por-receptacion-flagrante-001-1-1-300x169.jpeg 300w, https:\/\/radiorevelacionfm.cl\/wp-content\/uploads\/2025\/03\/BICRIM-Aysen-recuperacion-vehiculo-y-detencion-por-receptacion-flagrante-001-1-1-1030x579.jpeg 1030w, https:\/\/radiorevelacionfm.cl\/wp-content\/uploads\/2025\/03\/BICRIM-Aysen-recuperacion-vehiculo-y-detencion-por-receptacion-flagrante-001-1-1-768x432.jpeg 768w, https:\/\/radiorevelacionfm.cl\/wp-content\/uploads\/2025\/03\/BICRIM-Aysen-recuperacion-vehiculo-y-detencion-por-receptacion-flagrante-001-1-1-705x396.jpeg 705w, https:\/\/radiorevelacionfm.cl\/wp-content\/uploads\/2025\/03\/BICRIM-Aysen-recuperacion-vehiculo-y-detencion-por-receptacion-flagrante-001-1-1-450x253.jpeg 450w, https:\/\/radiorevelacionfm.cl\/wp-content\/uploads\/2025\/03\/BICRIM-Aysen-recuperacion-vehiculo-y-detencion-por-receptacion-flagrante-001-1-1-600x337.jpeg 600w\" sizes=\"(max-width: 1067px) 100vw, 1067px\" \/><\/div><\/div><\/div><\/div><div class=\"flex_column av_one_full  flex_column_div av-zero-column-padding first  avia-builder-el-2  el_after_av_one_full  el_before_av_one_full  column-top-margin\" style='border-radius:0px; '><section class=\"av_textblock_section \"  itemscope=\"itemscope\" itemtype=\"https:\/\/schema.org\/BlogPosting\" itemprop=\"blogPost\" ><div class='avia_textblock  '   itemprop=\"text\" ><p style=\"text-align: center;\"><span style=\"font-size: 18pt;\"><strong>PDI recupera veh\u00edculo robado y detiene a cinco imputados por receptaci\u00f3n flagrante<\/strong><\/span><\/p>\n<div id=\"gtx-trans\" style=\"position: absolute; left: -50px; top: 4.31534px;\">\n<div class=\"gtx-trans-icon\"><\/div>\n<\/div>\n<\/div><\/section><\/div><div class=\"flex_column av_one_full  flex_column_div av-zero-column-padding first  avia-builder-el-4  el_after_av_one_full  el_before_av_hr  column-top-margin\" style='border-radius:0px; '><section class=\"av_textblock_section \"  itemscope=\"itemscope\" itemtype=\"https:\/\/schema.org\/BlogPosting\" itemprop=\"blogPost\" ><div class='avia_textblock  '   itemprop=\"text\" ><p style=\"text-align: justify;\">Tras una denuncia por el delito de robo ocurrido en la ciudad de Coyhaique, detectives de la Brigada de Investigaci\u00f3n Criminal (BICRIM) Ays\u00e9n de la Polic\u00eda de Investigaciones de Chile lograron la detenci\u00f3n de cinco imputados por el delito de receptaci\u00f3n flagrante y la recuperaci\u00f3n de un veh\u00edculo y un televisor sustra\u00eddo.<\/p>\n<p style=\"text-align: justify;\">De acuerdo a lo informado por el jefe de la unidad territorial de Ays\u00e9n, subprefecto Claudio Reyes Reyes, \u201choy en la ma\u00f1ana se toma conocimiento de la sustracci\u00f3n de un veh\u00edculo desde la ciudad de Coyhaique, motivo por el cual detectives de la Brigada de Investigaci\u00f3n Criminal de Puerto Ays\u00e9n se despliegan por las arterias de esta ciudad con la finalidad de poder encontrar este veh\u00edculo sustra\u00eddo\u201d.<\/p>\n<p style=\"text-align: justify;\">Luego de diversos desplazamientos por las calles de la ciudad, \u201cen el sector sur se logra dar con el paradero del veh\u00edculo en cuyo interior se encontraban cinco ocupantes, los cuales, al ser sometidos a control de identidad, no pudieron dar una respuesta satisfactoria ni convincente respecto de la tenencia del veh\u00edculo que hab\u00eda sido sustra\u00eddo en la ciudad de Coyhaique\u201d, detall\u00f3 el subprefecto Reyes.<\/p>\n<p style=\"text-align: justify;\">A ra\u00edz de las diligencias investigativas y con los antecedentes de la denuncia, los detectives lograron establecer que \u201chab\u00edan ingresado a un domicilio en la ciudad de Coyhaique, sustrayendo un televisor de 70 pulgadas y el veh\u00edculo en comento. Se pudo concurrir voluntariamente al domicilio de uno de los imputados, donde se logr\u00f3 tambi\u00e9n recuperar el televisor que hab\u00eda sido sustra\u00eddo\u201d, agreg\u00f3 el jefe de la BICRIM Ays\u00e9n.<\/p>\n<p style=\"text-align: justify;\">Todos los antecedentes del caso fueron informados al Ministerio P\u00fablico, cuyo fiscal de turno dispuso la detenci\u00f3n en flagrancia de los cinco imputados por el delito de receptaci\u00f3n, quienes ser\u00e1n puestos a disposici\u00f3n del Juzgado de Garant\u00eda de Puerto Ays\u00e9n para el respectivo control de detenci\u00f3n y formalizaci\u00f3n por parte de la Fiscal\u00eda.<\/p>\n<p style=\"text-align: justify;\">Finalmente, cabe destacar que contin\u00faan las diligencias investigativas para esclarecer el delito de robo y posicionar a los imputados en el sitio de suceso.<\/p>\n<\/div><\/section><\/div><div  style='height:50px' class='hr hr-invisible   avia-builder-el-6  el_after_av_one_full  el_before_av_social_share '><span class='hr-inner ' ><span class='hr-inner-style'><\/span><\/span><\/div><\/p>\n<div  class='av-social-sharing-box  avia-builder-el-7  el_after_av_hr  el_before_av_hr  '><div class='av-share-box'><h5 class='av-share-link-description av-no-toc '>Compartir esta noticia<\/h5><ul class='av-share-box-list noLightbox'><li class='av-share-link av-social-link-facebook' ><a target=\"_blank\" aria-label=\"Compartir en Facebook\" href='https:\/\/www.facebook.com\/sharer.php?u=https:\/\/radiorevelacionfm.cl\/?p=51510&#038;t=PDI%20recupera%20veh%C3%ADculo%20robado%20y%20detiene%20a%20cinco%20imputados%20por%20receptaci%C3%B3n%20flagrante' aria-hidden='false' data-av_icon='\ue8f3' data-av_iconfont='entypo-fontello' title='' data-avia-related-tooltip='Compartir en Facebook' rel=\"noopener\"><span class='avia_hidden_link_text'>Compartir en Facebook<\/span><\/a><\/li><li class='av-share-link av-social-link-twitter' ><a target=\"_blank\" aria-label=\"Compartir en Twitter\" href='https:\/\/twitter.com\/share?text=PDI%20recupera%20veh%C3%ADculo%20robado%20y%20detiene%20a%20cinco%20imputados%20por%20receptaci%C3%B3n%20flagrante&#038;url=https:\/\/radiorevelacionfm.cl\/?p=51510' aria-hidden='false' data-av_icon='\ue8f1' data-av_iconfont='entypo-fontello' title='' data-avia-related-tooltip='Compartir en Twitter' rel=\"noopener\"><span class='avia_hidden_link_text'>Compartir en Twitter<\/span><\/a><\/li><li class='av-share-link av-social-link-whatsapp' ><a target=\"_blank\" aria-label=\"Compartir en Whatsapp\" href='https:\/\/api.whatsapp.com\/send?text=https:\/\/radiorevelacionfm.cl\/?p=51510' aria-hidden='false' data-av_icon='\uf232' data-av_iconfont='entypo-fontello' title='' data-avia-related-tooltip='Compartir en Whatsapp' rel=\"noopener\"><span class='avia_hidden_link_text'>Compartir en Whatsapp<\/span><\/a><\/li><li class='av-share-link av-social-link-linkedin' ><a target=\"_blank\" aria-label=\"Compartir en LinkedIn\" href='https:\/\/linkedin.com\/shareArticle?mini=true&#038;title=PDI%20recupera%20veh%C3%ADculo%20robado%20y%20detiene%20a%20cinco%20imputados%20por%20receptaci%C3%B3n%20flagrante&#038;url=https:\/\/radiorevelacionfm.cl\/?p=51510' aria-hidden='false' data-av_icon='\ue8fc' data-av_iconfont='entypo-fontello' title='' data-avia-related-tooltip='Compartir en LinkedIn' rel=\"noopener\"><span class='avia_hidden_link_text'>Compartir en LinkedIn<\/span><\/a><\/li><li class='av-share-link av-social-link-mail' ><a  aria-label=\"Compartir por correo\" href='mailto:?subject=PDI%20recupera%20veh%C3%ADculo%20robado%20y%20detiene%20a%20cinco%20imputados%20por%20receptaci%C3%B3n%20flagrante&#038;body=https:\/\/radiorevelacionfm.cl\/?p=51510' aria-hidden='false' data-av_icon='\ue805' data-av_iconfont='entypo-fontello' title='' data-avia-related-tooltip='Compartir por correo'><span class='avia_hidden_link_text'>Compartir por correo<\/span><\/a><\/li><\/ul><\/div><\/div>\n<div  style='height:50px' class='hr hr-invisible   avia-builder-el-8  el_after_av_social_share  el_before_av_comments_list '><span class='hr-inner ' ><span class='hr-inner-style'><\/span><\/span><\/div>\n<div  class='av-buildercomment  av-blog-meta-html-info-disabled av-blog-meta-tag-disabled  '><\/div>\n","protected":false},"excerpt":{"rendered":"","protected":false},"author":1,"featured_media":51511,"comment_status":"open","ping_status":"open","sticky":false,"template":"","format":"standard","meta":{"footnotes":""},"categories":[36],"tags":[],"class_list":["post-51510","post","type-post","status-publish","format-standard","has-post-thumbnail","hentry","category-policial"],"jetpack_featured_media_url":"https:\/\/radiorevelacionfm.cl\/wp-content\/uploads\/2025\/03\/BICRIM-Aysen-recuperacion-vehiculo-y-detencion-por-receptacion-flagrante-001-1-1.jpeg","_links":{"self":[{"href":"https:\/\/radiorevelacionfm.cl\/index.php?rest_route=\/wp\/v2\/posts\/51510","targetHints":{"allow":["GET"]}}],"collection":[{"href":"https:\/\/radiorevelacionfm.cl\/index.php?rest_route=\/wp\/v2\/posts"}],"about":[{"href":"https:\/\/radiorevelacionfm.cl\/index.php?rest_route=\/wp\/v2\/types\/post"}],"author":[{"embeddable":true,"href":"https:\/\/radiorevelacionfm.cl\/index.php?rest_route=\/wp\/v2\/users\/1"}],"replies":[{"embeddable":true,"href":"https:\/\/radiorevelacionfm.cl\/index.php?rest_route=%2Fwp%2Fv2%2Fcomments&post=51510"}],"version-history":[{"count":1,"href":"https:\/\/radiorevelacionfm.cl\/index.php?rest_route=\/wp\/v2\/posts\/51510\/revisions"}],"predecessor-version":[{"id":51512,"href":"https:\/\/radiorevelacionfm.cl\/index.php?rest_route=\/wp\/v2\/posts\/51510\/revisions\/51512"}],"wp:featuredmedia":[{"embeddable":true,"href":"https:\/\/radiorevelacionfm.cl\/index.php?rest_route=\/wp\/v2\/media\/51511"}],"wp:attachment":[{"href":"https:\/\/radiorevelacionfm.cl\/index.php?rest_route=%2Fwp%2Fv2%2Fmedia&parent=51510"}],"wp:term":[{"taxonomy":"category","embeddable":true,"href":"https:\/\/radiorevelacionfm.cl\/index.php?rest_route=%2Fwp%2Fv2%2Fcategories&post=51510"},{"taxonomy":"post_tag","embeddable":true,"href":"https:\/\/radiorevelacionfm.cl\/index.php?rest_route=%2Fwp%2Fv2%2Ftags&post=51510"}],"curies":[{"name":"wp","href":"https:\/\/api.w.org\/{rel}","templated":true}]}}