{"id":5151,"date":"2021-06-11T11:29:12","date_gmt":"2021-06-11T14:29:12","guid":{"rendered":"https:\/\/radiorevelacionfm.cl\/?p=5151"},"modified":"2021-06-11T11:29:12","modified_gmt":"2021-06-11T14:29:12","slug":"designan-a-sergio-munoz-yanez-como-nuevo-director-general-de-la-pdi","status":"publish","type":"post","link":"https:\/\/radiorevelacionfm.cl\/?p=5151","title":{"rendered":"Designan a Sergio Mu\u00f1oz Y\u00e1\u00f1ez como nuevo Director General de la PDI"},"content":{"rendered":"<div class=\"flex_column av_one_full  flex_column_div av-zero-column-padding first  avia-builder-el-0  el_before_av_one_full  avia-builder-el-first  \" style='border-radius:0px; '><div  class='avia-image-container  av-styling-    avia-builder-el-1  avia-builder-el-no-sibling  avia-align-center '  itemprop=\"image\" itemscope=\"itemscope\" itemtype=\"https:\/\/schema.org\/ImageObject\"  ><div class='avia-image-container-inner'><div class='avia-image-overlay-wrap'><img decoding=\"async\" class='wp-image-0 avia-img-lazy-loading-not-0 avia_image' src=\"https:\/\/radiorevelacionfm.cl\/wp-content\/uploads\/2021\/06\/designacion-nuevo-director-general-pdi1_optimized.jpg\" alt='' title=''   itemprop=\"thumbnailUrl\"  \/><\/div><\/div><\/div><\/div><div class=\"flex_column av_one_full  flex_column_div av-zero-column-padding first  avia-builder-el-2  el_after_av_one_full  el_before_av_one_full  column-top-margin\" style='border-radius:0px; '><section class=\"av_textblock_section \"  itemscope=\"itemscope\" itemtype=\"https:\/\/schema.org\/BlogPosting\" itemprop=\"blogPost\" ><div class='avia_textblock  '   itemprop=\"text\" ><p style=\"text-align: center;\"><strong><span style=\"font-size: 18pt;\">Designan a Sergio Mu\u00f1oz Y\u00e1\u00f1ez como nuevo Director General de la PDI<\/span><\/strong><\/p>\n<div id=\"gtx-trans\" style=\"position: absolute; left: -50px; top: 4.31534px;\">\n<div class=\"gtx-trans-icon\"><\/div>\n<\/div>\n<\/div><\/section><\/div><div class=\"flex_column av_one_full  flex_column_div av-zero-column-padding first  avia-builder-el-4  el_after_av_one_full  el_before_av_hr  column-top-margin\" style='border-radius:0px; '><section class=\"av_textblock_section \"  itemscope=\"itemscope\" itemtype=\"https:\/\/schema.org\/BlogPosting\" itemprop=\"blogPost\" ><div class='avia_textblock  '   itemprop=\"text\" ><p style=\"text-align: justify;\">El Presidente de la Rep\u00fablica, Sebasti\u00e1n Pi\u00f1era Echenique design\u00f3 al prefecto general Sergio Mu\u00f1oz Y\u00e1\u00f1ez, como el nuevo Director General de la Polic\u00eda de Investigaciones de Chile (PDI), quien de acuerdo a la ley liderar\u00e1 la instituci\u00f3n por un periodo de seis a\u00f1os.<\/p>\n<p style=\"text-align: justify;\">La nueva m\u00e1xima autoridad policial, que desde el 2019 se desempe\u00f1aba como subdirector de Inteligencia, Crimen Organizado y Seguridad Migratoria, reemplaza as\u00ed en el cargo a H\u00e9ctor Espinosa Valenzuela, quien el 19 de junio cumple su per\u00edodo al mando de la PDI.<\/p>\n<p style=\"text-align: justify;\">El nuevo Director General de la PDI, es graduado de la Academia Superior de Estudios Policiales y posee el diplomado en Alta Direcci\u00f3n P\u00fablica (Curso de Alto Mando), destaca por un perfil eminentemente operativo, puesto que durante sus 36 a\u00f1os de trayectoria profesional se ha desempe\u00f1ado en las diferentes \u00e1reas de la instituci\u00f3n: el 2010 fue designado como jefe de la Brigada de Investigaci\u00f3n Criminal San Fernando; en 2013 estuvo a cargo de la Prefectura Provincial Colchagua y, posteriormente, de la Prefectura Metropolitana Centro Norte. En 2015 asume la direcci\u00f3n de la Regi\u00f3n Policial de Antofagasta y dos a\u00f1os despu\u00e9s, la Regi\u00f3n Policial de Valpara\u00edso. En 2019 es ascendido a prefecto general, a cargo de la Subdirecci\u00f3n de Inteligencia, Crimen Organizado y Seguridad Migratoria.<\/p>\n<p style=\"text-align: justify;\">Durante su trayectoria ha realizado diferentes cursos destacando entre ellos: Federal Bureau of Investigation (FBI), entrenamiento t\u00e1ctico en narc\u00f3ticos Drug Enforcement Administration (DEA), y diploma en Administraci\u00f3n de Divisiones Policiales en la Polic\u00eda de San Petersburgo, Rusia.<\/p>\n<p style=\"text-align: justify;\">Sergio Mu\u00f1oz Y\u00e1\u00f1ez, de 53 a\u00f1os, naci\u00f3 en San Fernando, regi\u00f3n de O\u2019Higgins, est\u00e1 casado y tiene tres hijos.<\/p>\n<\/div><\/section><\/div><div  style='height:50px' class='hr hr-invisible   avia-builder-el-6  el_after_av_one_full  el_before_av_social_share '><span class='hr-inner ' ><span class='hr-inner-style'><\/span><\/span><\/div><\/p>\n<div  class='av-social-sharing-box  avia-builder-el-7  el_after_av_hr  el_before_av_hr  '><div class='av-share-box'><h5 class='av-share-link-description av-no-toc '>Compartir esta noticia<\/h5><ul class='av-share-box-list noLightbox'><li class='av-share-link av-social-link-facebook' ><a target=\"_blank\" aria-label=\"Compartir en Facebook\" href='https:\/\/www.facebook.com\/sharer.php?u=https:\/\/radiorevelacionfm.cl\/?p=5151&#038;t=Designan%20a%20Sergio%20Mu%C3%B1oz%20Y%C3%A1%C3%B1ez%20como%20nuevo%20Director%20General%20de%20la%20PDI' aria-hidden='false' data-av_icon='\ue8f3' data-av_iconfont='entypo-fontello' title='' data-avia-related-tooltip='Compartir en Facebook' rel=\"noopener\"><span class='avia_hidden_link_text'>Compartir en Facebook<\/span><\/a><\/li><li class='av-share-link av-social-link-twitter' ><a target=\"_blank\" aria-label=\"Compartir en Twitter\" href='https:\/\/twitter.com\/share?text=Designan%20a%20Sergio%20Mu%C3%B1oz%20Y%C3%A1%C3%B1ez%20como%20nuevo%20Director%20General%20de%20la%20PDI&#038;url=https:\/\/radiorevelacionfm.cl\/?p=5151' aria-hidden='false' data-av_icon='\ue8f1' data-av_iconfont='entypo-fontello' title='' data-avia-related-tooltip='Compartir en Twitter' rel=\"noopener\"><span class='avia_hidden_link_text'>Compartir en Twitter<\/span><\/a><\/li><li class='av-share-link av-social-link-whatsapp' ><a target=\"_blank\" aria-label=\"Compartir en Whatsapp\" href='https:\/\/api.whatsapp.com\/send?text=https:\/\/radiorevelacionfm.cl\/?p=5151' aria-hidden='false' data-av_icon='\uf232' data-av_iconfont='entypo-fontello' title='' data-avia-related-tooltip='Compartir en Whatsapp' rel=\"noopener\"><span class='avia_hidden_link_text'>Compartir en Whatsapp<\/span><\/a><\/li><li class='av-share-link av-social-link-linkedin' ><a target=\"_blank\" aria-label=\"Compartir en LinkedIn\" href='https:\/\/linkedin.com\/shareArticle?mini=true&#038;title=Designan%20a%20Sergio%20Mu%C3%B1oz%20Y%C3%A1%C3%B1ez%20como%20nuevo%20Director%20General%20de%20la%20PDI&#038;url=https:\/\/radiorevelacionfm.cl\/?p=5151' aria-hidden='false' data-av_icon='\ue8fc' data-av_iconfont='entypo-fontello' title='' data-avia-related-tooltip='Compartir en LinkedIn' rel=\"noopener\"><span class='avia_hidden_link_text'>Compartir en LinkedIn<\/span><\/a><\/li><li class='av-share-link av-social-link-mail' ><a  aria-label=\"Compartir por correo\" href='mailto:?subject=Designan%20a%20Sergio%20Mu%C3%B1oz%20Y%C3%A1%C3%B1ez%20como%20nuevo%20Director%20General%20de%20la%20PDI&#038;body=https:\/\/radiorevelacionfm.cl\/?p=5151' aria-hidden='false' data-av_icon='\ue805' data-av_iconfont='entypo-fontello' title='' data-avia-related-tooltip='Compartir por correo'><span class='avia_hidden_link_text'>Compartir por correo<\/span><\/a><\/li><\/ul><\/div><\/div>\n<div  style='height:50px' class='hr hr-invisible   avia-builder-el-8  el_after_av_social_share  el_before_av_comments_list '><span class='hr-inner ' ><span class='hr-inner-style'><\/span><\/span><\/div>\n<div  class='av-buildercomment  av-blog-meta-html-info-disabled av-blog-meta-tag-disabled  '><\/div>\n","protected":false},"excerpt":{"rendered":"","protected":false},"author":1,"featured_media":0,"comment_status":"open","ping_status":"open","sticky":false,"template":"","format":"standard","meta":{"footnotes":""},"categories":[61,36],"tags":[],"class_list":["post-5151","post","type-post","status-publish","format-standard","hentry","category-nacional","category-policial"],"jetpack_featured_media_url":"","_links":{"self":[{"href":"https:\/\/radiorevelacionfm.cl\/index.php?rest_route=\/wp\/v2\/posts\/5151","targetHints":{"allow":["GET"]}}],"collection":[{"href":"https:\/\/radiorevelacionfm.cl\/index.php?rest_route=\/wp\/v2\/posts"}],"about":[{"href":"https:\/\/radiorevelacionfm.cl\/index.php?rest_route=\/wp\/v2\/types\/post"}],"author":[{"embeddable":true,"href":"https:\/\/radiorevelacionfm.cl\/index.php?rest_route=\/wp\/v2\/users\/1"}],"replies":[{"embeddable":true,"href":"https:\/\/radiorevelacionfm.cl\/index.php?rest_route=%2Fwp%2Fv2%2Fcomments&post=5151"}],"version-history":[{"count":1,"href":"https:\/\/radiorevelacionfm.cl\/index.php?rest_route=\/wp\/v2\/posts\/5151\/revisions"}],"predecessor-version":[{"id":5153,"href":"https:\/\/radiorevelacionfm.cl\/index.php?rest_route=\/wp\/v2\/posts\/5151\/revisions\/5153"}],"wp:attachment":[{"href":"https:\/\/radiorevelacionfm.cl\/index.php?rest_route=%2Fwp%2Fv2%2Fmedia&parent=5151"}],"wp:term":[{"taxonomy":"category","embeddable":true,"href":"https:\/\/radiorevelacionfm.cl\/index.php?rest_route=%2Fwp%2Fv2%2Fcategories&post=5151"},{"taxonomy":"post_tag","embeddable":true,"href":"https:\/\/radiorevelacionfm.cl\/index.php?rest_route=%2Fwp%2Fv2%2Ftags&post=5151"}],"curies":[{"name":"wp","href":"https:\/\/api.w.org\/{rel}","templated":true}]}}