{"id":51508,"date":"2025-03-18T14:58:09","date_gmt":"2025-03-18T17:58:09","guid":{"rendered":"https:\/\/radiorevelacionfm.cl\/?p=51508"},"modified":"2025-03-18T14:58:09","modified_gmt":"2025-03-18T17:58:09","slug":"seremi-ursula-mix-jimenez-a-3-anos-de-gobierno","status":"publish","type":"post","link":"https:\/\/radiorevelacionfm.cl\/?p=51508","title":{"rendered":"Seremi \u00darsula Mix Jim\u00e9nez: A 3 a\u00f1os de Gobierno"},"content":{"rendered":"<div class=\"flex_column av_one_full  flex_column_div av-zero-column-padding first  avia-builder-el-0  el_before_av_one_full  avia-builder-el-first  \" style='border-radius:0px; '><div  class='avia-image-container  av-styling-    avia-builder-el-1  avia-builder-el-no-sibling  avia-align-center '  itemprop=\"image\" itemscope=\"itemscope\" itemtype=\"https:\/\/schema.org\/ImageObject\"  ><div class='avia-image-container-inner'><div class='avia-image-overlay-wrap'><img decoding=\"async\" class='wp-image-51176 avia-img-lazy-loading-not-51176 avia_image' src=\"https:\/\/radiorevelacionfm.cl\/wp-content\/uploads\/2025\/03\/voceria-1-1.jpg\" alt='' title='voceria (1) (1)' height=\"605\" width=\"803\"  itemprop=\"thumbnailUrl\" srcset=\"https:\/\/radiorevelacionfm.cl\/wp-content\/uploads\/2025\/03\/voceria-1-1.jpg 803w, https:\/\/radiorevelacionfm.cl\/wp-content\/uploads\/2025\/03\/voceria-1-1-300x226.jpg 300w, https:\/\/radiorevelacionfm.cl\/wp-content\/uploads\/2025\/03\/voceria-1-1-768x579.jpg 768w, https:\/\/radiorevelacionfm.cl\/wp-content\/uploads\/2025\/03\/voceria-1-1-705x531.jpg 705w, https:\/\/radiorevelacionfm.cl\/wp-content\/uploads\/2025\/03\/voceria-1-1-450x339.jpg 450w, https:\/\/radiorevelacionfm.cl\/wp-content\/uploads\/2025\/03\/voceria-1-1-600x452.jpg 600w\" sizes=\"(max-width: 803px) 100vw, 803px\" \/><\/div><\/div><\/div><\/div><div class=\"flex_column av_one_full  flex_column_div av-zero-column-padding first  avia-builder-el-2  el_after_av_one_full  el_before_av_one_full  column-top-margin\" style='border-radius:0px; '><section class=\"av_textblock_section \"  itemscope=\"itemscope\" itemtype=\"https:\/\/schema.org\/BlogPosting\" itemprop=\"blogPost\" ><div class='avia_textblock  '   itemprop=\"text\" ><p style=\"text-align: center;\"><strong><span style=\"font-size: 18pt;\">Seremi \u00darsula Mix Jim\u00e9nez: A 3 a\u00f1os de Gobierno<\/span><\/strong><\/p>\n<div id=\"gtx-trans\" style=\"position: absolute; left: -50px; top: 4.31534px;\">\n<div class=\"gtx-trans-icon\"><\/div>\n<\/div>\n<\/div><\/section><\/div><div class=\"flex_column av_one_full  flex_column_div av-zero-column-padding first  avia-builder-el-4  el_after_av_one_full  el_before_av_hr  column-top-margin\" style='border-radius:0px; '><section class=\"av_textblock_section \"  itemscope=\"itemscope\" itemtype=\"https:\/\/schema.org\/BlogPosting\" itemprop=\"blogPost\" ><div class='avia_textblock  '   itemprop=\"text\" ><p class=\"v1MsoNormal\" style=\"text-align: justify;\"><span lang=\"es\">\u00abUna de las cosas que hemos logrado como Gobierno es darle al pa\u00eds la tranquilidad de que se puede salir adelante, de que podemos volver a encontrarnos y que, a pesar de las diferencias pol\u00edticas y sociales, es posible llegar a acuerdos que mejoren la vida de las personas\u00bb. Con estas palabras, el presidente Gabriel Boric Font se refiere, en una entrevista a EFE, a los logros \u00abinmateriales\u00bb alcanzados en los \u00faltimos tres a\u00f1os.<\/span><\/p>\n<p class=\"v1MsoNormal\" style=\"text-align: justify;\"><span lang=\"es\">Es cierto que quiz\u00e1s no hemos comunicado adecuadamente todos los avances logrados, pero es fundamental que todos conozcamos las m\u00e1s de 1.000 medidas implementadas, disponibles en la plataforma\u00a0<i>Chile Avanzando<\/i>.<\/span><\/p>\n<p class=\"v1MsoNormal\" style=\"text-align: justify;\"><span lang=\"es\">El Gobierno ha lanzado la primera Pol\u00edtica Nacional de Apoyos y Cuidados, que incluye 100 compromisos de diferentes ministerios. Adem\u00e1s, se ha avanzado en el Centro Comunitario de Salud Mental (COSAM) de Puerto Ays\u00e9n y se inauguraron las Postas de Salud Rural en Puerto Guadal y Villa La Tapera.<\/span><\/p>\n<p class=\"v1MsoNormal\" style=\"text-align: justify;\"><span lang=\"es\">En respuesta a las demandas en materia de seguridad, se promulg\u00f3 la nueva Ley Antiterrorista, que moderniza la legislaci\u00f3n vigente. Adem\u00e1s, se promulg\u00f3 la creaci\u00f3n del Ministerio de Seguridad P\u00fablica, que colaborar\u00e1 con el presidente en la promoci\u00f3n y resguardo del orden p\u00fablico y la prevenci\u00f3n del delito. Se destinar\u00e1n m\u00e1s de 3.000 agentes de la PDI a labores de apoyo y se establecer\u00e1n Brigadas de Lavado de Activos, una de ellas en Coyhaique, fortaleciendo la lucha contra el crimen organizado.<\/span><\/p>\n<p class=\"v1MsoNormal\" style=\"text-align: justify;\"><span lang=\"es\">A trav\u00e9s del di\u00e1logo, el Gobierno ha logrado avanzar con reformas hist\u00f3ricas que, en su momento, parec\u00edan impensables, como la reforma de pensiones, que llevaba a\u00f1os siendo debatida tanto pol\u00edtica como socialmente. Esta reforma se ha convertido en uno de los hitos m\u00e1s relevantes de nuestro Gobierno. No solo permitir\u00e1 un aumento de la Pensi\u00f3n Garantizada Universal (PGU), financiada con recursos p\u00fablicos a trav\u00e9s de la Reforma Tributaria, sino tambi\u00e9n la creaci\u00f3n de una nueva pensi\u00f3n del seguro social, financiada por los empleadores.<\/span><\/p>\n<p class=\"v1MsoNormal\" style=\"text-align: justify;\"><span lang=\"es\">Adem\u00e1s, desde enero de 2025, se reajust\u00f3 el salario m\u00ednimo a $510.636, lo que pone fin a a\u00f1os de discusiones pol\u00edticas, en las que la oposici\u00f3n logr\u00f3 bloquear esta mejora que resultaba fundamental para las personas de todo el pa\u00eds.<\/span><\/p>\n<p class=\"v1MsoNormal\" style=\"text-align: justify;\"><span lang=\"es\">Nuestra regi\u00f3n ha estado hist\u00f3ricamente aislada, por lo que el Ministerio de Vivienda y Urbanismo (Minvu) ha incluido a Tortel y R\u00edo Ib\u00e1\u00f1ez en los nuevos territorios del Programa para Peque\u00f1as Localidades, buscando favorecer la equidad territorial en \u00e1reas con mayores rezagos. En Coyhaique, se entregaron las llaves del primer barrio ind\u00edgena de Ays\u00e9n, que consta de 100 viviendas para 17 comunidades mapuche. Adem\u00e1s, se incrementar\u00e1 el presupuesto para el sector vivienda, que pasar\u00e1 de 90 mil millones de pesos en 2024 a 117 mil millones en 2025.<\/span><\/p>\n<p class=\"v1MsoNormal\" style=\"text-align: justify;\"><span lang=\"es\">La geograf\u00eda de Ays\u00e9n nos desaf\u00eda d\u00eda a d\u00eda. Por ello, debemos destacar el aumento de la cobertura en conectividad, tanto en frecuencia de rutas como en conectividad mar\u00edtima. Tambi\u00e9n se han dado avances en planificaci\u00f3n vial y urbana con proyectos priorizados dentro del marco del Plan de Gesti\u00f3n de Tr\u00e1nsito para Cochrane y Chile Chico.<\/span><\/p>\n<p class=\"v1MsoNormal\" style=\"text-align: justify;\"><span lang=\"es\">En cuanto a la modernizaci\u00f3n, se ha implementado la nueva c\u00e9dula de identidad digital, el pasaporte electr\u00f3nico y la licencia de conducir digital, las cuales ya se pueden obtener en la regi\u00f3n de Ays\u00e9n. En el \u00e1mbito energ\u00e9tico, se promulg\u00f3 la Ley de Transici\u00f3n Energ\u00e9tica, que busca corregir las demoras en las obras de transmisi\u00f3n y acelerar la incorporaci\u00f3n de energ\u00edas renovables y limpias al sistema.<\/span><\/p>\n<p class=\"v1MsoNormal\" style=\"text-align: justify;\"><span lang=\"es\">A menudo, nos enfocamos en la cr\u00edtica y no reconocemos los avances logrados.<\/span><\/p>\n<p class=\"v1MsoNormal\" style=\"text-align: justify;\"><span lang=\"es\">Juntos, seguimos avanzando hacia un futuro mejor. Seguimos.<\/span><\/p>\n<\/div><\/section><\/div><div  style='height:50px' class='hr hr-invisible   avia-builder-el-6  el_after_av_one_full  el_before_av_social_share '><span class='hr-inner ' ><span class='hr-inner-style'><\/span><\/span><\/div><\/p>\n<div  class='av-social-sharing-box  avia-builder-el-7  el_after_av_hr  el_before_av_hr  '><div class='av-share-box'><h5 class='av-share-link-description av-no-toc '>Compartir esta noticia<\/h5><ul class='av-share-box-list noLightbox'><li class='av-share-link av-social-link-facebook' ><a target=\"_blank\" aria-label=\"Compartir en Facebook\" href='https:\/\/www.facebook.com\/sharer.php?u=https:\/\/radiorevelacionfm.cl\/?p=51508&#038;t=Seremi%20%C3%9Arsula%20Mix%20Jim%C3%A9nez%3A%20A%203%20a%C3%B1os%20de%20Gobierno' aria-hidden='false' data-av_icon='\ue8f3' data-av_iconfont='entypo-fontello' title='' data-avia-related-tooltip='Compartir en Facebook' rel=\"noopener\"><span class='avia_hidden_link_text'>Compartir en Facebook<\/span><\/a><\/li><li class='av-share-link av-social-link-twitter' ><a target=\"_blank\" aria-label=\"Compartir en Twitter\" href='https:\/\/twitter.com\/share?text=Seremi%20%C3%9Arsula%20Mix%20Jim%C3%A9nez%3A%20A%203%20a%C3%B1os%20de%20Gobierno&#038;url=https:\/\/radiorevelacionfm.cl\/?p=51508' aria-hidden='false' data-av_icon='\ue8f1' data-av_iconfont='entypo-fontello' title='' data-avia-related-tooltip='Compartir en Twitter' rel=\"noopener\"><span class='avia_hidden_link_text'>Compartir en Twitter<\/span><\/a><\/li><li class='av-share-link av-social-link-whatsapp' ><a target=\"_blank\" aria-label=\"Compartir en Whatsapp\" href='https:\/\/api.whatsapp.com\/send?text=https:\/\/radiorevelacionfm.cl\/?p=51508' aria-hidden='false' data-av_icon='\uf232' data-av_iconfont='entypo-fontello' title='' data-avia-related-tooltip='Compartir en Whatsapp' rel=\"noopener\"><span class='avia_hidden_link_text'>Compartir en Whatsapp<\/span><\/a><\/li><li class='av-share-link av-social-link-linkedin' ><a target=\"_blank\" aria-label=\"Compartir en LinkedIn\" href='https:\/\/linkedin.com\/shareArticle?mini=true&#038;title=Seremi%20%C3%9Arsula%20Mix%20Jim%C3%A9nez%3A%20A%203%20a%C3%B1os%20de%20Gobierno&#038;url=https:\/\/radiorevelacionfm.cl\/?p=51508' aria-hidden='false' data-av_icon='\ue8fc' data-av_iconfont='entypo-fontello' title='' data-avia-related-tooltip='Compartir en LinkedIn' rel=\"noopener\"><span class='avia_hidden_link_text'>Compartir en LinkedIn<\/span><\/a><\/li><li class='av-share-link av-social-link-mail' ><a  aria-label=\"Compartir por correo\" href='mailto:?subject=Seremi%20%C3%9Arsula%20Mix%20Jim%C3%A9nez%3A%20A%203%20a%C3%B1os%20de%20Gobierno&#038;body=https:\/\/radiorevelacionfm.cl\/?p=51508' aria-hidden='false' data-av_icon='\ue805' data-av_iconfont='entypo-fontello' title='' data-avia-related-tooltip='Compartir por correo'><span class='avia_hidden_link_text'>Compartir por correo<\/span><\/a><\/li><\/ul><\/div><\/div>\n<div  style='height:50px' class='hr hr-invisible   avia-builder-el-8  el_after_av_social_share  el_before_av_comments_list '><span class='hr-inner ' ><span class='hr-inner-style'><\/span><\/span><\/div>\n<div  class='av-buildercomment  av-blog-meta-html-info-disabled av-blog-meta-tag-disabled  '><\/div>\n","protected":false},"excerpt":{"rendered":"","protected":false},"author":1,"featured_media":51176,"comment_status":"open","ping_status":"open","sticky":false,"template":"","format":"standard","meta":{"footnotes":""},"categories":[50],"tags":[],"class_list":["post-51508","post","type-post","status-publish","format-standard","has-post-thumbnail","hentry","category-cartas-y-opinion"],"jetpack_featured_media_url":"https:\/\/radiorevelacionfm.cl\/wp-content\/uploads\/2025\/03\/voceria-1-1.jpg","_links":{"self":[{"href":"https:\/\/radiorevelacionfm.cl\/index.php?rest_route=\/wp\/v2\/posts\/51508","targetHints":{"allow":["GET"]}}],"collection":[{"href":"https:\/\/radiorevelacionfm.cl\/index.php?rest_route=\/wp\/v2\/posts"}],"about":[{"href":"https:\/\/radiorevelacionfm.cl\/index.php?rest_route=\/wp\/v2\/types\/post"}],"author":[{"embeddable":true,"href":"https:\/\/radiorevelacionfm.cl\/index.php?rest_route=\/wp\/v2\/users\/1"}],"replies":[{"embeddable":true,"href":"https:\/\/radiorevelacionfm.cl\/index.php?rest_route=%2Fwp%2Fv2%2Fcomments&post=51508"}],"version-history":[{"count":1,"href":"https:\/\/radiorevelacionfm.cl\/index.php?rest_route=\/wp\/v2\/posts\/51508\/revisions"}],"predecessor-version":[{"id":51509,"href":"https:\/\/radiorevelacionfm.cl\/index.php?rest_route=\/wp\/v2\/posts\/51508\/revisions\/51509"}],"wp:featuredmedia":[{"embeddable":true,"href":"https:\/\/radiorevelacionfm.cl\/index.php?rest_route=\/wp\/v2\/media\/51176"}],"wp:attachment":[{"href":"https:\/\/radiorevelacionfm.cl\/index.php?rest_route=%2Fwp%2Fv2%2Fmedia&parent=51508"}],"wp:term":[{"taxonomy":"category","embeddable":true,"href":"https:\/\/radiorevelacionfm.cl\/index.php?rest_route=%2Fwp%2Fv2%2Fcategories&post=51508"},{"taxonomy":"post_tag","embeddable":true,"href":"https:\/\/radiorevelacionfm.cl\/index.php?rest_route=%2Fwp%2Fv2%2Ftags&post=51508"}],"curies":[{"name":"wp","href":"https:\/\/api.w.org\/{rel}","templated":true}]}}