{"id":51505,"date":"2025-03-18T10:14:24","date_gmt":"2025-03-18T13:14:24","guid":{"rendered":"https:\/\/radiorevelacionfm.cl\/?p=51505"},"modified":"2025-03-18T10:14:24","modified_gmt":"2025-03-18T13:14:24","slug":"calisto-por-llegada-de-cardiologo-es-un-primer-paso-porque-vamos-a-necesitar-que-el-equipo-de-cardiologia-se-siga-fortaleciendo","status":"publish","type":"post","link":"https:\/\/radiorevelacionfm.cl\/?p=51505","title":{"rendered":"Calisto por llegada de cardi\u00f3logo: \u201cEs un primer paso, porque vamos a necesitar que el equipo de cardiolog\u00eda se siga fortaleciendo\u201d"},"content":{"rendered":"<div class=\"flex_column av_one_full  flex_column_div av-zero-column-padding first  avia-builder-el-0  el_before_av_one_full  avia-builder-el-first  \" style='border-radius:0px; '><div  class='avia-image-container  av-styling-    avia-builder-el-1  avia-builder-el-no-sibling  avia-align-center '  itemprop=\"image\" itemscope=\"itemscope\" itemtype=\"https:\/\/schema.org\/ImageObject\"  ><div class='avia-image-container-inner'><div class='avia-image-overlay-wrap'><img decoding=\"async\" class='wp-image-51506 avia-img-lazy-loading-not-51506 avia_image' src=\"https:\/\/radiorevelacionfm.cl\/wp-content\/uploads\/2025\/03\/FOTO-CARDIOLOGO-1-1.jpeg\" alt='' title='FOTO CARDI\u00d3LOGO (1) (1)' height=\"600\" width=\"800\"  itemprop=\"thumbnailUrl\" srcset=\"https:\/\/radiorevelacionfm.cl\/wp-content\/uploads\/2025\/03\/FOTO-CARDIOLOGO-1-1.jpeg 800w, https:\/\/radiorevelacionfm.cl\/wp-content\/uploads\/2025\/03\/FOTO-CARDIOLOGO-1-1-300x225.jpeg 300w, https:\/\/radiorevelacionfm.cl\/wp-content\/uploads\/2025\/03\/FOTO-CARDIOLOGO-1-1-768x576.jpeg 768w, https:\/\/radiorevelacionfm.cl\/wp-content\/uploads\/2025\/03\/FOTO-CARDIOLOGO-1-1-705x529.jpeg 705w, https:\/\/radiorevelacionfm.cl\/wp-content\/uploads\/2025\/03\/FOTO-CARDIOLOGO-1-1-450x338.jpeg 450w, https:\/\/radiorevelacionfm.cl\/wp-content\/uploads\/2025\/03\/FOTO-CARDIOLOGO-1-1-600x450.jpeg 600w\" sizes=\"(max-width: 800px) 100vw, 800px\" \/><\/div><\/div><\/div><\/div><div class=\"flex_column av_one_full  flex_column_div av-zero-column-padding first  avia-builder-el-2  el_after_av_one_full  el_before_av_one_full  column-top-margin\" style='border-radius:0px; '><section class=\"av_textblock_section \"  itemscope=\"itemscope\" itemtype=\"https:\/\/schema.org\/BlogPosting\" itemprop=\"blogPost\" ><div class='avia_textblock  '   itemprop=\"text\" ><p style=\"text-align: center;\"><span style=\"font-size: 18pt;\"><b>Calisto por llegada de cardi\u00f3logo: \u201cEs un primer paso, porque vamos a necesitar que el equipo de cardiolog\u00eda se siga fortaleciendo\u201d<\/b><\/span><\/p>\n<div id=\"gtx-trans\" style=\"position: absolute; left: -50px; top: 4.31534px;\">\n<div class=\"gtx-trans-icon\"><\/div>\n<\/div>\n<\/div><\/section><\/div><div class=\"flex_column av_one_full  flex_column_div av-zero-column-padding first  avia-builder-el-4  el_after_av_one_full  el_before_av_hr  column-top-margin\" style='border-radius:0px; '><section class=\"av_textblock_section \"  itemscope=\"itemscope\" itemtype=\"https:\/\/schema.org\/BlogPosting\" itemprop=\"blogPost\" ><div class='avia_textblock  '   itemprop=\"text\" ><p style=\"font-weight: 400; text-align: justify;\">Como una gran noticia calific\u00f3 el diputado Miguel \u00c1ngel Calisto la llegada del nuevo cardi\u00f3logo al Hospital Regional de Coyhaique, hecho por el cual resalt\u00f3 el trabajo de las organizaciones de pacientes cardiacos de la capital y de Puerto Ays\u00e9n, asegurando que esto es un primer paso con miras a la necesidad que lleguen m\u00e1s especialistas a la zona.<\/p>\n<p style=\"font-weight: 400; text-align: justify;\">Se trata del m\u00e9dico cardi\u00f3logo Alejandro Fleming, quien ha trabajado en \u00a0equipos de hemodinamia en la Regi\u00f3n de Valpara\u00edso, de Coquimbo y de Magallanes.<\/p>\n<p style=\"font-weight: 400; text-align: justify;\">Seg\u00fan el diputado Miguel \u00c1ngel Calisto, quien ha estado apoyando a las distintas agrupaciones que se la juegan por esta causa, \u201cquiero felicitar al equipo directivo, a los profesionales del Servicio de Salud, al director por sacar adelante este compromiso de tener el primer cardi\u00f3logo despu\u00e9s de dos a\u00f1os sin este especialista. Hoy d\u00eda el doctor Fleming, el cardi\u00f3logo que asume esta tarea, tiene un desaf\u00edo muy grande\u201d.<\/p>\n<p style=\"font-weight: 400; text-align: justify;\">Calisto agreg\u00f3 que \u201ctiene cerca de 800 personas en lista de espera por controles, de los cuales m\u00e1s de 500 personas que necesitan una atenci\u00f3n por primera vez en cardiolog\u00eda. Esto ha sido un reclamo que hemos hecho junto a las agrupaciones, que han sido fundamentales para visibilizar el problema de la cardiolog\u00eda en nuestra regi\u00f3n\u201d.<\/p>\n<p style=\"font-weight: 400; text-align: justify;\">El legislador se\u00f1al\u00f3 que \u201ceste es un primer paso, pero vamos a necesitar que este equipo se siga fortaleciendo. Necesitamos mayor presencia de cardi\u00f3logos porque sabemos que el doctor Fleming, con toda la experiencia que tiene y la capacidad, no va a poder el solo resolver estas listas de esperas que tenemos en Ays\u00e9n y que cada d\u00eda van en aumento\u201d.<\/p>\n<p style=\"font-weight: 400; text-align: justify;\">Por su parte, Melanie Rojas, presidenta de la agrupaci\u00f3n Coyhaiquina Cardiolog\u00eda para Ays\u00e9n, asegur\u00f3 que \u201cnosotros estamos contentos, o sea, como agrupaci\u00f3n estamos contentos que, por lo menos, se dio el primer paso. Ya tenemos cardi\u00f3logo para la regi\u00f3n de Ays\u00e9n, que no estamos solos ahora, y esperar que, obvio que pr\u00f3ximamente igual se sumen m\u00e1s cardi\u00f3logos. As\u00ed que, nosotros contentos\u201d.<\/p>\n<p style=\"font-weight: 400; text-align: justify;\"><strong>La situaci\u00f3n de Puerto Ays\u00e9n<\/strong><\/p>\n<p style=\"font-weight: 400; text-align: justify;\">Distinta es la reacci\u00f3n de los dirigentes de LA Agrupaci\u00f3n de pacientes Cardiacos de Ays\u00e9n, quienes manifestaron su preocupaci\u00f3n por no tener claridad sobre la atenci\u00f3n de este especialista en su comuna. Seg\u00fan Cecilia Chand\u00eda, presidenta de esa agrupaci\u00f3n, \u201cni siquiera nos dijeron cu\u00e1ntas horas les van a dar Ays\u00e9n, nos piden paciencia, nos piden fe. Fe tengo, pero en el de arriba, en el hombre no. Tengo fe en Dios, pero no nos dieron ninguna soluci\u00f3n de decirnos y vamos a estar horas, vamos a estar d\u00edas, van a ser para Ays\u00e9n\u201d.<\/p>\n<p style=\"font-weight: 400; text-align: justify;\">Finalmente, la dirigenta se\u00f1al\u00f3 que \u201cas\u00ed que nosotros vamos a seguir en lo nuestro, en nuestra pega de luchar por un cardi\u00f3logo, sea como sea. Tenemos lista de espera en electrocardiograma, tenemos lista de espera en ecocardiograma. Tengo pacientes con cuatro a\u00f1os esperando una ecocardiograma. Aqu\u00ed est\u00e1 la prueba. Tengo pacientes que se tienen que poner urgente un marca paso. Entonces, no quedamos conformes, desgraciadamente\u201d.<\/p>\n<\/div><\/section><\/div><div  style='height:50px' class='hr hr-invisible   avia-builder-el-6  el_after_av_one_full  el_before_av_social_share '><span class='hr-inner ' ><span class='hr-inner-style'><\/span><\/span><\/div><\/p>\n<div  class='av-social-sharing-box  avia-builder-el-7  el_after_av_hr  el_before_av_hr  '><div class='av-share-box'><h5 class='av-share-link-description av-no-toc '>Compartir esta noticia<\/h5><ul class='av-share-box-list noLightbox'><li class='av-share-link av-social-link-facebook' ><a target=\"_blank\" aria-label=\"Compartir en Facebook\" href='https:\/\/www.facebook.com\/sharer.php?u=https:\/\/radiorevelacionfm.cl\/?p=51505&#038;t=Calisto%20por%20llegada%20de%20cardi%C3%B3logo%3A%20%E2%80%9CEs%20un%20primer%20paso%2C%20porque%20vamos%20a%20necesitar%20que%20el%20equipo%20de%20cardiolog%C3%ADa%20se%20siga%20fortaleciendo%E2%80%9D' aria-hidden='false' data-av_icon='\ue8f3' data-av_iconfont='entypo-fontello' title='' data-avia-related-tooltip='Compartir en Facebook' rel=\"noopener\"><span class='avia_hidden_link_text'>Compartir en Facebook<\/span><\/a><\/li><li class='av-share-link av-social-link-twitter' ><a target=\"_blank\" aria-label=\"Compartir en Twitter\" href='https:\/\/twitter.com\/share?text=Calisto%20por%20llegada%20de%20cardi%C3%B3logo%3A%20%E2%80%9CEs%20un%20primer%20paso%2C%20porque%20vamos%20a%20necesitar%20que%20el%20equipo%20de%20cardiolog%C3%ADa%20se%20siga%20fortaleciendo%E2%80%9D&#038;url=https:\/\/radiorevelacionfm.cl\/?p=51505' aria-hidden='false' data-av_icon='\ue8f1' data-av_iconfont='entypo-fontello' title='' data-avia-related-tooltip='Compartir en Twitter' rel=\"noopener\"><span class='avia_hidden_link_text'>Compartir en Twitter<\/span><\/a><\/li><li class='av-share-link av-social-link-whatsapp' ><a target=\"_blank\" aria-label=\"Compartir en Whatsapp\" href='https:\/\/api.whatsapp.com\/send?text=https:\/\/radiorevelacionfm.cl\/?p=51505' aria-hidden='false' data-av_icon='\uf232' data-av_iconfont='entypo-fontello' title='' data-avia-related-tooltip='Compartir en Whatsapp' rel=\"noopener\"><span class='avia_hidden_link_text'>Compartir en Whatsapp<\/span><\/a><\/li><li class='av-share-link av-social-link-linkedin' ><a target=\"_blank\" aria-label=\"Compartir en LinkedIn\" href='https:\/\/linkedin.com\/shareArticle?mini=true&#038;title=Calisto%20por%20llegada%20de%20cardi%C3%B3logo%3A%20%E2%80%9CEs%20un%20primer%20paso%2C%20porque%20vamos%20a%20necesitar%20que%20el%20equipo%20de%20cardiolog%C3%ADa%20se%20siga%20fortaleciendo%E2%80%9D&#038;url=https:\/\/radiorevelacionfm.cl\/?p=51505' aria-hidden='false' data-av_icon='\ue8fc' data-av_iconfont='entypo-fontello' title='' data-avia-related-tooltip='Compartir en LinkedIn' rel=\"noopener\"><span class='avia_hidden_link_text'>Compartir en LinkedIn<\/span><\/a><\/li><li class='av-share-link av-social-link-mail' ><a  aria-label=\"Compartir por correo\" href='mailto:?subject=Calisto%20por%20llegada%20de%20cardi%C3%B3logo%3A%20%E2%80%9CEs%20un%20primer%20paso%2C%20porque%20vamos%20a%20necesitar%20que%20el%20equipo%20de%20cardiolog%C3%ADa%20se%20siga%20fortaleciendo%E2%80%9D&#038;body=https:\/\/radiorevelacionfm.cl\/?p=51505' aria-hidden='false' data-av_icon='\ue805' data-av_iconfont='entypo-fontello' title='' data-avia-related-tooltip='Compartir por correo'><span class='avia_hidden_link_text'>Compartir por correo<\/span><\/a><\/li><\/ul><\/div><\/div>\n<div  style='height:50px' class='hr hr-invisible   avia-builder-el-8  el_after_av_social_share  el_before_av_comments_list '><span class='hr-inner ' ><span class='hr-inner-style'><\/span><\/span><\/div>\n<div  class='av-buildercomment  av-blog-meta-html-info-disabled av-blog-meta-tag-disabled  '><\/div>\n","protected":false},"excerpt":{"rendered":"","protected":false},"author":1,"featured_media":51506,"comment_status":"open","ping_status":"open","sticky":false,"template":"","format":"standard","meta":{"footnotes":""},"categories":[35],"tags":[],"class_list":["post-51505","post","type-post","status-publish","format-standard","has-post-thumbnail","hentry","category-politica"],"jetpack_featured_media_url":"https:\/\/radiorevelacionfm.cl\/wp-content\/uploads\/2025\/03\/FOTO-CARDIOLOGO-1-1.jpeg","_links":{"self":[{"href":"https:\/\/radiorevelacionfm.cl\/index.php?rest_route=\/wp\/v2\/posts\/51505","targetHints":{"allow":["GET"]}}],"collection":[{"href":"https:\/\/radiorevelacionfm.cl\/index.php?rest_route=\/wp\/v2\/posts"}],"about":[{"href":"https:\/\/radiorevelacionfm.cl\/index.php?rest_route=\/wp\/v2\/types\/post"}],"author":[{"embeddable":true,"href":"https:\/\/radiorevelacionfm.cl\/index.php?rest_route=\/wp\/v2\/users\/1"}],"replies":[{"embeddable":true,"href":"https:\/\/radiorevelacionfm.cl\/index.php?rest_route=%2Fwp%2Fv2%2Fcomments&post=51505"}],"version-history":[{"count":1,"href":"https:\/\/radiorevelacionfm.cl\/index.php?rest_route=\/wp\/v2\/posts\/51505\/revisions"}],"predecessor-version":[{"id":51507,"href":"https:\/\/radiorevelacionfm.cl\/index.php?rest_route=\/wp\/v2\/posts\/51505\/revisions\/51507"}],"wp:featuredmedia":[{"embeddable":true,"href":"https:\/\/radiorevelacionfm.cl\/index.php?rest_route=\/wp\/v2\/media\/51506"}],"wp:attachment":[{"href":"https:\/\/radiorevelacionfm.cl\/index.php?rest_route=%2Fwp%2Fv2%2Fmedia&parent=51505"}],"wp:term":[{"taxonomy":"category","embeddable":true,"href":"https:\/\/radiorevelacionfm.cl\/index.php?rest_route=%2Fwp%2Fv2%2Fcategories&post=51505"},{"taxonomy":"post_tag","embeddable":true,"href":"https:\/\/radiorevelacionfm.cl\/index.php?rest_route=%2Fwp%2Fv2%2Ftags&post=51505"}],"curies":[{"name":"wp","href":"https:\/\/api.w.org\/{rel}","templated":true}]}}