{"id":51499,"date":"2025-03-17T17:00:28","date_gmt":"2025-03-17T20:00:28","guid":{"rendered":"https:\/\/radiorevelacionfm.cl\/?p=51499"},"modified":"2025-03-17T17:12:03","modified_gmt":"2025-03-17T20:12:03","slug":"decretan-la-prision-preventiva-de-imputado-por-homicidio-y-por-porte-de-arma-de-fuego","status":"publish","type":"post","link":"https:\/\/radiorevelacionfm.cl\/?p=51499","title":{"rendered":"Decretan la prisi\u00f3n preventiva de imputado por homicidio y por porte de arma de fuego"},"content":{"rendered":"<div class=\"flex_column av_one_full  flex_column_div av-zero-column-padding first  avia-builder-el-0  el_before_av_one_full  avia-builder-el-first  \" style='border-radius:0px; '><div  class='avia-image-container  av-styling-    avia-builder-el-1  avia-builder-el-no-sibling  avia-align-center '  itemprop=\"image\" itemscope=\"itemscope\" itemtype=\"https:\/\/schema.org\/ImageObject\"  ><div class='avia-image-container-inner'><div class='avia-image-overlay-wrap'><img decoding=\"async\" class='wp-image-51502 avia-img-lazy-loading-not-51502 avia_image' src=\"https:\/\/radiorevelacionfm.cl\/wp-content\/uploads\/2025\/03\/Mario-Devaud-1-2.jpg\" alt='' title='Mario Devaud (1) (2)' height=\"600\" width=\"1001\"  itemprop=\"thumbnailUrl\" srcset=\"https:\/\/radiorevelacionfm.cl\/wp-content\/uploads\/2025\/03\/Mario-Devaud-1-2.jpg 1001w, https:\/\/radiorevelacionfm.cl\/wp-content\/uploads\/2025\/03\/Mario-Devaud-1-2-300x180.jpg 300w, https:\/\/radiorevelacionfm.cl\/wp-content\/uploads\/2025\/03\/Mario-Devaud-1-2-768x460.jpg 768w, https:\/\/radiorevelacionfm.cl\/wp-content\/uploads\/2025\/03\/Mario-Devaud-1-2-705x423.jpg 705w, https:\/\/radiorevelacionfm.cl\/wp-content\/uploads\/2025\/03\/Mario-Devaud-1-2-450x270.jpg 450w, https:\/\/radiorevelacionfm.cl\/wp-content\/uploads\/2025\/03\/Mario-Devaud-1-2-600x360.jpg 600w\" sizes=\"(max-width: 1001px) 100vw, 1001px\" \/><\/div><\/div><\/div><\/div><div class=\"flex_column av_one_full  flex_column_div av-zero-column-padding first  avia-builder-el-2  el_after_av_one_full  el_before_av_one_full  column-top-margin\" style='border-radius:0px; '><section class=\"av_textblock_section \"  itemscope=\"itemscope\" itemtype=\"https:\/\/schema.org\/BlogPosting\" itemprop=\"blogPost\" ><div class='avia_textblock  '   itemprop=\"text\" ><p style=\"text-align: center;\"><strong><span style=\"font-size: 18pt;\">Decretan la prisi\u00f3n preventiva de imputado por homicidio y por porte de arma de fuego<\/span><\/strong><\/p>\n<div id=\"gtx-trans\" style=\"position: absolute; left: -50px; top: 4.31534px;\">\n<div class=\"gtx-trans-icon\"><\/div>\n<\/div>\n<\/div><\/section><\/div><\/p>\n<div class=\"flex_column av_one_full  flex_column_div av-zero-column-padding first  avia-builder-el-4  el_after_av_one_full  el_before_av_hr  column-top-margin\" style='border-radius:0px; '><section class=\"av_textblock_section \"  itemscope=\"itemscope\" itemtype=\"https:\/\/schema.org\/BlogPosting\" itemprop=\"blogPost\" ><div class='avia_textblock  '   itemprop=\"text\" ><p class=\"v1MsoNormal\" style=\"text-align: justify;\">El Juzgado de Garant\u00eda de Coyhaique dej\u00f3 hoy \u2013lunes 17 de marzo\u2013 sujeto a la medida cautelar de prisi\u00f3n preventiva a Luis Eloy Cabezas Rodr\u00edguez, imputado por el Ministerio P\u00fablico como autor de los delitos de homicidio calificado y porte ilegal de arma. Il\u00edcito perpetrado el s\u00e1bado reci\u00e9n pasado, en la comuna.<\/p>\n<p class=\"v1MsoNormal\" style=\"text-align: justify;\">En la audiencia de formalizaci\u00f3n (causa rol 562-2025), el magistrado Mario Devaud Ojeda orden\u00f3 el ingreso de Cabezas Rodr\u00edguez al Centro de Cumplimiento Penitenciario de Coyhaique por considerar que la libertad\u00a0del imputado\u00a0constituye un peligro para la seguridad de la sociedad. Adem\u00e1s, fij\u00f3 en\u00a090 d\u00edas\u00a0el plazo de investigaci\u00f3n.<\/p>\n<p class=\"v1MsoNormal\" style=\"text-align: justify;\">Seg\u00fan el ente persecutor, alrededor de las 10:00 horas del 15 de marzo 2025, Cabezas Rodr\u00edguez se encontraba al interior de un predio ubicado en el sector de Lago Norte, comuna de Coyhaique, lugar donde tambi\u00e9n se encontraba la v\u00edctima, Javier Humberto Vargas P\u00e9rez, al interior de una camioneta. En dicho contexto, el imputado se acerc\u00f3 y le dispar\u00f3 a la v\u00edctima con el arma de fuego que portaba. Vargas P\u00e9rez alcanz\u00f3 a bajar del veh\u00edculo y cay\u00f3 al suelo, lugar donde el imputado lo agredi\u00f3 con un arma blanca en las piernas.<\/p>\n<p class=\"v1MsoNormal\" style=\"text-align: justify;\">La v\u00edctima pidi\u00f3 auxilio y, en los momentos que era socorrido por terceros, el imputado volvi\u00f3 a disparar, provoc\u00e1ndole la muerte por m\u00faltiples heridas de proyectil que le causaron un politraumatismo, hemot\u00f3rax bilateral y shock hipovol\u00e9mico.<\/p>\n<\/div><\/section><\/div>\n<div  style='height:50px' class='hr hr-invisible   avia-builder-el-6  el_after_av_one_full  el_before_av_social_share '><span class='hr-inner ' ><span class='hr-inner-style'><\/span><\/span><\/div>\n<div  class='av-social-sharing-box  avia-builder-el-7  el_after_av_hr  el_before_av_hr  '><div class='av-share-box'><h5 class='av-share-link-description av-no-toc '>Compartir esta noticia<\/h5><ul class='av-share-box-list noLightbox'><li class='av-share-link av-social-link-facebook' ><a target=\"_blank\" aria-label=\"Compartir en Facebook\" href='https:\/\/www.facebook.com\/sharer.php?u=https:\/\/radiorevelacionfm.cl\/?p=51499&#038;t=Decretan%20la%20prisi%C3%B3n%20preventiva%20de%20imputado%20por%20homicidio%20y%20por%20porte%20de%20arma%20de%20fuego' aria-hidden='false' data-av_icon='\ue8f3' data-av_iconfont='entypo-fontello' title='' data-avia-related-tooltip='Compartir en Facebook' rel=\"noopener\"><span class='avia_hidden_link_text'>Compartir en Facebook<\/span><\/a><\/li><li class='av-share-link av-social-link-twitter' ><a target=\"_blank\" aria-label=\"Compartir en Twitter\" href='https:\/\/twitter.com\/share?text=Decretan%20la%20prisi%C3%B3n%20preventiva%20de%20imputado%20por%20homicidio%20y%20por%20porte%20de%20arma%20de%20fuego&#038;url=https:\/\/radiorevelacionfm.cl\/?p=51499' aria-hidden='false' data-av_icon='\ue8f1' data-av_iconfont='entypo-fontello' title='' data-avia-related-tooltip='Compartir en Twitter' rel=\"noopener\"><span class='avia_hidden_link_text'>Compartir en Twitter<\/span><\/a><\/li><li class='av-share-link av-social-link-whatsapp' ><a target=\"_blank\" aria-label=\"Compartir en Whatsapp\" href='https:\/\/api.whatsapp.com\/send?text=https:\/\/radiorevelacionfm.cl\/?p=51499' aria-hidden='false' data-av_icon='\uf232' data-av_iconfont='entypo-fontello' title='' data-avia-related-tooltip='Compartir en Whatsapp' rel=\"noopener\"><span class='avia_hidden_link_text'>Compartir en Whatsapp<\/span><\/a><\/li><li class='av-share-link av-social-link-linkedin' ><a target=\"_blank\" aria-label=\"Compartir en LinkedIn\" href='https:\/\/linkedin.com\/shareArticle?mini=true&#038;title=Decretan%20la%20prisi%C3%B3n%20preventiva%20de%20imputado%20por%20homicidio%20y%20por%20porte%20de%20arma%20de%20fuego&#038;url=https:\/\/radiorevelacionfm.cl\/?p=51499' aria-hidden='false' data-av_icon='\ue8fc' data-av_iconfont='entypo-fontello' title='' data-avia-related-tooltip='Compartir en LinkedIn' rel=\"noopener\"><span class='avia_hidden_link_text'>Compartir en LinkedIn<\/span><\/a><\/li><li class='av-share-link av-social-link-mail' ><a  aria-label=\"Compartir por correo\" href='mailto:?subject=Decretan%20la%20prisi%C3%B3n%20preventiva%20de%20imputado%20por%20homicidio%20y%20por%20porte%20de%20arma%20de%20fuego&#038;body=https:\/\/radiorevelacionfm.cl\/?p=51499' aria-hidden='false' data-av_icon='\ue805' data-av_iconfont='entypo-fontello' title='' data-avia-related-tooltip='Compartir por correo'><span class='avia_hidden_link_text'>Compartir por correo<\/span><\/a><\/li><\/ul><\/div><\/div>\n<div  style='height:50px' class='hr hr-invisible   avia-builder-el-8  el_after_av_social_share  el_before_av_comments_list '><span class='hr-inner ' ><span class='hr-inner-style'><\/span><\/span><\/div>\n<div  class='av-buildercomment  av-blog-meta-html-info-disabled av-blog-meta-tag-disabled  '><\/div>\n","protected":false},"excerpt":{"rendered":"","protected":false},"author":1,"featured_media":51502,"comment_status":"open","ping_status":"open","sticky":false,"template":"","format":"standard","meta":{"footnotes":""},"categories":[55],"tags":[],"class_list":["post-51499","post","type-post","status-publish","format-standard","has-post-thumbnail","hentry","category-justicia"],"jetpack_featured_media_url":"https:\/\/radiorevelacionfm.cl\/wp-content\/uploads\/2025\/03\/Mario-Devaud-1-2.jpg","_links":{"self":[{"href":"https:\/\/radiorevelacionfm.cl\/index.php?rest_route=\/wp\/v2\/posts\/51499","targetHints":{"allow":["GET"]}}],"collection":[{"href":"https:\/\/radiorevelacionfm.cl\/index.php?rest_route=\/wp\/v2\/posts"}],"about":[{"href":"https:\/\/radiorevelacionfm.cl\/index.php?rest_route=\/wp\/v2\/types\/post"}],"author":[{"embeddable":true,"href":"https:\/\/radiorevelacionfm.cl\/index.php?rest_route=\/wp\/v2\/users\/1"}],"replies":[{"embeddable":true,"href":"https:\/\/radiorevelacionfm.cl\/index.php?rest_route=%2Fwp%2Fv2%2Fcomments&post=51499"}],"version-history":[{"count":2,"href":"https:\/\/radiorevelacionfm.cl\/index.php?rest_route=\/wp\/v2\/posts\/51499\/revisions"}],"predecessor-version":[{"id":51503,"href":"https:\/\/radiorevelacionfm.cl\/index.php?rest_route=\/wp\/v2\/posts\/51499\/revisions\/51503"}],"wp:featuredmedia":[{"embeddable":true,"href":"https:\/\/radiorevelacionfm.cl\/index.php?rest_route=\/wp\/v2\/media\/51502"}],"wp:attachment":[{"href":"https:\/\/radiorevelacionfm.cl\/index.php?rest_route=%2Fwp%2Fv2%2Fmedia&parent=51499"}],"wp:term":[{"taxonomy":"category","embeddable":true,"href":"https:\/\/radiorevelacionfm.cl\/index.php?rest_route=%2Fwp%2Fv2%2Fcategories&post=51499"},{"taxonomy":"post_tag","embeddable":true,"href":"https:\/\/radiorevelacionfm.cl\/index.php?rest_route=%2Fwp%2Fv2%2Ftags&post=51499"}],"curies":[{"name":"wp","href":"https:\/\/api.w.org\/{rel}","templated":true}]}}