{"id":51493,"date":"2025-03-17T16:13:44","date_gmt":"2025-03-17T19:13:44","guid":{"rendered":"https:\/\/radiorevelacionfm.cl\/?p=51493"},"modified":"2025-03-17T16:13:44","modified_gmt":"2025-03-17T19:13:44","slug":"organizaciones-productivas-de-chile-chico-fortalecen-sus-capacidades-con-apoyo-del-fosis","status":"publish","type":"post","link":"https:\/\/radiorevelacionfm.cl\/?p=51493","title":{"rendered":"Organizaciones productivas de Chile Chico fortalecen sus capacidades con apoyo del FOSIS"},"content":{"rendered":"<div class=\"flex_column av_one_full  flex_column_div av-zero-column-padding first  avia-builder-el-0  el_before_av_one_full  avia-builder-el-first  \" style='border-radius:0px; '><div  class='avia-image-container  av-styling-    avia-builder-el-1  avia-builder-el-no-sibling  avia-align-center '  itemprop=\"image\" itemscope=\"itemscope\" itemtype=\"https:\/\/schema.org\/ImageObject\"  ><div class='avia-image-container-inner'><div class='avia-image-overlay-wrap'><img decoding=\"async\" class='wp-image-51494 avia-img-lazy-loading-not-51494 avia_image' src=\"https:\/\/radiorevelacionfm.cl\/wp-content\/uploads\/2025\/03\/EG-Chile-Chico-1-1.jpeg\" alt='' title='EG Chile Chico (1) (1)' height=\"600\" width=\"1067\"  itemprop=\"thumbnailUrl\" srcset=\"https:\/\/radiorevelacionfm.cl\/wp-content\/uploads\/2025\/03\/EG-Chile-Chico-1-1.jpeg 1067w, https:\/\/radiorevelacionfm.cl\/wp-content\/uploads\/2025\/03\/EG-Chile-Chico-1-1-300x169.jpeg 300w, https:\/\/radiorevelacionfm.cl\/wp-content\/uploads\/2025\/03\/EG-Chile-Chico-1-1-1030x579.jpeg 1030w, https:\/\/radiorevelacionfm.cl\/wp-content\/uploads\/2025\/03\/EG-Chile-Chico-1-1-768x432.jpeg 768w, https:\/\/radiorevelacionfm.cl\/wp-content\/uploads\/2025\/03\/EG-Chile-Chico-1-1-705x396.jpeg 705w, https:\/\/radiorevelacionfm.cl\/wp-content\/uploads\/2025\/03\/EG-Chile-Chico-1-1-450x253.jpeg 450w, https:\/\/radiorevelacionfm.cl\/wp-content\/uploads\/2025\/03\/EG-Chile-Chico-1-1-600x337.jpeg 600w\" sizes=\"(max-width: 1067px) 100vw, 1067px\" \/><\/div><\/div><\/div><\/div><div class=\"flex_column av_one_full  flex_column_div av-zero-column-padding first  avia-builder-el-2  el_after_av_one_full  el_before_av_one_full  column-top-margin\" style='border-radius:0px; '><section class=\"av_textblock_section \"  itemscope=\"itemscope\" itemtype=\"https:\/\/schema.org\/BlogPosting\" itemprop=\"blogPost\" ><div class='avia_textblock  '   itemprop=\"text\" ><p style=\"text-align: center;\"><strong><span style=\"font-size: 18pt;\">Organizaciones productivas de Chile Chico fortalecen sus capacidades con apoyo del FOSIS<\/span><\/strong><\/p>\n<div id=\"gtx-trans\" style=\"position: absolute; left: -50px; top: 4.31534px;\">\n<div class=\"gtx-trans-icon\"><\/div>\n<\/div>\n<\/div><\/section><\/div><div class=\"flex_column av_one_full  flex_column_div av-zero-column-padding first  avia-builder-el-4  el_after_av_one_full  el_before_av_hr  column-top-margin\" style='border-radius:0px; '><section class=\"av_textblock_section \"  itemscope=\"itemscope\" itemtype=\"https:\/\/schema.org\/BlogPosting\" itemprop=\"blogPost\" ><div class='avia_textblock  '   itemprop=\"text\" ><ul>\n<li style=\"text-align: justify;\"><em>La A.G. de Ganaderos y Chacareros Lago General Carrera y la agrupaci\u00f3n Artelanas pudieron capacitarse, adquirir insumos y equipamiento gracias al programa Emprendamos Grupal.<\/em><\/li>\n<\/ul>\n<p style=\"text-align: justify;\">La iniciativa \u201cMejorando la experiencia de nuestros amigos\/as\u201d fue ejecutada por la A.G. de Ganaderos y Chacareros Lago General Carrera y el proyecto \u201cAmpliando nuestro tejido\u201d fue implementado por la agrupaci\u00f3n Artelanas, ambas organizaciones productivas de Chile Chico lograron concretar estas iniciativas gracias al financiamiento del programa Emprendamos Grupal del Fondo de Solidaridad e Inversi\u00f3n Social, FOSIS.<\/p>\n<p style=\"text-align: justify;\">La A.G. de Chacareros y Ganaderos Lago General Carrera financiaron talleres de iluminaci\u00f3n y sonido, marketing, atenci\u00f3n de p\u00fablico y posicionamiento con la comunidad, junto con adquirir sillas, mesas y un sistema de amplificaci\u00f3n e iluminaci\u00f3n para sus eventos. La agrupaci\u00f3n Artelanas realiz\u00f3 para sus asociadas talleres de marketing digital y dise\u00f1o de p\u00e1gina web, atenci\u00f3n a p\u00fablico y te\u00f1ido e hilado de lana, junto con adquirir polerones, computador, pendones de escritorio, morrales, ruecas, husos, lienzo corporativo, ollas o fondos para te\u00f1ir, implementos para te\u00f1ir e insumos para su capacitaci\u00f3n.<\/p>\n<p style=\"text-align: justify;\">Yamilet Cadag\u00e1n, presidenta de la A.G. de Ganaderos y Chacareros Lago General Carrera, destac\u00f3 que \u201cestamos muy felices con el FOSIS. Nosotros como directiva tomamos el desaf\u00edo de levantar esta organizaci\u00f3n desde cero. Meternos este proyecto del FOSIS fue para poder tener nuestras mesas, que ten\u00edamos que andar consiguiendo en las ferias, nuestras sillas, organizar todo lo que significa el equipamiento que necesit\u00e1bamos en la A.G. Fue un arduo trabajo, muchas trasnochadas pero que hoy estamos viendo nuestros frutos, tenemos un hermoso equipo de sonido para todas nuestras ferias que se vienen\u201d.<\/p>\n<p style=\"text-align: justify;\">La presidenta de la agrupaci\u00f3n Artelanas, Jessica B\u00e1ez, valor\u00f3 positivamente los resultados y el impacto que tuvo el proyecto en su organizaci\u00f3n. \u201cUna bonita experiencia, hicimos un taller de atenci\u00f3n de p\u00fablico, marketing digital y estamos ahora terminando un taller de te\u00f1ido e hilado de lana donde participaron m\u00e1s de 15 mujeres. Fueron m\u00e1s de tres meses de trabajo donde adquirimos un pasacalle, herramientas para trabajar, polerones para identificarnos cuando participamos en ferias y muchos conocimientos\u201d.<\/p>\n<p style=\"text-align: justify;\">La directora regional del FOSIS en Ays\u00e9n, Fernanda Leiva, asegur\u00f3 que \u201cestos proyectos dieron un impulso a estas organizaciones a seguir trabajando, a capacitarse en distintas tem\u00e1ticas, a obtener equipamiento y herramientas que les van a permitir proyectarse y seguir generando espacios de visibilizaci\u00f3n y comercializaci\u00f3n de sus productos. Estamos muy contentos porque podemos ver aqu\u00ed el punto culmine del trabajo que buscamos lograr como FOSIS, que las organizaciones gestionen y puedan proyectarse hacia el futuro a trav\u00e9s de la b\u00fasqueda de nuevas oportunidades\u201d.<\/p>\n<p style=\"text-align: justify;\">El programa Emprendamos Grupal permite que organizaciones productivas desarrollen actividades econ\u00f3micas y mejoren las condiciones de producci\u00f3n de sus negocios, fortaleciendo capacidades personales y de las organizaciones, lazos de asociatividad y acceso a redes; con el fin de aumentar sus ingresos y fomentar su autonom\u00eda econ\u00f3mica.<\/p>\n<\/div><\/section><\/div><div  style='height:50px' class='hr hr-invisible   avia-builder-el-6  el_after_av_one_full  el_before_av_social_share '><span class='hr-inner ' ><span class='hr-inner-style'><\/span><\/span><\/div><\/p>\n<div  class='av-social-sharing-box  avia-builder-el-7  el_after_av_hr  el_before_av_hr  '><div class='av-share-box'><h5 class='av-share-link-description av-no-toc '>Compartir esta noticia<\/h5><ul class='av-share-box-list noLightbox'><li class='av-share-link av-social-link-facebook' ><a target=\"_blank\" aria-label=\"Compartir en Facebook\" href='https:\/\/www.facebook.com\/sharer.php?u=https:\/\/radiorevelacionfm.cl\/?p=51493&#038;t=Organizaciones%20productivas%20de%20Chile%20Chico%20fortalecen%20sus%20capacidades%20con%20apoyo%20del%20FOSIS' aria-hidden='false' data-av_icon='\ue8f3' data-av_iconfont='entypo-fontello' title='' data-avia-related-tooltip='Compartir en Facebook' rel=\"noopener\"><span class='avia_hidden_link_text'>Compartir en Facebook<\/span><\/a><\/li><li class='av-share-link av-social-link-twitter' ><a target=\"_blank\" aria-label=\"Compartir en Twitter\" href='https:\/\/twitter.com\/share?text=Organizaciones%20productivas%20de%20Chile%20Chico%20fortalecen%20sus%20capacidades%20con%20apoyo%20del%20FOSIS&#038;url=https:\/\/radiorevelacionfm.cl\/?p=51493' aria-hidden='false' data-av_icon='\ue8f1' data-av_iconfont='entypo-fontello' title='' data-avia-related-tooltip='Compartir en Twitter' rel=\"noopener\"><span class='avia_hidden_link_text'>Compartir en Twitter<\/span><\/a><\/li><li class='av-share-link av-social-link-whatsapp' ><a target=\"_blank\" aria-label=\"Compartir en Whatsapp\" href='https:\/\/api.whatsapp.com\/send?text=https:\/\/radiorevelacionfm.cl\/?p=51493' aria-hidden='false' data-av_icon='\uf232' data-av_iconfont='entypo-fontello' title='' data-avia-related-tooltip='Compartir en Whatsapp' rel=\"noopener\"><span class='avia_hidden_link_text'>Compartir en Whatsapp<\/span><\/a><\/li><li class='av-share-link av-social-link-linkedin' ><a target=\"_blank\" aria-label=\"Compartir en LinkedIn\" href='https:\/\/linkedin.com\/shareArticle?mini=true&#038;title=Organizaciones%20productivas%20de%20Chile%20Chico%20fortalecen%20sus%20capacidades%20con%20apoyo%20del%20FOSIS&#038;url=https:\/\/radiorevelacionfm.cl\/?p=51493' aria-hidden='false' data-av_icon='\ue8fc' data-av_iconfont='entypo-fontello' title='' data-avia-related-tooltip='Compartir en LinkedIn' rel=\"noopener\"><span class='avia_hidden_link_text'>Compartir en LinkedIn<\/span><\/a><\/li><li class='av-share-link av-social-link-mail' ><a  aria-label=\"Compartir por correo\" href='mailto:?subject=Organizaciones%20productivas%20de%20Chile%20Chico%20fortalecen%20sus%20capacidades%20con%20apoyo%20del%20FOSIS&#038;body=https:\/\/radiorevelacionfm.cl\/?p=51493' aria-hidden='false' data-av_icon='\ue805' data-av_iconfont='entypo-fontello' title='' data-avia-related-tooltip='Compartir por correo'><span class='avia_hidden_link_text'>Compartir por correo<\/span><\/a><\/li><\/ul><\/div><\/div>\n<div  style='height:50px' class='hr hr-invisible   avia-builder-el-8  el_after_av_social_share  el_before_av_comments_list '><span class='hr-inner ' ><span class='hr-inner-style'><\/span><\/span><\/div>\n<div  class='av-buildercomment  av-blog-meta-html-info-disabled av-blog-meta-tag-disabled  '><\/div>\n","protected":false},"excerpt":{"rendered":"","protected":false},"author":1,"featured_media":51494,"comment_status":"open","ping_status":"open","sticky":false,"template":"","format":"standard","meta":{"footnotes":""},"categories":[38],"tags":[],"class_list":["post-51493","post","type-post","status-publish","format-standard","has-post-thumbnail","hentry","category-regional"],"jetpack_featured_media_url":"https:\/\/radiorevelacionfm.cl\/wp-content\/uploads\/2025\/03\/EG-Chile-Chico-1-1.jpeg","_links":{"self":[{"href":"https:\/\/radiorevelacionfm.cl\/index.php?rest_route=\/wp\/v2\/posts\/51493","targetHints":{"allow":["GET"]}}],"collection":[{"href":"https:\/\/radiorevelacionfm.cl\/index.php?rest_route=\/wp\/v2\/posts"}],"about":[{"href":"https:\/\/radiorevelacionfm.cl\/index.php?rest_route=\/wp\/v2\/types\/post"}],"author":[{"embeddable":true,"href":"https:\/\/radiorevelacionfm.cl\/index.php?rest_route=\/wp\/v2\/users\/1"}],"replies":[{"embeddable":true,"href":"https:\/\/radiorevelacionfm.cl\/index.php?rest_route=%2Fwp%2Fv2%2Fcomments&post=51493"}],"version-history":[{"count":1,"href":"https:\/\/radiorevelacionfm.cl\/index.php?rest_route=\/wp\/v2\/posts\/51493\/revisions"}],"predecessor-version":[{"id":51495,"href":"https:\/\/radiorevelacionfm.cl\/index.php?rest_route=\/wp\/v2\/posts\/51493\/revisions\/51495"}],"wp:featuredmedia":[{"embeddable":true,"href":"https:\/\/radiorevelacionfm.cl\/index.php?rest_route=\/wp\/v2\/media\/51494"}],"wp:attachment":[{"href":"https:\/\/radiorevelacionfm.cl\/index.php?rest_route=%2Fwp%2Fv2%2Fmedia&parent=51493"}],"wp:term":[{"taxonomy":"category","embeddable":true,"href":"https:\/\/radiorevelacionfm.cl\/index.php?rest_route=%2Fwp%2Fv2%2Fcategories&post=51493"},{"taxonomy":"post_tag","embeddable":true,"href":"https:\/\/radiorevelacionfm.cl\/index.php?rest_route=%2Fwp%2Fv2%2Ftags&post=51493"}],"curies":[{"name":"wp","href":"https:\/\/api.w.org\/{rel}","templated":true}]}}