{"id":51490,"date":"2025-03-17T20:06:22","date_gmt":"2025-03-17T23:06:22","guid":{"rendered":"https:\/\/radiorevelacionfm.cl\/?p=51490"},"modified":"2025-03-17T20:06:22","modified_gmt":"2025-03-17T23:06:22","slug":"con-el-apoyo-de-minagri-programa-global-de-doctores-de-los-suelos-llega-a-la-region-de-aysen","status":"publish","type":"post","link":"https:\/\/radiorevelacionfm.cl\/?p=51490","title":{"rendered":"Con el apoyo de Minagri: Programa Global de Doctores de los Suelos llega a la regi\u00f3n de Ays\u00e9n"},"content":{"rendered":"<div class=\"flex_column av_one_full  flex_column_div av-zero-column-padding first  avia-builder-el-0  el_before_av_one_full  avia-builder-el-first  \" style='border-radius:0px; '><div  class='avia-image-container  av-styling-    avia-builder-el-1  avia-builder-el-no-sibling  avia-align-center '  itemprop=\"image\" itemscope=\"itemscope\" itemtype=\"https:\/\/schema.org\/ImageObject\"  ><div class='avia-image-container-inner'><div class='avia-image-overlay-wrap'><img decoding=\"async\" class='wp-image-51491 avia-img-lazy-loading-not-51491 avia_image' src=\"https:\/\/radiorevelacionfm.cl\/wp-content\/uploads\/2025\/03\/Foto-doctores-04-1-1.jpeg\" alt='' title='Foto doctores 04 (1) (1)' height=\"600\" width=\"900\"  itemprop=\"thumbnailUrl\" srcset=\"https:\/\/radiorevelacionfm.cl\/wp-content\/uploads\/2025\/03\/Foto-doctores-04-1-1.jpeg 900w, https:\/\/radiorevelacionfm.cl\/wp-content\/uploads\/2025\/03\/Foto-doctores-04-1-1-300x200.jpeg 300w, https:\/\/radiorevelacionfm.cl\/wp-content\/uploads\/2025\/03\/Foto-doctores-04-1-1-768x512.jpeg 768w, https:\/\/radiorevelacionfm.cl\/wp-content\/uploads\/2025\/03\/Foto-doctores-04-1-1-705x470.jpeg 705w, https:\/\/radiorevelacionfm.cl\/wp-content\/uploads\/2025\/03\/Foto-doctores-04-1-1-450x300.jpeg 450w, https:\/\/radiorevelacionfm.cl\/wp-content\/uploads\/2025\/03\/Foto-doctores-04-1-1-600x400.jpeg 600w\" sizes=\"(max-width: 900px) 100vw, 900px\" \/><\/div><\/div><\/div><\/div>\n<div class=\"flex_column av_one_full  flex_column_div av-zero-column-padding first  avia-builder-el-2  el_after_av_one_full  el_before_av_one_full  column-top-margin\" style='border-radius:0px; '><section class=\"av_textblock_section \"  itemscope=\"itemscope\" itemtype=\"https:\/\/schema.org\/BlogPosting\" itemprop=\"blogPost\" ><div class='avia_textblock  '   itemprop=\"text\" ><p style=\"text-align: center;\"><strong><span style=\"font-size: 18pt;\">Con el apoyo de Minagri: Programa Global de Doctores de los Suelos llega a la regi\u00f3n de Ays\u00e9n <\/span><\/strong><\/p>\n<div id=\"gtx-trans\" style=\"position: absolute; left: -50px; top: 4.31534px;\">\n<div class=\"gtx-trans-icon\"><\/div>\n<\/div>\n<\/div><\/section><\/div>\n<div class=\"flex_column av_one_full  flex_column_div av-zero-column-padding first  avia-builder-el-4  el_after_av_one_full  el_before_av_hr  column-top-margin\" style='border-radius:0px; '><section class=\"av_textblock_section \"  itemscope=\"itemscope\" itemtype=\"https:\/\/schema.org\/BlogPosting\" itemprop=\"blogPost\" ><div class='avia_textblock  '   itemprop=\"text\" ><p style=\"text-align: justify;\"><em>Corresponde a la tercera versi\u00f3n de la innovadora iniciativa en Chile que ha sido previamente implementada en la regi\u00f3n Metropolitana y la de Valpara\u00edso.<\/em><\/p>\n<p style=\"text-align: justify;\">Durante los d\u00edas 11 y 12 de marzo, en la localidad de Ma\u00f1ihuales, comuna de Ays\u00e9n, se realiz\u00f3 una nueva jornada del Programa Global de Doctores de los Suelos (PGDS) que impulsa la Alianza Mundial por el Suelo (AMS), la que a su vez es promovida por la Universidad de Chile con el apoyo de la Organizaci\u00f3n de Naciones Unidas para la Alimentaci\u00f3n y la Agricultura (FAO) y el Ministerio de Agricultura junto al SAG e INDAP. Esta versi\u00f3n de la iniciativa tiene por objetivo capacitar y certificar a 18 agricultoras y agricultores locales en la gesti\u00f3n sostenible de suelos.<\/p>\n<p style=\"text-align: justify;\">La instancia cont\u00f3 con la presencia del seremi de Agricultura de Ays\u00e9n, Eugenio Ruiz, acompa\u00f1ado por las directoras de INIA Tamel Aike e INDAP Ays\u00e9n, Camila Reyes y Yessica Lagos, respectivamente; el director regional de SAG, Julio Cerda; el decano de la Facultad de Ciencias Agron\u00f3micas de la Universidad de Chile, Gabino Reginato; el coordinador nacional del Programa SIRSD-S del Servicio Agr\u00edcola y Ganadero (SAG), Rodrigo Osorio; acad\u00e9micos de la Facultad de Ciencias Agron\u00f3micas de la Universidad de Chile y profesionales del Agro.<\/p>\n<p style=\"text-align: justify;\">En el marco de los tres a\u00f1os del Gobierno del presidente Gabriel Boric, el seremi Eugenio Ruiz\u00a0destac\u00f3 el inicio e importancia de esta iniciativa indicando que \u00abesta articulaci\u00f3n p\u00fablico-privada pone a las agricultoras regionales en el centro, fortaleciendo su rol como promotores del desarrollo rural y con un papel clave en el desarrollo de los sistemas agroalimentarios. Hoy nos centramos en hablar de &#8216;suelo vivo&#8217;. Nuestra regi\u00f3n enfrenta una gran diversidad de suelos producto del impacto por el cambio clim\u00e1tico, lo que ha afectado a algunas zonas y es fundamental proteger y conservar sus componentes esenciales\u00bb.<\/p>\n<p style=\"text-align: justify;\">Las y los agricultores de las comunas de Ays\u00e9n, La Junta y Coyhaique participaron en la doble jornada que cont\u00f3 con cuatro m\u00f3dulos de formaci\u00f3n sobre el manejo sostenible de los suelos. Cada sesi\u00f3n incluy\u00f3 material did\u00e1ctico,\u00a0kits\u00a0para ejercicios de campo, l\u00e1minas y fichas informativas.<\/p>\n<p style=\"text-align: justify;\">Qu\u00e9 es el suelo, erosi\u00f3n, biodiversidad y pH de los suelos fueron los principales conceptos b\u00e1sicos abordados en la inducci\u00f3n. Asimismo, esta capacitaci\u00f3n cobra especial relevancia en la regi\u00f3n de Ays\u00e9n dado el impacto de la crisis h\u00eddrica que afect\u00f3 recientemente en las zonas rurales.<\/p>\n<p style=\"text-align: justify;\">El decano de la Facultad de Ciencias Agron\u00f3micas de la Universidad de Chile, Gabino Reginato, sostuvo que \u00abha sido una actividad exitosa. La clave del conocimiento es poder transmitirlo de manera simple, con una forma y lenguaje que llegue a todos los productores. Es gratificante ver la motivaci\u00f3n de los j\u00f3venes agricultores y el compromiso de las instituciones\u00bb.<\/p>\n<p style=\"text-align: justify;\">La jornada finaliz\u00f3 con la entrega de certificados para las y los 18 agricultores que completaron la capacitaci\u00f3n. \u00a0En esta instancia, el director regional de SAG, Julio Cerda, apunt\u00f3 que \u00ablo m\u00e1s importante es la integraci\u00f3n del sector p\u00fablico, el conocimiento acad\u00e9mico y la experiencia de cada productor y productora\u00bb.<\/p>\n<p style=\"text-align: justify;\">El productor participante de la iniciativa, \u00d3scar Santib\u00e1\u00f1ez, destac\u00f3 la utilidad de la formaci\u00f3n y detall\u00f3 que \u00abaprend\u00ed mucho porque en el campo hay potreros que no ten\u00eda mucho pasto y no sab\u00eda qu\u00e9 pasaba. Ahora me doy cuenta que es por falta de nutrientes, nitr\u00f3geno, y ah\u00ed comenzar\u00e9 hacer las pruebas que me ense\u00f1aron ac\u00e1 para ver c\u00f3mo est\u00e1 el suelo, hacer an\u00e1lisis, ver el pH\u00bb.<\/p>\n<p style=\"text-align: justify;\">Actualmente resulta fundamental que las personas agricultoras cuenten con capacidades t\u00e9cnicas relacionadas al manejo sustentable del suelo. El dotar de conocimientos y experiencias pr\u00e1cticas vinculadas a la gesti\u00f3n del suelo, desde su realidad local, es una condici\u00f3n necesaria para transitar hacia la sustentabilidad en el uso del recurso suelo que existe en la Patagonia.<\/p>\n<p style=\"text-align: justify;\">Con esta iniciativa, el Programa Global de Doctores de los Suelos avanza de la mano con el Ministerio de Agricultura y la academia, consolid\u00e1ndose como una herramienta clave para la capacitaci\u00f3n y el fortalecimiento del sector agropecuario en Chile.<\/p>\n<\/div><\/section><\/div><div  style='height:50px' class='hr hr-invisible   avia-builder-el-6  el_after_av_one_full  el_before_av_social_share '><span class='hr-inner ' ><span class='hr-inner-style'><\/span><\/span><\/div><\/p>\n<div  class='av-social-sharing-box  avia-builder-el-7  el_after_av_hr  el_before_av_hr  '><div class='av-share-box'><h5 class='av-share-link-description av-no-toc '>Compartir esta noticia<\/h5><ul class='av-share-box-list noLightbox'><li class='av-share-link av-social-link-facebook' ><a target=\"_blank\" aria-label=\"Compartir en Facebook\" href='https:\/\/www.facebook.com\/sharer.php?u=https:\/\/radiorevelacionfm.cl\/?p=51490&#038;t=Con%20el%20apoyo%20de%20Minagri%3A%20Programa%20Global%20de%20Doctores%20de%20los%20Suelos%20llega%20a%20la%20regi%C3%B3n%20de%20Ays%C3%A9n' aria-hidden='false' data-av_icon='\ue8f3' data-av_iconfont='entypo-fontello' title='' data-avia-related-tooltip='Compartir en Facebook' rel=\"noopener\"><span class='avia_hidden_link_text'>Compartir en Facebook<\/span><\/a><\/li><li class='av-share-link av-social-link-twitter' ><a target=\"_blank\" aria-label=\"Compartir en Twitter\" href='https:\/\/twitter.com\/share?text=Con%20el%20apoyo%20de%20Minagri%3A%20Programa%20Global%20de%20Doctores%20de%20los%20Suelos%20llega%20a%20la%20regi%C3%B3n%20de%20Ays%C3%A9n&#038;url=https:\/\/radiorevelacionfm.cl\/?p=51490' aria-hidden='false' data-av_icon='\ue8f1' data-av_iconfont='entypo-fontello' title='' data-avia-related-tooltip='Compartir en Twitter' rel=\"noopener\"><span class='avia_hidden_link_text'>Compartir en Twitter<\/span><\/a><\/li><li class='av-share-link av-social-link-whatsapp' ><a target=\"_blank\" aria-label=\"Compartir en Whatsapp\" href='https:\/\/api.whatsapp.com\/send?text=https:\/\/radiorevelacionfm.cl\/?p=51490' aria-hidden='false' data-av_icon='\uf232' data-av_iconfont='entypo-fontello' title='' data-avia-related-tooltip='Compartir en Whatsapp' rel=\"noopener\"><span class='avia_hidden_link_text'>Compartir en Whatsapp<\/span><\/a><\/li><li class='av-share-link av-social-link-linkedin' ><a target=\"_blank\" aria-label=\"Compartir en LinkedIn\" href='https:\/\/linkedin.com\/shareArticle?mini=true&#038;title=Con%20el%20apoyo%20de%20Minagri%3A%20Programa%20Global%20de%20Doctores%20de%20los%20Suelos%20llega%20a%20la%20regi%C3%B3n%20de%20Ays%C3%A9n&#038;url=https:\/\/radiorevelacionfm.cl\/?p=51490' aria-hidden='false' data-av_icon='\ue8fc' data-av_iconfont='entypo-fontello' title='' data-avia-related-tooltip='Compartir en LinkedIn' rel=\"noopener\"><span class='avia_hidden_link_text'>Compartir en LinkedIn<\/span><\/a><\/li><li class='av-share-link av-social-link-mail' ><a  aria-label=\"Compartir por correo\" href='mailto:?subject=Con%20el%20apoyo%20de%20Minagri%3A%20Programa%20Global%20de%20Doctores%20de%20los%20Suelos%20llega%20a%20la%20regi%C3%B3n%20de%20Ays%C3%A9n&#038;body=https:\/\/radiorevelacionfm.cl\/?p=51490' aria-hidden='false' data-av_icon='\ue805' data-av_iconfont='entypo-fontello' title='' data-avia-related-tooltip='Compartir por correo'><span class='avia_hidden_link_text'>Compartir por correo<\/span><\/a><\/li><\/ul><\/div><\/div>\n<div  style='height:50px' class='hr hr-invisible   avia-builder-el-8  el_after_av_social_share  el_before_av_comments_list '><span class='hr-inner ' ><span class='hr-inner-style'><\/span><\/span><\/div>\n<div  class='av-buildercomment  av-blog-meta-html-info-disabled av-blog-meta-tag-disabled  '><\/div>\n","protected":false},"excerpt":{"rendered":"","protected":false},"author":1,"featured_media":51491,"comment_status":"open","ping_status":"open","sticky":false,"template":"","format":"standard","meta":{"footnotes":""},"categories":[58],"tags":[],"class_list":["post-51490","post","type-post","status-publish","format-standard","has-post-thumbnail","hentry","category-agricultura"],"jetpack_featured_media_url":"https:\/\/radiorevelacionfm.cl\/wp-content\/uploads\/2025\/03\/Foto-doctores-04-1-1.jpeg","_links":{"self":[{"href":"https:\/\/radiorevelacionfm.cl\/index.php?rest_route=\/wp\/v2\/posts\/51490","targetHints":{"allow":["GET"]}}],"collection":[{"href":"https:\/\/radiorevelacionfm.cl\/index.php?rest_route=\/wp\/v2\/posts"}],"about":[{"href":"https:\/\/radiorevelacionfm.cl\/index.php?rest_route=\/wp\/v2\/types\/post"}],"author":[{"embeddable":true,"href":"https:\/\/radiorevelacionfm.cl\/index.php?rest_route=\/wp\/v2\/users\/1"}],"replies":[{"embeddable":true,"href":"https:\/\/radiorevelacionfm.cl\/index.php?rest_route=%2Fwp%2Fv2%2Fcomments&post=51490"}],"version-history":[{"count":2,"href":"https:\/\/radiorevelacionfm.cl\/index.php?rest_route=\/wp\/v2\/posts\/51490\/revisions"}],"predecessor-version":[{"id":51504,"href":"https:\/\/radiorevelacionfm.cl\/index.php?rest_route=\/wp\/v2\/posts\/51490\/revisions\/51504"}],"wp:featuredmedia":[{"embeddable":true,"href":"https:\/\/radiorevelacionfm.cl\/index.php?rest_route=\/wp\/v2\/media\/51491"}],"wp:attachment":[{"href":"https:\/\/radiorevelacionfm.cl\/index.php?rest_route=%2Fwp%2Fv2%2Fmedia&parent=51490"}],"wp:term":[{"taxonomy":"category","embeddable":true,"href":"https:\/\/radiorevelacionfm.cl\/index.php?rest_route=%2Fwp%2Fv2%2Fcategories&post=51490"},{"taxonomy":"post_tag","embeddable":true,"href":"https:\/\/radiorevelacionfm.cl\/index.php?rest_route=%2Fwp%2Fv2%2Ftags&post=51490"}],"curies":[{"name":"wp","href":"https:\/\/api.w.org\/{rel}","templated":true}]}}