{"id":51487,"date":"2025-03-17T14:44:48","date_gmt":"2025-03-17T17:44:48","guid":{"rendered":"https:\/\/radiorevelacionfm.cl\/?p=51487"},"modified":"2025-03-17T14:44:48","modified_gmt":"2025-03-17T17:44:48","slug":"en-prision-preventiva-imputado-por-homicidio-ocurrido-en-las-cercanias-de-lago-norte","status":"publish","type":"post","link":"https:\/\/radiorevelacionfm.cl\/?p=51487","title":{"rendered":"En prisi\u00f3n preventiva imputado por homicidio ocurrido en las cercan\u00edas de Lago Norte"},"content":{"rendered":"<div class=\"flex_column av_one_full  flex_column_div av-zero-column-padding first  avia-builder-el-0  el_before_av_one_full  avia-builder-el-first  \" style='border-radius:0px; '><div  class='avia-image-container  av-styling-    avia-builder-el-1  avia-builder-el-no-sibling  avia-align-center '  itemprop=\"image\" itemscope=\"itemscope\" itemtype=\"https:\/\/schema.org\/ImageObject\"  ><div class='avia-image-container-inner'><div class='avia-image-overlay-wrap'><img decoding=\"async\" class='wp-image-51488 avia-img-lazy-loading-not-51488 avia_image' src=\"https:\/\/radiorevelacionfm.cl\/wp-content\/uploads\/2025\/03\/1-2025-03-17T144441.564-1-1.jpg\" alt='' title='1 - 2025-03-17T144441.564 (1) (1)' height=\"600\" width=\"900\"  itemprop=\"thumbnailUrl\" srcset=\"https:\/\/radiorevelacionfm.cl\/wp-content\/uploads\/2025\/03\/1-2025-03-17T144441.564-1-1.jpg 900w, https:\/\/radiorevelacionfm.cl\/wp-content\/uploads\/2025\/03\/1-2025-03-17T144441.564-1-1-300x200.jpg 300w, https:\/\/radiorevelacionfm.cl\/wp-content\/uploads\/2025\/03\/1-2025-03-17T144441.564-1-1-768x512.jpg 768w, https:\/\/radiorevelacionfm.cl\/wp-content\/uploads\/2025\/03\/1-2025-03-17T144441.564-1-1-705x470.jpg 705w, https:\/\/radiorevelacionfm.cl\/wp-content\/uploads\/2025\/03\/1-2025-03-17T144441.564-1-1-450x300.jpg 450w, https:\/\/radiorevelacionfm.cl\/wp-content\/uploads\/2025\/03\/1-2025-03-17T144441.564-1-1-600x400.jpg 600w\" sizes=\"(max-width: 900px) 100vw, 900px\" \/><\/div><\/div><\/div><\/div><div class=\"flex_column av_one_full  flex_column_div av-zero-column-padding first  avia-builder-el-2  el_after_av_one_full  el_before_av_one_full  column-top-margin\" style='border-radius:0px; '><section class=\"av_textblock_section \"  itemscope=\"itemscope\" itemtype=\"https:\/\/schema.org\/BlogPosting\" itemprop=\"blogPost\" ><div class='avia_textblock  '   itemprop=\"text\" ><p style=\"text-align: center;\"><span style=\"font-size: 18pt;\"><b>En prisi\u00f3n preventiva imputado por homicidio ocurrido en las cercan\u00edas de Lago Norte<\/b><\/span><\/p>\n<div id=\"gtx-trans\" style=\"position: absolute; left: -50px; top: 4.31534px;\">\n<div class=\"gtx-trans-icon\"><\/div>\n<\/div>\n<\/div><\/section><\/div><div class=\"flex_column av_one_full  flex_column_div av-zero-column-padding first  avia-builder-el-4  el_after_av_one_full  el_before_av_hr  column-top-margin\" style='border-radius:0px; '><section class=\"av_textblock_section \"  itemscope=\"itemscope\" itemtype=\"https:\/\/schema.org\/BlogPosting\" itemprop=\"blogPost\" ><div class='avia_textblock  '   itemprop=\"text\" ><p style=\"font-weight: 400; text-align: justify;\"><em>El detenido efectu\u00f3 disparos hacia el cuerpo de la v\u00edctima, quien se encontraba desarmada.<\/em><\/p>\n<p style=\"font-weight: 400; text-align: justify;\">La Fiscal\u00eda Local de Coyhaique formaliz\u00f3 hoy una investigaci\u00f3n por el delito de homicidio ocurrido este s\u00e1bado en la ma\u00f1ana una zona rural de la comuna, cuyas diligencias investigativas fueron solicitadas a la Brigada de Homicidios y Lacrim de la PDI sumado a peritos del Servicio M\u00e9dico Legal. De acuerdo a los antecedentes vertidos en la audiencia, el homicidio se habr\u00eda producido luego de discrepancias relacionadas con la extracci\u00f3n de le\u00f1a en el lugar.<\/p>\n<p style=\"font-weight: 400; text-align: justify;\">Seg\u00fan expres\u00f3 en la audiencia de formalizaci\u00f3n la fiscal Mar\u00eda In\u00e9s N\u00fa\u00f1ez, el s\u00e1bado 15 de marzo de 2025 alrededor de las 11:10 horas, el imputado de 70 a\u00f1os se encontraba en el interior de un predio rural ubicado en la Ruta X-241, kil\u00f3metro 30, sector Lago Norte comuna de Coyhaique, lugar donde tambi\u00e9n se encontraba la v\u00edctima en esta causa.<\/p>\n<p style=\"font-weight: 400; text-align: justify;\">DISPAROS<\/p>\n<p style=\"font-weight: 400; text-align: justify;\">Mientras la v\u00edctima estaba en el interior del predio, a\u00f1adi\u00f3 la fiscal Mar\u00eda In\u00e9s N\u00fa\u00f1ez, espec\u00edficamente en el interior de una camioneta, \u201cdistante a una tranquera que manten\u00eda el port\u00f3n con candado, el imputado traspasa el port\u00f3n se dirige hacia donde se encontraba la v\u00edctima y obrando a traici\u00f3n y sobre seguro, portando un arma de fuego efect\u00faa disparos hacia el cuerpo de la v\u00edctima, quien se encontraba desarmada\u201d.<\/p>\n<p style=\"font-weight: 400; text-align: justify;\">Luego, a\u00f1adi\u00f3 la persecutora penal, \u201cla v\u00edctima se baja del m\u00f3vil y cae al suelo con el imputado, lugar donde el imputado con un arma blanca que portaba, infiere a la v\u00edctima un corte en la pierna de la victima de alrededor de 17 cent\u00edmetros. En ese momento, la v\u00edctima pide auxilio y mientras estaba siendo levantada y dirigida hacia la camioneta en la que hab\u00eda llegado, el imputado vuelve a efectuar disparos al cuerpo de la v\u00edctima\u201d.<\/p>\n<p style=\"font-weight: 400; text-align: justify;\">PRISI\u00d3N PREVENTIVA<\/p>\n<p style=\"font-weight: 400; text-align: justify;\">Producto de las lesiones, la v\u00edctima de este hecho result\u00f3 con m\u00faltiples heridas por proyectil de arma de fuego, lo que provoc\u00f3 su muerte. El imputado portaba ilegalmente un arma de fuego marca CZ modelo 92, calibre 6.35, la que se encontraba apta para el disparo.<\/p>\n<p style=\"font-weight: 400; text-align: justify;\">En la audiencia, la fiscal Mar\u00eda In\u00e9s N\u00fa\u00f1ez solicit\u00f3 la prisi\u00f3n preventiva del imputado, medida cautelar que fue acogida por el juez Mario Devaud, quien adem\u00e1s decret\u00f3 un plazo de 90 d\u00edas para el t\u00e9rmino de la investigaci\u00f3n.<\/p>\n<\/div><\/section><\/div><div  style='height:50px' class='hr hr-invisible   avia-builder-el-6  el_after_av_one_full  el_before_av_social_share '><span class='hr-inner ' ><span class='hr-inner-style'><\/span><\/span><\/div><\/p>\n<div  class='av-social-sharing-box  avia-builder-el-7  el_after_av_hr  el_before_av_hr  '><div class='av-share-box'><h5 class='av-share-link-description av-no-toc '>Compartir esta noticia<\/h5><ul class='av-share-box-list noLightbox'><li class='av-share-link av-social-link-facebook' ><a target=\"_blank\" aria-label=\"Compartir en Facebook\" href='https:\/\/www.facebook.com\/sharer.php?u=https:\/\/radiorevelacionfm.cl\/?p=51487&#038;t=En%20prisi%C3%B3n%20preventiva%20imputado%20por%20homicidio%20ocurrido%20en%20las%20cercan%C3%ADas%20de%20Lago%20Norte' aria-hidden='false' data-av_icon='\ue8f3' data-av_iconfont='entypo-fontello' title='' data-avia-related-tooltip='Compartir en Facebook' rel=\"noopener\"><span class='avia_hidden_link_text'>Compartir en Facebook<\/span><\/a><\/li><li class='av-share-link av-social-link-twitter' ><a target=\"_blank\" aria-label=\"Compartir en Twitter\" href='https:\/\/twitter.com\/share?text=En%20prisi%C3%B3n%20preventiva%20imputado%20por%20homicidio%20ocurrido%20en%20las%20cercan%C3%ADas%20de%20Lago%20Norte&#038;url=https:\/\/radiorevelacionfm.cl\/?p=51487' aria-hidden='false' data-av_icon='\ue8f1' data-av_iconfont='entypo-fontello' title='' data-avia-related-tooltip='Compartir en Twitter' rel=\"noopener\"><span class='avia_hidden_link_text'>Compartir en Twitter<\/span><\/a><\/li><li class='av-share-link av-social-link-whatsapp' ><a target=\"_blank\" aria-label=\"Compartir en Whatsapp\" href='https:\/\/api.whatsapp.com\/send?text=https:\/\/radiorevelacionfm.cl\/?p=51487' aria-hidden='false' data-av_icon='\uf232' data-av_iconfont='entypo-fontello' title='' data-avia-related-tooltip='Compartir en Whatsapp' rel=\"noopener\"><span class='avia_hidden_link_text'>Compartir en Whatsapp<\/span><\/a><\/li><li class='av-share-link av-social-link-linkedin' ><a target=\"_blank\" aria-label=\"Compartir en LinkedIn\" href='https:\/\/linkedin.com\/shareArticle?mini=true&#038;title=En%20prisi%C3%B3n%20preventiva%20imputado%20por%20homicidio%20ocurrido%20en%20las%20cercan%C3%ADas%20de%20Lago%20Norte&#038;url=https:\/\/radiorevelacionfm.cl\/?p=51487' aria-hidden='false' data-av_icon='\ue8fc' data-av_iconfont='entypo-fontello' title='' data-avia-related-tooltip='Compartir en LinkedIn' rel=\"noopener\"><span class='avia_hidden_link_text'>Compartir en LinkedIn<\/span><\/a><\/li><li class='av-share-link av-social-link-mail' ><a  aria-label=\"Compartir por correo\" href='mailto:?subject=En%20prisi%C3%B3n%20preventiva%20imputado%20por%20homicidio%20ocurrido%20en%20las%20cercan%C3%ADas%20de%20Lago%20Norte&#038;body=https:\/\/radiorevelacionfm.cl\/?p=51487' aria-hidden='false' data-av_icon='\ue805' data-av_iconfont='entypo-fontello' title='' data-avia-related-tooltip='Compartir por correo'><span class='avia_hidden_link_text'>Compartir por correo<\/span><\/a><\/li><\/ul><\/div><\/div>\n<div  style='height:50px' class='hr hr-invisible   avia-builder-el-8  el_after_av_social_share  el_before_av_comments_list '><span class='hr-inner ' ><span class='hr-inner-style'><\/span><\/span><\/div>\n<div  class='av-buildercomment  av-blog-meta-html-info-disabled av-blog-meta-tag-disabled  '><\/div>\n","protected":false},"excerpt":{"rendered":"","protected":false},"author":1,"featured_media":51488,"comment_status":"open","ping_status":"open","sticky":false,"template":"","format":"standard","meta":{"footnotes":""},"categories":[55],"tags":[],"class_list":["post-51487","post","type-post","status-publish","format-standard","has-post-thumbnail","hentry","category-justicia"],"jetpack_featured_media_url":"https:\/\/radiorevelacionfm.cl\/wp-content\/uploads\/2025\/03\/1-2025-03-17T144441.564-1-1.jpg","_links":{"self":[{"href":"https:\/\/radiorevelacionfm.cl\/index.php?rest_route=\/wp\/v2\/posts\/51487","targetHints":{"allow":["GET"]}}],"collection":[{"href":"https:\/\/radiorevelacionfm.cl\/index.php?rest_route=\/wp\/v2\/posts"}],"about":[{"href":"https:\/\/radiorevelacionfm.cl\/index.php?rest_route=\/wp\/v2\/types\/post"}],"author":[{"embeddable":true,"href":"https:\/\/radiorevelacionfm.cl\/index.php?rest_route=\/wp\/v2\/users\/1"}],"replies":[{"embeddable":true,"href":"https:\/\/radiorevelacionfm.cl\/index.php?rest_route=%2Fwp%2Fv2%2Fcomments&post=51487"}],"version-history":[{"count":1,"href":"https:\/\/radiorevelacionfm.cl\/index.php?rest_route=\/wp\/v2\/posts\/51487\/revisions"}],"predecessor-version":[{"id":51489,"href":"https:\/\/radiorevelacionfm.cl\/index.php?rest_route=\/wp\/v2\/posts\/51487\/revisions\/51489"}],"wp:featuredmedia":[{"embeddable":true,"href":"https:\/\/radiorevelacionfm.cl\/index.php?rest_route=\/wp\/v2\/media\/51488"}],"wp:attachment":[{"href":"https:\/\/radiorevelacionfm.cl\/index.php?rest_route=%2Fwp%2Fv2%2Fmedia&parent=51487"}],"wp:term":[{"taxonomy":"category","embeddable":true,"href":"https:\/\/radiorevelacionfm.cl\/index.php?rest_route=%2Fwp%2Fv2%2Fcategories&post=51487"},{"taxonomy":"post_tag","embeddable":true,"href":"https:\/\/radiorevelacionfm.cl\/index.php?rest_route=%2Fwp%2Fv2%2Ftags&post=51487"}],"curies":[{"name":"wp","href":"https:\/\/api.w.org\/{rel}","templated":true}]}}