{"id":51484,"date":"2025-03-17T15:38:32","date_gmt":"2025-03-17T18:38:32","guid":{"rendered":"https:\/\/radiorevelacionfm.cl\/?p=51484"},"modified":"2025-03-17T15:38:32","modified_gmt":"2025-03-17T18:38:32","slug":"bienes-nacionales-y-serviu-firman-escrituras-para-el-traspaso-de-terreno-en-puerto-guadal","status":"publish","type":"post","link":"https:\/\/radiorevelacionfm.cl\/?p=51484","title":{"rendered":"Bienes Nacionales y Serviu firman escrituras para el traspaso de terreno en Puerto Guadal"},"content":{"rendered":"<div class=\"flex_column av_one_full  flex_column_div av-zero-column-padding first  avia-builder-el-0  el_before_av_one_full  avia-builder-el-first  \" style='border-radius:0px; '><div  class='avia-image-container  av-styling-    avia-builder-el-1  avia-builder-el-no-sibling  avia-align-center '  itemprop=\"image\" itemscope=\"itemscope\" itemtype=\"https:\/\/schema.org\/ImageObject\"  ><div class='avia-image-container-inner'><div class='avia-image-overlay-wrap'><img decoding=\"async\" class='wp-image-51485 avia-img-lazy-loading-not-51485 avia_image' src=\"https:\/\/radiorevelacionfm.cl\/wp-content\/uploads\/2025\/03\/img_7600-1_optimized.jpg\" alt='' title='img_7600-(1)_optimized' height=\"600\" width=\"800\"  itemprop=\"thumbnailUrl\" srcset=\"https:\/\/radiorevelacionfm.cl\/wp-content\/uploads\/2025\/03\/img_7600-1_optimized.jpg 800w, https:\/\/radiorevelacionfm.cl\/wp-content\/uploads\/2025\/03\/img_7600-1_optimized-300x225.jpg 300w, https:\/\/radiorevelacionfm.cl\/wp-content\/uploads\/2025\/03\/img_7600-1_optimized-768x576.jpg 768w, https:\/\/radiorevelacionfm.cl\/wp-content\/uploads\/2025\/03\/img_7600-1_optimized-705x529.jpg 705w, https:\/\/radiorevelacionfm.cl\/wp-content\/uploads\/2025\/03\/img_7600-1_optimized-450x338.jpg 450w, https:\/\/radiorevelacionfm.cl\/wp-content\/uploads\/2025\/03\/img_7600-1_optimized-600x450.jpg 600w\" sizes=\"(max-width: 800px) 100vw, 800px\" \/><\/div><\/div><\/div><\/div><div class=\"flex_column av_one_full  flex_column_div av-zero-column-padding first  avia-builder-el-2  el_after_av_one_full  el_before_av_one_full  column-top-margin\" style='border-radius:0px; '><section class=\"av_textblock_section \"  itemscope=\"itemscope\" itemtype=\"https:\/\/schema.org\/BlogPosting\" itemprop=\"blogPost\" ><div class='avia_textblock  '   itemprop=\"text\" ><p style=\"text-align: center;\"><span style=\"font-size: 18pt;\"><strong>Bienes Nacionales y Serviu firman escrituras para el traspaso de terreno en Puerto Guadal<\/strong><\/span><\/p>\n<div id=\"gtx-trans\" style=\"position: absolute; left: -50px; top: 4.31534px;\">\n<div class=\"gtx-trans-icon\"><\/div>\n<\/div>\n<\/div><\/section><\/div><div class=\"flex_column av_one_full  flex_column_div av-zero-column-padding first  avia-builder-el-4  el_after_av_one_full  el_before_av_hr  column-top-margin\" style='border-radius:0px; '><section class=\"av_textblock_section \"  itemscope=\"itemscope\" itemtype=\"https:\/\/schema.org\/BlogPosting\" itemprop=\"blogPost\" ><div class='avia_textblock  '   itemprop=\"text\" ><p style=\"text-align: justify;\"><em>El inmueble de 0,92 ha. beneficiar\u00e1 a proyecto habitacional del comit\u00e9 Nuevo Amanecer.<\/em><\/p>\n<p style=\"text-align: justify;\">El Ministerio de Bienes Nacionales contin\u00faa avanzando con acciones concretas, contribuyendo en la disposici\u00f3n de suelo fiscal para futuros proyectos habitacionales.<\/p>\n<p style=\"text-align: justify;\">Es as\u00ed que el pasado 11 de marzo, la seremi de Bienes Nacionales, Irina Morend, su par de Vivienda, Paulina Ruz y la directora subrogante de Serviu, Giovanna G\u00f3mez, acudieron a la primera notar\u00eda de Coyhaique para plasmar sus firmas en el documento que asegura la etapa final de una nueva transferencia de dominio a Serviu para la futura construcci\u00f3n de viviendas.<\/p>\n<p style=\"text-align: justify;\">\u201cEstamos en la firma de las escrituras de una transferencia de 0,92 hect\u00e1reas para el comit\u00e9 Nuevo Amanecer de Puerto Guadal\u201d, afirm\u00f3 la seremi de Bienes Nacionales, quien a\u00f1adi\u00f3 que en estos tres a\u00f1os de Gobierno del Presidente Gabriel Boric, se han transferido 41 hect\u00e1reas \u201conce terrenos en siete de las diez comunas de la regi\u00f3n de Ays\u00e9n y nos queda tambi\u00e9n avanzar en una transferencia en Coyhaique y otra en Cochrane\u201d, expres\u00f3 Irina Morend.<\/p>\n<p style=\"text-align: justify;\">Por su parte, la seremi de Minvu, Paulina Ruz, expres\u00f3 su agradecimiento a Bienes Nacionales por la disposici\u00f3n gratuita de terrenos en distintos puntos de la regi\u00f3n. \u201cHan sido un actor clave en la transferencia gratuita de terrenos para que familias a trav\u00e9s de comit\u00e9s de vivienda puedan proyectar sus futuras casas. Agradecemos como sector a Bienes Nacionales y tambi\u00e9n reafirmamos nuestro compromiso conjunto, no solamente en el cumplimiento de la meta del Plan de Emergencia Habitacional, sino que tambi\u00e9n para descentralizar los beneficios del Estado y poder llegar con el sue\u00f1o de la casa propia a modo concreto en distintas comunas de la regi\u00f3n de Ays\u00e9n\u201d, expres\u00f3 la autoridad regional de Vivienda.<\/p>\n<p style=\"text-align: justify;\">De acuerdo con el extenso proceso de transferencia gratuita de inmuebles fiscales, luego de esta firma de escrituras, se ingresa a la etapa final, con la elaboraci\u00f3n y visaci\u00f3n del decreto ministerial Aprobatorio, el cual, posteriormente ser\u00e1 notificado a Serviu para su inscripci\u00f3n de dominio en el respectivo Conservador de Bienes Ra\u00edces.<\/p>\n<\/div><\/section><\/div><div  style='height:50px' class='hr hr-invisible   avia-builder-el-6  el_after_av_one_full  el_before_av_social_share '><span class='hr-inner ' ><span class='hr-inner-style'><\/span><\/span><\/div><\/p>\n<div  class='av-social-sharing-box  avia-builder-el-7  el_after_av_hr  el_before_av_hr  '><div class='av-share-box'><h5 class='av-share-link-description av-no-toc '>Compartir esta noticia<\/h5><ul class='av-share-box-list noLightbox'><li class='av-share-link av-social-link-facebook' ><a target=\"_blank\" aria-label=\"Compartir en Facebook\" href='https:\/\/www.facebook.com\/sharer.php?u=https:\/\/radiorevelacionfm.cl\/?p=51484&#038;t=Bienes%20Nacionales%20y%20Serviu%20firman%20escrituras%20para%20el%20traspaso%20de%20terreno%20en%20Puerto%20Guadal' aria-hidden='false' data-av_icon='\ue8f3' data-av_iconfont='entypo-fontello' title='' data-avia-related-tooltip='Compartir en Facebook' rel=\"noopener\"><span class='avia_hidden_link_text'>Compartir en Facebook<\/span><\/a><\/li><li class='av-share-link av-social-link-twitter' ><a target=\"_blank\" aria-label=\"Compartir en Twitter\" href='https:\/\/twitter.com\/share?text=Bienes%20Nacionales%20y%20Serviu%20firman%20escrituras%20para%20el%20traspaso%20de%20terreno%20en%20Puerto%20Guadal&#038;url=https:\/\/radiorevelacionfm.cl\/?p=51484' aria-hidden='false' data-av_icon='\ue8f1' data-av_iconfont='entypo-fontello' title='' data-avia-related-tooltip='Compartir en Twitter' rel=\"noopener\"><span class='avia_hidden_link_text'>Compartir en Twitter<\/span><\/a><\/li><li class='av-share-link av-social-link-whatsapp' ><a target=\"_blank\" aria-label=\"Compartir en Whatsapp\" href='https:\/\/api.whatsapp.com\/send?text=https:\/\/radiorevelacionfm.cl\/?p=51484' aria-hidden='false' data-av_icon='\uf232' data-av_iconfont='entypo-fontello' title='' data-avia-related-tooltip='Compartir en Whatsapp' rel=\"noopener\"><span class='avia_hidden_link_text'>Compartir en Whatsapp<\/span><\/a><\/li><li class='av-share-link av-social-link-linkedin' ><a target=\"_blank\" aria-label=\"Compartir en LinkedIn\" href='https:\/\/linkedin.com\/shareArticle?mini=true&#038;title=Bienes%20Nacionales%20y%20Serviu%20firman%20escrituras%20para%20el%20traspaso%20de%20terreno%20en%20Puerto%20Guadal&#038;url=https:\/\/radiorevelacionfm.cl\/?p=51484' aria-hidden='false' data-av_icon='\ue8fc' data-av_iconfont='entypo-fontello' title='' data-avia-related-tooltip='Compartir en LinkedIn' rel=\"noopener\"><span class='avia_hidden_link_text'>Compartir en LinkedIn<\/span><\/a><\/li><li class='av-share-link av-social-link-mail' ><a  aria-label=\"Compartir por correo\" href='mailto:?subject=Bienes%20Nacionales%20y%20Serviu%20firman%20escrituras%20para%20el%20traspaso%20de%20terreno%20en%20Puerto%20Guadal&#038;body=https:\/\/radiorevelacionfm.cl\/?p=51484' aria-hidden='false' data-av_icon='\ue805' data-av_iconfont='entypo-fontello' title='' data-avia-related-tooltip='Compartir por correo'><span class='avia_hidden_link_text'>Compartir por correo<\/span><\/a><\/li><\/ul><\/div><\/div>\n<div  style='height:50px' class='hr hr-invisible   avia-builder-el-8  el_after_av_social_share  el_before_av_comments_list '><span class='hr-inner ' ><span class='hr-inner-style'><\/span><\/span><\/div>\n<div  class='av-buildercomment  av-blog-meta-html-info-disabled av-blog-meta-tag-disabled  '><\/div>\n","protected":false},"excerpt":{"rendered":"","protected":false},"author":1,"featured_media":51485,"comment_status":"open","ping_status":"open","sticky":false,"template":"","format":"standard","meta":{"footnotes":""},"categories":[38],"tags":[],"class_list":["post-51484","post","type-post","status-publish","format-standard","has-post-thumbnail","hentry","category-regional"],"jetpack_featured_media_url":"https:\/\/radiorevelacionfm.cl\/wp-content\/uploads\/2025\/03\/img_7600-1_optimized.jpg","_links":{"self":[{"href":"https:\/\/radiorevelacionfm.cl\/index.php?rest_route=\/wp\/v2\/posts\/51484","targetHints":{"allow":["GET"]}}],"collection":[{"href":"https:\/\/radiorevelacionfm.cl\/index.php?rest_route=\/wp\/v2\/posts"}],"about":[{"href":"https:\/\/radiorevelacionfm.cl\/index.php?rest_route=\/wp\/v2\/types\/post"}],"author":[{"embeddable":true,"href":"https:\/\/radiorevelacionfm.cl\/index.php?rest_route=\/wp\/v2\/users\/1"}],"replies":[{"embeddable":true,"href":"https:\/\/radiorevelacionfm.cl\/index.php?rest_route=%2Fwp%2Fv2%2Fcomments&post=51484"}],"version-history":[{"count":1,"href":"https:\/\/radiorevelacionfm.cl\/index.php?rest_route=\/wp\/v2\/posts\/51484\/revisions"}],"predecessor-version":[{"id":51486,"href":"https:\/\/radiorevelacionfm.cl\/index.php?rest_route=\/wp\/v2\/posts\/51484\/revisions\/51486"}],"wp:featuredmedia":[{"embeddable":true,"href":"https:\/\/radiorevelacionfm.cl\/index.php?rest_route=\/wp\/v2\/media\/51485"}],"wp:attachment":[{"href":"https:\/\/radiorevelacionfm.cl\/index.php?rest_route=%2Fwp%2Fv2%2Fmedia&parent=51484"}],"wp:term":[{"taxonomy":"category","embeddable":true,"href":"https:\/\/radiorevelacionfm.cl\/index.php?rest_route=%2Fwp%2Fv2%2Fcategories&post=51484"},{"taxonomy":"post_tag","embeddable":true,"href":"https:\/\/radiorevelacionfm.cl\/index.php?rest_route=%2Fwp%2Fv2%2Ftags&post=51484"}],"curies":[{"name":"wp","href":"https:\/\/api.w.org\/{rel}","templated":true}]}}