{"id":51481,"date":"2025-03-17T18:13:08","date_gmt":"2025-03-17T21:13:08","guid":{"rendered":"https:\/\/radiorevelacionfm.cl\/?p=51481"},"modified":"2025-03-17T18:13:08","modified_gmt":"2025-03-17T21:13:08","slug":"mesa-regional-de-educacion-para-el-desarrollo-sustentable-inicia-gestion-2025-con-foco-en-contaminacion","status":"publish","type":"post","link":"https:\/\/radiorevelacionfm.cl\/?p=51481","title":{"rendered":"Mesa regional de Educaci\u00f3n para el Desarrollo Sustentable inicia gesti\u00f3n 2025 con foco en contaminaci\u00f3n"},"content":{"rendered":"<div class=\"flex_column av_one_full  flex_column_div av-zero-column-padding first  avia-builder-el-0  el_before_av_one_full  avia-builder-el-first  \" style='border-radius:0px; '><div  class='avia-image-container  av-styling-    avia-builder-el-1  avia-builder-el-no-sibling  avia-align-center '  itemprop=\"image\" itemscope=\"itemscope\" itemtype=\"https:\/\/schema.org\/ImageObject\"  ><div class='avia-image-container-inner'><div class='avia-image-overlay-wrap'><img decoding=\"async\" class='wp-image-51482 avia-img-lazy-loading-not-51482 avia_image' src=\"https:\/\/radiorevelacionfm.cl\/wp-content\/uploads\/2025\/03\/PNEDS-2025-1-1.jpg\" alt='' title='PNEDS 2025 (1) (1)' height=\"600\" width=\"956\"  itemprop=\"thumbnailUrl\" srcset=\"https:\/\/radiorevelacionfm.cl\/wp-content\/uploads\/2025\/03\/PNEDS-2025-1-1.jpg 956w, https:\/\/radiorevelacionfm.cl\/wp-content\/uploads\/2025\/03\/PNEDS-2025-1-1-300x188.jpg 300w, https:\/\/radiorevelacionfm.cl\/wp-content\/uploads\/2025\/03\/PNEDS-2025-1-1-768x482.jpg 768w, https:\/\/radiorevelacionfm.cl\/wp-content\/uploads\/2025\/03\/PNEDS-2025-1-1-705x442.jpg 705w, https:\/\/radiorevelacionfm.cl\/wp-content\/uploads\/2025\/03\/PNEDS-2025-1-1-450x282.jpg 450w, https:\/\/radiorevelacionfm.cl\/wp-content\/uploads\/2025\/03\/PNEDS-2025-1-1-600x377.jpg 600w\" sizes=\"(max-width: 956px) 100vw, 956px\" \/><\/div><\/div><\/div><\/div><div class=\"flex_column av_one_full  flex_column_div av-zero-column-padding first  avia-builder-el-2  el_after_av_one_full  el_before_av_one_full  column-top-margin\" style='border-radius:0px; '><section class=\"av_textblock_section \"  itemscope=\"itemscope\" itemtype=\"https:\/\/schema.org\/BlogPosting\" itemprop=\"blogPost\" ><div class='avia_textblock  '   itemprop=\"text\" ><p style=\"text-align: center;\"><strong><span style=\"font-size: 18pt;\">Mesa regional de Educaci\u00f3n para el Desarrollo Sustentable inicia gesti\u00f3n 2025 con foco en contaminaci\u00f3n<\/span><\/strong><\/p>\n<div id=\"gtx-trans\" style=\"position: absolute; left: -50px; top: 4.31534px;\">\n<div class=\"gtx-trans-icon\"><\/div>\n<\/div>\n<\/div><\/section><\/div><div class=\"flex_column av_one_full  flex_column_div av-zero-column-padding first  avia-builder-el-4  el_after_av_one_full  el_before_av_hr  column-top-margin\" style='border-radius:0px; '><section class=\"av_textblock_section \"  itemscope=\"itemscope\" itemtype=\"https:\/\/schema.org\/BlogPosting\" itemprop=\"blogPost\" ><div class='avia_textblock  '   itemprop=\"text\" ><p style=\"text-align: justify;\">La Mesa Ays\u00e9n de la Pol\u00edtica Nacional de Educaci\u00f3n para el Desarrollo Sustentable, PNEDS, tuvo su primera sesi\u00f3n del a\u00f1o 2025 definiendo el sello y la ruta a seguir para convocar y sensibilizar a la poblaci\u00f3n sobre temas contingentes en materia ambiental.<\/p>\n<p style=\"text-align: justify;\">La Mesa Ays\u00e9n PNEDS, conformada en 2009 ha buscado fortalecer el trabajo intersectorial potenciando las alianzas y generaci\u00f3n de redes en torno al objetivo de la promoci\u00f3n de la educaci\u00f3n para el desarrollo sustentable. Cada a\u00f1o eligen un tema a tratar, base con la cual desarrollan actividades p\u00fablicas de capacitaci\u00f3n y sensibilizaci\u00f3n, considerando ferias, seminarios y talleres abiertos a todo p\u00fablico.<\/p>\n<p style=\"text-align: justify;\">P\u00eda Santelices, profesional de la Divisi\u00f3n de Planificaci\u00f3n y Desarrollo del Gobierno Regional de Ays\u00e9n y participante activa de la mesa, detall\u00f3 que \u201cEste a\u00f1o, como todos los a\u00f1os nos amparamos en los Objetivos de Desarrollo Sostenible y desde all\u00ed vamos a ir enfoc\u00e1ndonos en la contaminaci\u00f3n, en las energ\u00edas renovables, en c\u00f3mo nos influye en la salud y el bienestar de la comunidad\u201d, destacando adem\u00e1s la trayectoria de la mesa intersectorial que ya cumple 16 a\u00f1os en la territorializaci\u00f3n de la pol\u00edtica nacional.<\/p>\n<p style=\"text-align: justify;\">As\u00ed tambi\u00e9n el Seremi del Medio Ambiente, Yoal D\u00edaz valor\u00f3 \u201ctener estas gobernanzas sostenidas por tanto tiempo hace sostenible los procesos y cuando hablamos de sostenibilidad tenemos que hacerlo con acci\u00f3n. Ahora vamos a tener la oportunidad de tener un liderazgo del mundo privado, acompa\u00f1ado por el mundo p\u00fablico a trav\u00e9s de la Seremi del Medio Ambiente, y eso es lo que buscamos, encontrar y tender los puentes con todas las organizaciones para poder llevar adelante las iniciativas m\u00e1s ciudadanas\u201d.<\/p>\n<p style=\"text-align: justify;\">Efectivamente, junto con la elecci\u00f3n de la l\u00ednea a base a trabajar durante 2025, las y los integrantes de la mesa eligieron la nueva presidencia que recay\u00f3 en la empresa Aguas Patagonia, representada por la encargada de relacionamiento comunitario, Ana Oyarz\u00fan quien expres\u00f3 \u201cestamos muy contentos de colaborar en esta mesa, somos la primera empresa privada que tenemos la gesti\u00f3n de oficina verde, por lo mismo estamos muy comprometidos tambi\u00e9n con el desarrollo de la sustentabilidad y sostenibilidad como lo hemos hablado a lo largo del tiempo y asumo con mucho honor este cargo\u201d.<\/p>\n<p style=\"text-align: justify;\">Actualmente la mesa es presidida por Aguas Patagonia y tiene su secretar\u00eda ejecutiva en la Seremi del Medio Ambiente, reuniendo a 16 instituciones p\u00fablicas, privadas y de la sociedad civil. Al a\u00f1o 2025 participan activamente de la mesa PNEDS: Municipalidades de Coyhaique y Ays\u00e9n; Patagonia sin Residuos; Corporaci\u00f3n Patagonia Viva; AQUA Chile; Aguas Patagonia; Patagonia Sostenible; SEREMIS de Salud, Energ\u00eda y Medio Ambiente; Servicio Local de Educaci\u00f3n P\u00fablica \u2013 SLEP Ays\u00e9n; CONAF; Gobierno Regional de Ays\u00e9n; PAR EXPLORA UACH; Comunidades Portal; y el Departamento Provincial de Educaci\u00f3n.<\/p>\n<p style=\"text-align: justify;\">Para 2025 se espera que la mesa PNEDS realice un seminario de Desarrollo Sostenible durante el primer semestre y una Feria de Desarrollo Sostenible durante el segundo para lo que sus integrantes invitaron a la comunidad a mantenerse atentos a las pr\u00f3ximas acciones para sumarse y participar activamente.<\/p>\n<\/div><\/section><\/div><div  style='height:50px' class='hr hr-invisible   avia-builder-el-6  el_after_av_one_full  el_before_av_social_share '><span class='hr-inner ' ><span class='hr-inner-style'><\/span><\/span><\/div><\/p>\n<div  class='av-social-sharing-box  avia-builder-el-7  el_after_av_hr  el_before_av_hr  '><div class='av-share-box'><h5 class='av-share-link-description av-no-toc '>Compartir esta noticia<\/h5><ul class='av-share-box-list noLightbox'><li class='av-share-link av-social-link-facebook' ><a target=\"_blank\" aria-label=\"Compartir en Facebook\" href='https:\/\/www.facebook.com\/sharer.php?u=https:\/\/radiorevelacionfm.cl\/?p=51481&#038;t=Mesa%20regional%20de%20Educaci%C3%B3n%20para%20el%20Desarrollo%20Sustentable%20inicia%20gesti%C3%B3n%202025%20con%20foco%20en%20contaminaci%C3%B3n' aria-hidden='false' data-av_icon='\ue8f3' data-av_iconfont='entypo-fontello' title='' data-avia-related-tooltip='Compartir en Facebook' rel=\"noopener\"><span class='avia_hidden_link_text'>Compartir en Facebook<\/span><\/a><\/li><li class='av-share-link av-social-link-twitter' ><a target=\"_blank\" aria-label=\"Compartir en Twitter\" href='https:\/\/twitter.com\/share?text=Mesa%20regional%20de%20Educaci%C3%B3n%20para%20el%20Desarrollo%20Sustentable%20inicia%20gesti%C3%B3n%202025%20con%20foco%20en%20contaminaci%C3%B3n&#038;url=https:\/\/radiorevelacionfm.cl\/?p=51481' aria-hidden='false' data-av_icon='\ue8f1' data-av_iconfont='entypo-fontello' title='' data-avia-related-tooltip='Compartir en Twitter' rel=\"noopener\"><span class='avia_hidden_link_text'>Compartir en Twitter<\/span><\/a><\/li><li class='av-share-link av-social-link-whatsapp' ><a target=\"_blank\" aria-label=\"Compartir en Whatsapp\" href='https:\/\/api.whatsapp.com\/send?text=https:\/\/radiorevelacionfm.cl\/?p=51481' aria-hidden='false' data-av_icon='\uf232' data-av_iconfont='entypo-fontello' title='' data-avia-related-tooltip='Compartir en Whatsapp' rel=\"noopener\"><span class='avia_hidden_link_text'>Compartir en Whatsapp<\/span><\/a><\/li><li class='av-share-link av-social-link-linkedin' ><a target=\"_blank\" aria-label=\"Compartir en LinkedIn\" href='https:\/\/linkedin.com\/shareArticle?mini=true&#038;title=Mesa%20regional%20de%20Educaci%C3%B3n%20para%20el%20Desarrollo%20Sustentable%20inicia%20gesti%C3%B3n%202025%20con%20foco%20en%20contaminaci%C3%B3n&#038;url=https:\/\/radiorevelacionfm.cl\/?p=51481' aria-hidden='false' data-av_icon='\ue8fc' data-av_iconfont='entypo-fontello' title='' data-avia-related-tooltip='Compartir en LinkedIn' rel=\"noopener\"><span class='avia_hidden_link_text'>Compartir en LinkedIn<\/span><\/a><\/li><li class='av-share-link av-social-link-mail' ><a  aria-label=\"Compartir por correo\" href='mailto:?subject=Mesa%20regional%20de%20Educaci%C3%B3n%20para%20el%20Desarrollo%20Sustentable%20inicia%20gesti%C3%B3n%202025%20con%20foco%20en%20contaminaci%C3%B3n&#038;body=https:\/\/radiorevelacionfm.cl\/?p=51481' aria-hidden='false' data-av_icon='\ue805' data-av_iconfont='entypo-fontello' title='' data-avia-related-tooltip='Compartir por correo'><span class='avia_hidden_link_text'>Compartir por correo<\/span><\/a><\/li><\/ul><\/div><\/div>\n<div  style='height:50px' class='hr hr-invisible   avia-builder-el-8  el_after_av_social_share  el_before_av_comments_list '><span class='hr-inner ' ><span class='hr-inner-style'><\/span><\/span><\/div>\n<div  class='av-buildercomment  av-blog-meta-html-info-disabled av-blog-meta-tag-disabled  '><\/div>\n","protected":false},"excerpt":{"rendered":"","protected":false},"author":1,"featured_media":51482,"comment_status":"open","ping_status":"open","sticky":false,"template":"","format":"standard","meta":{"footnotes":""},"categories":[38],"tags":[],"class_list":["post-51481","post","type-post","status-publish","format-standard","has-post-thumbnail","hentry","category-regional"],"jetpack_featured_media_url":"https:\/\/radiorevelacionfm.cl\/wp-content\/uploads\/2025\/03\/PNEDS-2025-1-1.jpg","_links":{"self":[{"href":"https:\/\/radiorevelacionfm.cl\/index.php?rest_route=\/wp\/v2\/posts\/51481","targetHints":{"allow":["GET"]}}],"collection":[{"href":"https:\/\/radiorevelacionfm.cl\/index.php?rest_route=\/wp\/v2\/posts"}],"about":[{"href":"https:\/\/radiorevelacionfm.cl\/index.php?rest_route=\/wp\/v2\/types\/post"}],"author":[{"embeddable":true,"href":"https:\/\/radiorevelacionfm.cl\/index.php?rest_route=\/wp\/v2\/users\/1"}],"replies":[{"embeddable":true,"href":"https:\/\/radiorevelacionfm.cl\/index.php?rest_route=%2Fwp%2Fv2%2Fcomments&post=51481"}],"version-history":[{"count":1,"href":"https:\/\/radiorevelacionfm.cl\/index.php?rest_route=\/wp\/v2\/posts\/51481\/revisions"}],"predecessor-version":[{"id":51483,"href":"https:\/\/radiorevelacionfm.cl\/index.php?rest_route=\/wp\/v2\/posts\/51481\/revisions\/51483"}],"wp:featuredmedia":[{"embeddable":true,"href":"https:\/\/radiorevelacionfm.cl\/index.php?rest_route=\/wp\/v2\/media\/51482"}],"wp:attachment":[{"href":"https:\/\/radiorevelacionfm.cl\/index.php?rest_route=%2Fwp%2Fv2%2Fmedia&parent=51481"}],"wp:term":[{"taxonomy":"category","embeddable":true,"href":"https:\/\/radiorevelacionfm.cl\/index.php?rest_route=%2Fwp%2Fv2%2Fcategories&post=51481"},{"taxonomy":"post_tag","embeddable":true,"href":"https:\/\/radiorevelacionfm.cl\/index.php?rest_route=%2Fwp%2Fv2%2Ftags&post=51481"}],"curies":[{"name":"wp","href":"https:\/\/api.w.org\/{rel}","templated":true}]}}