{"id":51474,"date":"2025-03-17T10:38:54","date_gmt":"2025-03-17T13:38:54","guid":{"rendered":"https:\/\/radiorevelacionfm.cl\/?p=51474"},"modified":"2025-03-17T10:38:54","modified_gmt":"2025-03-17T13:38:54","slug":"realizan-lanzamiento-regional-del-dia-nacional-del-deporte-2025","status":"publish","type":"post","link":"https:\/\/radiorevelacionfm.cl\/?p=51474","title":{"rendered":"Realizan lanzamiento regional del D\u00eda Nacional del Deporte 2025"},"content":{"rendered":"<div class=\"flex_column av_one_full  flex_column_div av-zero-column-padding first  avia-builder-el-0  el_before_av_one_full  avia-builder-el-first  \" style='border-radius:0px; '><div  class='avia-image-container  av-styling-    avia-builder-el-1  avia-builder-el-no-sibling  avia-align-center '  itemprop=\"image\" itemscope=\"itemscope\" itemtype=\"https:\/\/schema.org\/ImageObject\"  ><div class='avia-image-container-inner'><div class='avia-image-overlay-wrap'><img decoding=\"async\" class='wp-image-51475 avia-img-lazy-loading-not-51475 avia_image' src=\"https:\/\/radiorevelacionfm.cl\/wp-content\/uploads\/2025\/03\/WhatsApp-Image-2025-03-14-at-4.29.59-PM-1-1.jpeg\" alt='' title='WhatsApp Image 2025-03-14 at 4.29.59 PM (1) (1)' height=\"600\" width=\"800\"  itemprop=\"thumbnailUrl\" srcset=\"https:\/\/radiorevelacionfm.cl\/wp-content\/uploads\/2025\/03\/WhatsApp-Image-2025-03-14-at-4.29.59-PM-1-1.jpeg 800w, https:\/\/radiorevelacionfm.cl\/wp-content\/uploads\/2025\/03\/WhatsApp-Image-2025-03-14-at-4.29.59-PM-1-1-300x225.jpeg 300w, https:\/\/radiorevelacionfm.cl\/wp-content\/uploads\/2025\/03\/WhatsApp-Image-2025-03-14-at-4.29.59-PM-1-1-768x576.jpeg 768w, https:\/\/radiorevelacionfm.cl\/wp-content\/uploads\/2025\/03\/WhatsApp-Image-2025-03-14-at-4.29.59-PM-1-1-705x529.jpeg 705w, https:\/\/radiorevelacionfm.cl\/wp-content\/uploads\/2025\/03\/WhatsApp-Image-2025-03-14-at-4.29.59-PM-1-1-450x338.jpeg 450w, https:\/\/radiorevelacionfm.cl\/wp-content\/uploads\/2025\/03\/WhatsApp-Image-2025-03-14-at-4.29.59-PM-1-1-600x450.jpeg 600w\" sizes=\"(max-width: 800px) 100vw, 800px\" \/><\/div><\/div><\/div><\/div><div class=\"flex_column av_one_full  flex_column_div av-zero-column-padding first  avia-builder-el-2  el_after_av_one_full  el_before_av_one_full  column-top-margin\" style='border-radius:0px; '><section class=\"av_textblock_section \"  itemscope=\"itemscope\" itemtype=\"https:\/\/schema.org\/BlogPosting\" itemprop=\"blogPost\" ><div class='avia_textblock  '   itemprop=\"text\" ><p style=\"text-align: center;\"><strong><span style=\"font-size: 18pt;\">Realizan lanzamiento regional del D\u00eda Nacional del Deporte 2025<\/span><\/strong><\/p>\n<div id=\"gtx-trans\" style=\"position: absolute; left: -50px; top: 4.31534px;\">\n<div class=\"gtx-trans-icon\"><\/div>\n<\/div>\n<\/div><\/section><\/div><div class=\"flex_column av_one_full  flex_column_div av-zero-column-padding first  avia-builder-el-4  el_after_av_one_full  el_before_av_hr  column-top-margin\" style='border-radius:0px; '><section class=\"av_textblock_section \"  itemscope=\"itemscope\" itemtype=\"https:\/\/schema.org\/BlogPosting\" itemprop=\"blogPost\" ><div class='avia_textblock  '   itemprop=\"text\" ><ul>\n<li style=\"text-align: justify;\"><em>Este domingo 6 de Abril se celebrar\u00e1 el D\u00eda del Deporte con diferentes actividades en todo el pa\u00eds.\u00a0<\/em><\/li>\n<li style=\"text-align: justify;\"><em>Se realizar\u00e1 una corrida que unir\u00e1 a todas las regiones del pa\u00eds.\u00a0La inscripci\u00f3n es gratuita y se puede realizar en www.diadeldeporte.cl.\u00a0<\/em><\/li>\n<li style=\"text-align: justify;\"><em>CONAF dispondr\u00e1 la apertura gratuita de 19 parques, reservas y monumentos nacionales a lo largo del pa\u00eds y se sumar\u00e1n deportistas, establecimientos educacionales, instituciones p\u00fablicas, sociedad civil y la comunidad en general a esta gran la celebraci\u00f3n nacional.<\/em><\/li>\n<\/ul>\n<p style=\"text-align: justify;\">Junto a usuarias de los talleres IND del Estadio Regional de Coyhaique, este viernes se realiz\u00f3 el lanzamiento de esta fiesta familiar del movimiento, que cont\u00f3 con la participaci\u00f3n del Delegado Jorge D\u00edaz Guzm\u00e1n, las Seremi del Deporte Mar\u00eda Eugenia Dur\u00e1n, y de Gobierno, \u00darsula Mix, los directores regionales de IND, Javier Medina, y de CONAF, Ronald Valenzuela.<\/p>\n<p style=\"text-align: justify;\">Este despliegue comprende una variada oferta de actividades <strong>en todas las regiones de Chile, con<\/strong> actividades familiares, fomentando la inscripci\u00f3n y participaci\u00f3n de toda la comunidad en iniciativas deportivas inclusivas y recreativas.<\/p>\n<p style=\"text-align: justify;\"><u>En Ays\u00e9n<\/u><\/p>\n<p style=\"text-align: justify;\">El Instituto Nacional del Deporte, desarrollar\u00e1 \u201cLa Corrida Familiar Inclusiva\u201d, para todas las categor\u00edas y las distancias a recorrer son 2,5 y 5 k., con largada y meta en la pista atl\u00e9tica del Estadio Regional IND, ubicado en calle 21 de Mayo #1686 Coyhaique. \u00a0La inscripci\u00f3n es gratuita y se puede realizar en <a href=\"http:\/\/www.diadeldeporte.cl.\"><strong>www.diadeldeporte.cl.<\/strong><\/a><\/p>\n<p style=\"text-align: justify;\">-El d\u00eda 6 de abril, tendr\u00e1n gratuidad la Reserva Nacional R\u00edo Simpson y Reserva Nacional Coyhaique y para hacer efectivo el beneficio de gratuidad en Parques Nacionales, las entradas se podr\u00e1n adquirir a trav\u00e9s del sitio web, <a href=\"http:\/\/www.pasesparques.cl\">www.pasesparques.cl<\/a>.<\/p>\n<p style=\"text-align: justify;\">Respecto a las actividades de este a\u00f1o, el Delegado Presidencial Regional se\u00f1al\u00f3 \u201cEstamos comprometidos con el deporte, no solamente competitivo, de alto rendimiento, que es muy importante, porque siempre tenemos desaf\u00edos como regi\u00f3n, sino que tambi\u00e9n ampliarlo a todos los sectores de la comunidad: adultos mayores, mujeres, ni\u00f1os, para que, efectivamente, disminuyamos indicadores de obesidad, alcoholismo, violencia intrafamiliar o enfermedades cardiovasculares. Todo eso se puede evitar si tenemos actividad f\u00edsica, si hacemos deporte con la familia, sin exclusi\u00f3n y, adem\u00e1s, hay infraestructura disponible para ello\u201d, indic\u00f3.<\/p>\n<p style=\"text-align: justify;\">En tanto, la Seremi del Deporte, Mar\u00eda Eugenia Dur\u00e1n Jara, inst\u00f3 a la comunidad a sumarse e inscribirse en la corrida familiar inclusiva organizada por IND que tendr\u00e1 lugar en Coyhaique: \u201cEsperamos contar con una gran participaci\u00f3n de las familias tanto en la Corrida Familiar como en las distintas actividades que iremos dando a conocer en estas semanas previas al 6 de abril,\u00a0 asimismo, este a\u00f1o 2025 extendemos la \u00a0invitaci\u00f3n a las organizaciones a inscribir sus actividades y participar de esta fiesta del movimiento, porque para el Gobierno de Chile a trav\u00e9s del Ministerio del Deporte e IND, al impulsar estas iniciativas en nuestro pa\u00eds, potenciamos su desarrollo y extendemos el h\u00e1bito de la actividad f\u00edsica y sus beneficios a todas las personas.\u201d, precis\u00f3.<\/p>\n<p style=\"text-align: justify;\">Asimismo, para impulsar la participaci\u00f3n de la ciudadan\u00eda, durante la conmemoraci\u00f3n del D\u00eda Nacional del Deporte se invita a postular actividades autogetionadas y organizadas por instituciones y organizaciones deportivas que sean parte del Registro Nacional de Organizaciones Deportivas (RNOD) del IND las que podr\u00e1n ser difundidas en el sitio web www.diadeldeporte.cl.<\/p>\n<p style=\"text-align: justify;\">\u00bfC\u00f3mo postular?<\/p>\n<p style=\"text-align: justify;\">Las organizaciones deportivas interesadas en ser parte del D\u00eda del Deporte, deben realizar su postulaci\u00f3n a trav\u00e9s del sitio web www.diadeldeporte.cl, donde podr\u00e1n encontrar las Bases de Postulaci\u00f3n<\/p>\n<p style=\"text-align: justify;\">Toda la informaci\u00f3n sobre el D\u00eda Nacional del Deporte 2025 se encuentra disponible en la p\u00e1gina web <a href=\"http:\/\/www.diadeldeporte.cl\">www.diadeldeporte.cl<\/a><\/p>\n<\/div><\/section><\/div><div  style='height:50px' class='hr hr-invisible   avia-builder-el-6  el_after_av_one_full  el_before_av_social_share '><span class='hr-inner ' ><span class='hr-inner-style'><\/span><\/span><\/div><\/p>\n<div  class='av-social-sharing-box  avia-builder-el-7  el_after_av_hr  el_before_av_hr  '><div class='av-share-box'><h5 class='av-share-link-description av-no-toc '>Compartir esta noticia<\/h5><ul class='av-share-box-list noLightbox'><li class='av-share-link av-social-link-facebook' ><a target=\"_blank\" aria-label=\"Compartir en Facebook\" href='https:\/\/www.facebook.com\/sharer.php?u=https:\/\/radiorevelacionfm.cl\/?p=51474&#038;t=Realizan%20lanzamiento%20regional%20del%20D%C3%ADa%20Nacional%20del%20Deporte%202025' aria-hidden='false' data-av_icon='\ue8f3' data-av_iconfont='entypo-fontello' title='' data-avia-related-tooltip='Compartir en Facebook' rel=\"noopener\"><span class='avia_hidden_link_text'>Compartir en Facebook<\/span><\/a><\/li><li class='av-share-link av-social-link-twitter' ><a target=\"_blank\" aria-label=\"Compartir en Twitter\" href='https:\/\/twitter.com\/share?text=Realizan%20lanzamiento%20regional%20del%20D%C3%ADa%20Nacional%20del%20Deporte%202025&#038;url=https:\/\/radiorevelacionfm.cl\/?p=51474' aria-hidden='false' data-av_icon='\ue8f1' data-av_iconfont='entypo-fontello' title='' data-avia-related-tooltip='Compartir en Twitter' rel=\"noopener\"><span class='avia_hidden_link_text'>Compartir en Twitter<\/span><\/a><\/li><li class='av-share-link av-social-link-whatsapp' ><a target=\"_blank\" aria-label=\"Compartir en Whatsapp\" href='https:\/\/api.whatsapp.com\/send?text=https:\/\/radiorevelacionfm.cl\/?p=51474' aria-hidden='false' data-av_icon='\uf232' data-av_iconfont='entypo-fontello' title='' data-avia-related-tooltip='Compartir en Whatsapp' rel=\"noopener\"><span class='avia_hidden_link_text'>Compartir en Whatsapp<\/span><\/a><\/li><li class='av-share-link av-social-link-linkedin' ><a target=\"_blank\" aria-label=\"Compartir en LinkedIn\" href='https:\/\/linkedin.com\/shareArticle?mini=true&#038;title=Realizan%20lanzamiento%20regional%20del%20D%C3%ADa%20Nacional%20del%20Deporte%202025&#038;url=https:\/\/radiorevelacionfm.cl\/?p=51474' aria-hidden='false' data-av_icon='\ue8fc' data-av_iconfont='entypo-fontello' title='' data-avia-related-tooltip='Compartir en LinkedIn' rel=\"noopener\"><span class='avia_hidden_link_text'>Compartir en LinkedIn<\/span><\/a><\/li><li class='av-share-link av-social-link-mail' ><a  aria-label=\"Compartir por correo\" href='mailto:?subject=Realizan%20lanzamiento%20regional%20del%20D%C3%ADa%20Nacional%20del%20Deporte%202025&#038;body=https:\/\/radiorevelacionfm.cl\/?p=51474' aria-hidden='false' data-av_icon='\ue805' data-av_iconfont='entypo-fontello' title='' data-avia-related-tooltip='Compartir por correo'><span class='avia_hidden_link_text'>Compartir por correo<\/span><\/a><\/li><\/ul><\/div><\/div>\n<div  style='height:50px' class='hr hr-invisible   avia-builder-el-8  el_after_av_social_share  el_before_av_comments_list '><span class='hr-inner ' ><span class='hr-inner-style'><\/span><\/span><\/div>\n<div  class='av-buildercomment  av-blog-meta-html-info-disabled av-blog-meta-tag-disabled  '><\/div>\n","protected":false},"excerpt":{"rendered":"","protected":false},"author":1,"featured_media":51475,"comment_status":"open","ping_status":"open","sticky":false,"template":"","format":"standard","meta":{"footnotes":""},"categories":[40],"tags":[],"class_list":["post-51474","post","type-post","status-publish","format-standard","has-post-thumbnail","hentry","category-deportes"],"jetpack_featured_media_url":"https:\/\/radiorevelacionfm.cl\/wp-content\/uploads\/2025\/03\/WhatsApp-Image-2025-03-14-at-4.29.59-PM-1-1.jpeg","_links":{"self":[{"href":"https:\/\/radiorevelacionfm.cl\/index.php?rest_route=\/wp\/v2\/posts\/51474","targetHints":{"allow":["GET"]}}],"collection":[{"href":"https:\/\/radiorevelacionfm.cl\/index.php?rest_route=\/wp\/v2\/posts"}],"about":[{"href":"https:\/\/radiorevelacionfm.cl\/index.php?rest_route=\/wp\/v2\/types\/post"}],"author":[{"embeddable":true,"href":"https:\/\/radiorevelacionfm.cl\/index.php?rest_route=\/wp\/v2\/users\/1"}],"replies":[{"embeddable":true,"href":"https:\/\/radiorevelacionfm.cl\/index.php?rest_route=%2Fwp%2Fv2%2Fcomments&post=51474"}],"version-history":[{"count":1,"href":"https:\/\/radiorevelacionfm.cl\/index.php?rest_route=\/wp\/v2\/posts\/51474\/revisions"}],"predecessor-version":[{"id":51476,"href":"https:\/\/radiorevelacionfm.cl\/index.php?rest_route=\/wp\/v2\/posts\/51474\/revisions\/51476"}],"wp:featuredmedia":[{"embeddable":true,"href":"https:\/\/radiorevelacionfm.cl\/index.php?rest_route=\/wp\/v2\/media\/51475"}],"wp:attachment":[{"href":"https:\/\/radiorevelacionfm.cl\/index.php?rest_route=%2Fwp%2Fv2%2Fmedia&parent=51474"}],"wp:term":[{"taxonomy":"category","embeddable":true,"href":"https:\/\/radiorevelacionfm.cl\/index.php?rest_route=%2Fwp%2Fv2%2Fcategories&post=51474"},{"taxonomy":"post_tag","embeddable":true,"href":"https:\/\/radiorevelacionfm.cl\/index.php?rest_route=%2Fwp%2Fv2%2Ftags&post=51474"}],"curies":[{"name":"wp","href":"https:\/\/api.w.org\/{rel}","templated":true}]}}