{"id":5147,"date":"2021-06-11T10:49:33","date_gmt":"2021-06-11T13:49:33","guid":{"rendered":"https:\/\/radiorevelacionfm.cl\/?p=5147"},"modified":"2021-06-11T10:49:33","modified_gmt":"2021-06-11T13:49:33","slug":"realizan-lanzamiento-del-programa-4-a-7-ano-2021-para-mujeres-en-chile-chico","status":"publish","type":"post","link":"https:\/\/radiorevelacionfm.cl\/?p=5147","title":{"rendered":"Realizan lanzamiento del Programa 4 a 7 a\u00f1o 2021 para mujeres en Chile Chico"},"content":{"rendered":"<div class=\"flex_column av_one_full  flex_column_div av-zero-column-padding first  avia-builder-el-0  el_before_av_one_full  avia-builder-el-first  \" style='border-radius:0px; '><div  class='avia-image-container  av-styling-    avia-builder-el-1  avia-builder-el-no-sibling  avia-align-center '  itemprop=\"image\" itemscope=\"itemscope\" itemtype=\"https:\/\/schema.org\/ImageObject\"  ><div class='avia-image-container-inner'><div class='avia-image-overlay-wrap'><img decoding=\"async\" class='wp-image-5149 avia-img-lazy-loading-not-5149 avia_image' src=\"https:\/\/radiorevelacionfm.cl\/wp-content\/uploads\/2021\/06\/lanzamiento-programa-4-a-7-1-1-1.jpg\" alt='' title='lanzamiento programa 4 a 7 (1) (1) (1)' height=\"590\" width=\"1423\"  itemprop=\"thumbnailUrl\" srcset=\"https:\/\/radiorevelacionfm.cl\/wp-content\/uploads\/2021\/06\/lanzamiento-programa-4-a-7-1-1-1.jpg 1423w, https:\/\/radiorevelacionfm.cl\/wp-content\/uploads\/2021\/06\/lanzamiento-programa-4-a-7-1-1-1-300x124.jpg 300w, https:\/\/radiorevelacionfm.cl\/wp-content\/uploads\/2021\/06\/lanzamiento-programa-4-a-7-1-1-1-1030x427.jpg 1030w, https:\/\/radiorevelacionfm.cl\/wp-content\/uploads\/2021\/06\/lanzamiento-programa-4-a-7-1-1-1-768x318.jpg 768w, https:\/\/radiorevelacionfm.cl\/wp-content\/uploads\/2021\/06\/lanzamiento-programa-4-a-7-1-1-1-705x292.jpg 705w, https:\/\/radiorevelacionfm.cl\/wp-content\/uploads\/2021\/06\/lanzamiento-programa-4-a-7-1-1-1-600x249.jpg 600w\" sizes=\"(max-width: 1423px) 100vw, 1423px\" \/><\/div><\/div><\/div><\/div><div class=\"flex_column av_one_full  flex_column_div av-zero-column-padding first  avia-builder-el-2  el_after_av_one_full  el_before_av_one_full  column-top-margin\" style='border-radius:0px; '><section class=\"av_textblock_section \"  itemscope=\"itemscope\" itemtype=\"https:\/\/schema.org\/BlogPosting\" itemprop=\"blogPost\" ><div class='avia_textblock  '   itemprop=\"text\" ><p style=\"text-align: center;\"><strong><span style=\"font-size: 18pt;\">Realizan lanzamiento del Programa 4 a 7 a\u00f1o 2021 para mujeres en Chile Chico<\/span><\/strong><\/p>\n<div id=\"gtx-trans\" style=\"position: absolute; left: -50px; top: 4.31534px;\">\n<div class=\"gtx-trans-icon\"><\/div>\n<\/div>\n<\/div><\/section><\/div><div class=\"flex_column av_one_full  flex_column_div av-zero-column-padding first  avia-builder-el-4  el_after_av_one_full  el_before_av_hr  column-top-margin\" style='border-radius:0px; '><section class=\"av_textblock_section \"  itemscope=\"itemscope\" itemtype=\"https:\/\/schema.org\/BlogPosting\" itemprop=\"blogPost\" ><div class='avia_textblock  '   itemprop=\"text\" ><p style=\"font-weight: 400; text-align: justify;\">Con la asistencia de las mujeres y ni\u00f1as\/os participantes, se llev\u00f3 a cabo a trav\u00e9s de una ceremonia virtual el lanzamiento oficial del Programa 4 a 7 del Servicio Nacional de la Mujer y la Equidad de G\u00e9nero, SernamEG, que se ejecuta v\u00eda convenio con la Municipalidad de Chile Chico en la cabecera comunal. Este modelo program\u00e1tico impulsa estrategias y articulaciones para fortalecer la autonom\u00eda econ\u00f3mica de las mujeres mediante la implementaci\u00f3n de iniciativas para promover su incorporaci\u00f3n, permanencia y desarrollo en el mundo del trabajo remunerado, la generaci\u00f3n de ingresos y para abordar las restricciones derivadas de las responsabilidades del cuidado de ni\u00f1as y ni\u00f1os.<\/p>\n<p style=\"font-weight: 400; text-align: justify;\">En su intervenci\u00f3n, la Seremi de la Mujer y la Equidad de G\u00e9nero, B\u00e1rbara Ort\u00fazar Candia dijo: \u201cHoy se dio inicio a un nueva ejecuci\u00f3n del Programa 4 a 7 en la comuna de Chile Chico y como representante del Ministerio de la Mujer y la Equidad de G\u00e9nero agradezco la disposici\u00f3n de su Alcalde junto a SernamEG por llevar a cabo este tremendo programa, destinado al cuidado de ni\u00f1os y ni\u00f1as de 6 a 13 a\u00f1os posterior al t\u00e9rmino de sus clases, a trav\u00e9s de diversos talleres recreacionales y deportivos; permitiendo as\u00ed que sus madres puedan desenvolverse laboralmente sin el temor de c\u00f3mo o d\u00f3nde est\u00e1n cuidados sus hijos e hijas.\u00a0 Facilitando de esta manera la continuidad o la inserci\u00f3n laboral de estas madres y por ende el desarrollo personal y autonom\u00eda econ\u00f3mica, parte importante de la agenda Mujer del gobierno del presidente Pi\u00f1era\u201d.<\/p>\n<p style=\"font-weight: 400; text-align: justify;\">Por su parte, la Directora Regional de SernamEG, Elizabeth Guti\u00e9rrez Eggers, se refiri\u00f3 al impacto en el empleo femenino producto de la pandemia, precisando que \u201cen un reciente estudio denominado \u2018Empleo Covid-19\u2019 del Centro UC de Encuestas y Estudios Longitudinales, da cuenta de la situaci\u00f3n del empleo y el mercado laboral en la \u00faltima semana de abril de 2021. Espec\u00edficamente respecto a la tasa de participaci\u00f3n laboral femenina informa que era de un 63% en febrero 2020 y baja a un 53% en abril 2021. Esto da cuenta de una brusca ca\u00edda de 10 puntos en la participaci\u00f3n laboral de la mujer. Por lo tanto, resulta evidente que programas como el 4 a 7 siguen siendo necesarios para evitar que esta situaci\u00f3n se agudice a\u00fan m\u00e1s en el tiempo\u201d.<\/p>\n<p style=\"font-weight: 400; text-align: justify;\">Dentro de los objetivos de la Municipalidad de Chile Chico, se encuentra el trabajar por la disminuci\u00f3n de la brecha de g\u00e9nero desde la Direcci\u00f3n de Desarrollo Comunal, a trav\u00e9s de la Oficina de Organizaciones Comunitarias, Equidad de G\u00e9nero, Asuntos Ind\u00edgenas y Discapacidad. En la comuna, el 60% de las personas inscritas en la Oficina Municipal de Intermediaci\u00f3n Laboral (OMIL), son mujeres, lo que evidencia la dificultad de encontrar trabajo cuando se es mujer y cuidadora de menores de edad.<\/p>\n<p style=\"font-weight: 400; text-align: justify;\">En el lanzamiento, el Alcalde de Chile Chico, Ricardo Ibarra Valdebenito, destac\u00f3 que la implementaci\u00f3n del Programa 4 a 7 este a\u00f1o ha sido presencial y agreg\u00f3 que \u201cm\u00e1s que un discurso quiero hacer un reconocimiento al Servicio Nacional de la Mujer y la Equidad de G\u00e9nero y al equipo de trabajo del Municipio; es decir, a Patricia y Javiera. Ellas han sido las art\u00edfices de que este Programa sea un \u00e9xito con 15 ni\u00f1as\/os y 14 mujeres favorecidas. Durante mi gesti\u00f3n creemos que con la implementaci\u00f3n de este tipo de modelos program\u00e1ticos generamos las oportunidades a todas las mujeres que quieren superarse y salir adelante con sus familias. No se trata s\u00f3lo de no vivir violencia intrafamiliar, sino tambi\u00e9n el tener acceso al desarrollo y la independencia econ\u00f3mica, para tener un pa\u00eds m\u00e1s solidario y justo\u201d.<\/p>\n<p style=\"font-weight: 400; text-align: justify;\">Uno de los momentos m\u00e1s significativos de la ceremonia fue la presentaci\u00f3n de las ni\u00f1as y ni\u00f1os del Programa 4 a 7 que se lleva a cabo en la Escuela B\u00e1sica de Chile Chico, quienes interpretaron una pieza musical representativa de la cultura de las mujeres y hombres del mundo rural. Respecto a su experiencia en el modelo program\u00e1tico, una de las mujeres participantes, Carolina Orellana, explic\u00f3 que, \u201cha sido esencial porque trabajo y me complicaba dejar a mi hija con alguien que no conoc\u00eda, as\u00ed que cuiden a mi hija en el colegio de verdad que puedo trabajar tranquila. Tambi\u00e9n el programa la ayuda ella porque las chiquillas que trabajan all\u00ed igual le hacen reforzamiento; en especial a quienes les cuesta un poco m\u00e1s en las materias. Adem\u00e1s, no s\u00f3lo hacen tareas, sino que tambi\u00e9n se divierten y aprenden a relacionarse. En definitiva, para m\u00ed ha sido un gran aporte y estoy muy agradecida y espero que esto contin\u00fae porque, as\u00ed como a m\u00ed me ha servido, hay muchas otras mujeres que est\u00e1n en la misma situaci\u00f3n\u201d.<\/p>\n<\/div><\/section><\/div><div  style='height:50px' class='hr hr-invisible   avia-builder-el-6  el_after_av_one_full  el_before_av_social_share '><span class='hr-inner ' ><span class='hr-inner-style'><\/span><\/span><\/div><\/p>\n<div  class='av-social-sharing-box  avia-builder-el-7  el_after_av_hr  el_before_av_hr  '><div class='av-share-box'><h5 class='av-share-link-description av-no-toc '>Compartir esta noticia<\/h5><ul class='av-share-box-list noLightbox'><li class='av-share-link av-social-link-facebook' ><a target=\"_blank\" aria-label=\"Compartir en Facebook\" href='https:\/\/www.facebook.com\/sharer.php?u=https:\/\/radiorevelacionfm.cl\/?p=5147&#038;t=Realizan%20lanzamiento%20del%20Programa%204%20a%207%20a%C3%B1o%202021%20para%20mujeres%20en%20Chile%20Chico' aria-hidden='false' data-av_icon='\ue8f3' data-av_iconfont='entypo-fontello' title='' data-avia-related-tooltip='Compartir en Facebook' rel=\"noopener\"><span class='avia_hidden_link_text'>Compartir en Facebook<\/span><\/a><\/li><li class='av-share-link av-social-link-twitter' ><a target=\"_blank\" aria-label=\"Compartir en Twitter\" href='https:\/\/twitter.com\/share?text=Realizan%20lanzamiento%20del%20Programa%204%20a%207%20a%C3%B1o%202021%20para%20mujeres%20en%20Chile%20Chico&#038;url=https:\/\/radiorevelacionfm.cl\/?p=5147' aria-hidden='false' data-av_icon='\ue8f1' data-av_iconfont='entypo-fontello' title='' data-avia-related-tooltip='Compartir en Twitter' rel=\"noopener\"><span class='avia_hidden_link_text'>Compartir en Twitter<\/span><\/a><\/li><li class='av-share-link av-social-link-whatsapp' ><a target=\"_blank\" aria-label=\"Compartir en Whatsapp\" href='https:\/\/api.whatsapp.com\/send?text=https:\/\/radiorevelacionfm.cl\/?p=5147' aria-hidden='false' data-av_icon='\uf232' data-av_iconfont='entypo-fontello' title='' data-avia-related-tooltip='Compartir en Whatsapp' rel=\"noopener\"><span class='avia_hidden_link_text'>Compartir en Whatsapp<\/span><\/a><\/li><li class='av-share-link av-social-link-linkedin' ><a target=\"_blank\" aria-label=\"Compartir en LinkedIn\" href='https:\/\/linkedin.com\/shareArticle?mini=true&#038;title=Realizan%20lanzamiento%20del%20Programa%204%20a%207%20a%C3%B1o%202021%20para%20mujeres%20en%20Chile%20Chico&#038;url=https:\/\/radiorevelacionfm.cl\/?p=5147' aria-hidden='false' data-av_icon='\ue8fc' data-av_iconfont='entypo-fontello' title='' data-avia-related-tooltip='Compartir en LinkedIn' rel=\"noopener\"><span class='avia_hidden_link_text'>Compartir en LinkedIn<\/span><\/a><\/li><li class='av-share-link av-social-link-mail' ><a  aria-label=\"Compartir por correo\" href='mailto:?subject=Realizan%20lanzamiento%20del%20Programa%204%20a%207%20a%C3%B1o%202021%20para%20mujeres%20en%20Chile%20Chico&#038;body=https:\/\/radiorevelacionfm.cl\/?p=5147' aria-hidden='false' data-av_icon='\ue805' data-av_iconfont='entypo-fontello' title='' data-avia-related-tooltip='Compartir por correo'><span class='avia_hidden_link_text'>Compartir por correo<\/span><\/a><\/li><\/ul><\/div><\/div>\n<div  style='height:50px' class='hr hr-invisible   avia-builder-el-8  el_after_av_social_share  el_before_av_comments_list '><span class='hr-inner ' ><span class='hr-inner-style'><\/span><\/span><\/div>\n<div  class='av-buildercomment  av-blog-meta-html-info-disabled av-blog-meta-tag-disabled  '><\/div>\n","protected":false},"excerpt":{"rendered":"","protected":false},"author":1,"featured_media":5149,"comment_status":"open","ping_status":"open","sticky":false,"template":"","format":"standard","meta":{"footnotes":""},"categories":[38],"tags":[],"class_list":["post-5147","post","type-post","status-publish","format-standard","has-post-thumbnail","hentry","category-regional"],"jetpack_featured_media_url":"https:\/\/radiorevelacionfm.cl\/wp-content\/uploads\/2021\/06\/lanzamiento-programa-4-a-7-1-1-1.jpg","_links":{"self":[{"href":"https:\/\/radiorevelacionfm.cl\/index.php?rest_route=\/wp\/v2\/posts\/5147","targetHints":{"allow":["GET"]}}],"collection":[{"href":"https:\/\/radiorevelacionfm.cl\/index.php?rest_route=\/wp\/v2\/posts"}],"about":[{"href":"https:\/\/radiorevelacionfm.cl\/index.php?rest_route=\/wp\/v2\/types\/post"}],"author":[{"embeddable":true,"href":"https:\/\/radiorevelacionfm.cl\/index.php?rest_route=\/wp\/v2\/users\/1"}],"replies":[{"embeddable":true,"href":"https:\/\/radiorevelacionfm.cl\/index.php?rest_route=%2Fwp%2Fv2%2Fcomments&post=5147"}],"version-history":[{"count":1,"href":"https:\/\/radiorevelacionfm.cl\/index.php?rest_route=\/wp\/v2\/posts\/5147\/revisions"}],"predecessor-version":[{"id":5150,"href":"https:\/\/radiorevelacionfm.cl\/index.php?rest_route=\/wp\/v2\/posts\/5147\/revisions\/5150"}],"wp:featuredmedia":[{"embeddable":true,"href":"https:\/\/radiorevelacionfm.cl\/index.php?rest_route=\/wp\/v2\/media\/5149"}],"wp:attachment":[{"href":"https:\/\/radiorevelacionfm.cl\/index.php?rest_route=%2Fwp%2Fv2%2Fmedia&parent=5147"}],"wp:term":[{"taxonomy":"category","embeddable":true,"href":"https:\/\/radiorevelacionfm.cl\/index.php?rest_route=%2Fwp%2Fv2%2Fcategories&post=5147"},{"taxonomy":"post_tag","embeddable":true,"href":"https:\/\/radiorevelacionfm.cl\/index.php?rest_route=%2Fwp%2Fv2%2Ftags&post=5147"}],"curies":[{"name":"wp","href":"https:\/\/api.w.org\/{rel}","templated":true}]}}