{"id":51468,"date":"2025-03-17T12:14:16","date_gmt":"2025-03-17T15:14:16","guid":{"rendered":"https:\/\/radiorevelacionfm.cl\/?p=51468"},"modified":"2025-03-17T12:14:16","modified_gmt":"2025-03-17T15:14:16","slug":"senador-sandoval-pavimentacion-de-la-carretera-austral-seguira-siendo-un-objetivo-irrenunciable-e-inclaudicable","status":"publish","type":"post","link":"https:\/\/radiorevelacionfm.cl\/?p=51468","title":{"rendered":"Senador Sandoval: \u201cPavimentaci\u00f3n de la Carretera Austral seguir\u00e1 siendo un objetivo irrenunciable e inclaudicable\u201d"},"content":{"rendered":"<div class=\"flex_column av_one_full  flex_column_div av-zero-column-padding first  avia-builder-el-0  el_before_av_one_full  avia-builder-el-first  \" style='border-radius:0px; '><div  class='avia-image-container  av-styling-    avia-builder-el-1  avia-builder-el-no-sibling  avia-align-center '  itemprop=\"image\" itemscope=\"itemscope\" itemtype=\"https:\/\/schema.org\/ImageObject\"  ><div class='avia-image-container-inner'><div class='avia-image-overlay-wrap'><img decoding=\"async\" class='wp-image-51469 avia-img-lazy-loading-not-51469 avia_image' src=\"https:\/\/radiorevelacionfm.cl\/wp-content\/uploads\/2025\/03\/SENADOR-DAVID-SANDOVAL-1-1.jpeg\" alt='' title='SENADOR DAVID SANDOVAL (1) (1)' height=\"615\" width=\"804\"  itemprop=\"thumbnailUrl\" srcset=\"https:\/\/radiorevelacionfm.cl\/wp-content\/uploads\/2025\/03\/SENADOR-DAVID-SANDOVAL-1-1.jpeg 804w, https:\/\/radiorevelacionfm.cl\/wp-content\/uploads\/2025\/03\/SENADOR-DAVID-SANDOVAL-1-1-300x229.jpeg 300w, https:\/\/radiorevelacionfm.cl\/wp-content\/uploads\/2025\/03\/SENADOR-DAVID-SANDOVAL-1-1-768x587.jpeg 768w, https:\/\/radiorevelacionfm.cl\/wp-content\/uploads\/2025\/03\/SENADOR-DAVID-SANDOVAL-1-1-705x539.jpeg 705w, https:\/\/radiorevelacionfm.cl\/wp-content\/uploads\/2025\/03\/SENADOR-DAVID-SANDOVAL-1-1-450x344.jpeg 450w, https:\/\/radiorevelacionfm.cl\/wp-content\/uploads\/2025\/03\/SENADOR-DAVID-SANDOVAL-1-1-600x459.jpeg 600w\" sizes=\"(max-width: 804px) 100vw, 804px\" \/><\/div><\/div><\/div><\/div><div class=\"flex_column av_one_full  flex_column_div av-zero-column-padding first  avia-builder-el-2  el_after_av_one_full  el_before_av_one_full  column-top-margin\" style='border-radius:0px; '><section class=\"av_textblock_section \"  itemscope=\"itemscope\" itemtype=\"https:\/\/schema.org\/BlogPosting\" itemprop=\"blogPost\" ><div class='avia_textblock  '   itemprop=\"text\" ><p style=\"text-align: center;\"><strong><span style=\"font-size: 18pt;\">Senador Sandoval: \u201cPavimentaci\u00f3n de la Carretera Austral seguir\u00e1 siendo un objetivo irrenunciable e inclaudicable\u201d<\/span><\/strong><\/p>\n<div id=\"gtx-trans\" style=\"position: absolute; left: -50px; top: 4.31534px;\">\n<div class=\"gtx-trans-icon\"><\/div>\n<\/div>\n<\/div><\/section><\/div><div class=\"flex_column av_one_full  flex_column_div av-zero-column-padding first  avia-builder-el-4  el_after_av_one_full  el_before_av_hr  column-top-margin\" style='border-radius:0px; '><section class=\"av_textblock_section \"  itemscope=\"itemscope\" itemtype=\"https:\/\/schema.org\/BlogPosting\" itemprop=\"blogPost\" ><div class='avia_textblock  '   itemprop=\"text\" ><p style=\"text-align: justify;\"><em>Si bien valor\u00f3 licitaci\u00f3n de 17 Km de pavimentos en la comuna de Cochrane, el parlamentario se\u00f1al\u00f3 que ello dista mucho del compromiso del Gobierno de avanzar en 140 Km. en la ruta 7 durante esta administraci\u00f3n.<\/em><\/p>\n<p style=\"text-align: justify;\">\u201cLa pavimentaci\u00f3n de la Carretera Austral seguir\u00e1 siendo un objetivo irrenunciable e inclaudicable\u201d. As\u00ed lo se\u00f1al\u00f3 el senador David Sandoval, tras su visita a Cochrane en el marco del aniversario 71 de dicha localidad, donde nuevamente pudo constatar el estado de la ruta 7 en su tramo sur.<\/p>\n<p style=\"text-align: justify;\">En ese contexto, el parlamentario si bien valor\u00f3 la licitaci\u00f3n de 17 kil\u00f3metros de pavimentos entre el Puente Chacabuco y sector El Manzano, en la comuna de Cochrane, dijo que ello dista mucho del compromiso que el propio Gobierno asumi\u00f3 de pavimentar 140 Km. de la Carretera Austral en la regi\u00f3n durante la actual administraci\u00f3n. \u201cEn estos \u00faltimos dos gobiernos, m\u00e1s la administraci\u00f3n que viene, se terminar\u00e1n pavimentando apenas 52 kil\u00f3metros de la ruta 7, es decir, un promedio, por a\u00f1o, de 5 Km. Esto nos inquieta y preocupa\u201d, precis\u00f3.<\/p>\n<p style=\"text-align: justify;\">Tambi\u00e9n, Sandoval insisti\u00f3 que unir la zona austral con Chile, a trav\u00e9s de un camino hasta Puerto Montt, as\u00ed como tener una conectividad interna eficiente y de calidad, seguir\u00e1n siendo objetivos inclaudicables, pues representan el sentir de los habitantes de Los Lagos, Ays\u00e9n y Magallanes. \u201cSi se hubiesen materializado las promesas de los gobiernos de los \u00faltimos a\u00f1os, tendr\u00edamos pr\u00e1cticamente una doble v\u00eda entre Coyhaique y Puerto Yungay\u201d, indic\u00f3.<\/p>\n<p style=\"text-align: justify;\">\u00a0Por ello considera que el Estado debe dar respuesta cabal a estos problemas de conectividad y tener una mirada distinta en esta materia. \u201cLa Carretera Austral es un tema inclaudicable para nosotros. Su pavimentaci\u00f3n ha sido el sue\u00f1o de toda la comunidad, de muchas autoridades, pero despu\u00e9s de 50 a\u00f1os seguimos entrampados en este problema\u201d, subray\u00f3.<\/p>\n<p style=\"text-align: justify;\">Con todo, el legislador pedir\u00e1 una sesi\u00f3n especial de la comisi\u00f3n de Zonas Extremas de la C\u00e1mara Alta, para abordar el aislamiento cr\u00f3nico de la zona sur austral, con el fin de invitar a las autoridades del ministerio de Obras P\u00fablicas y Transportes para que den cuenta de la manera en que est\u00e1n abordando esta problem\u00e1tica, que afecta el desarrollo productivo, turismo, transporte de carga y calidad de vida de la comunidad, entre otros temas.<\/p>\n<\/div><\/section><\/div><div  style='height:50px' class='hr hr-invisible   avia-builder-el-6  el_after_av_one_full  el_before_av_social_share '><span class='hr-inner ' ><span class='hr-inner-style'><\/span><\/span><\/div><\/p>\n<div  class='av-social-sharing-box  avia-builder-el-7  el_after_av_hr  el_before_av_hr  '><div class='av-share-box'><h5 class='av-share-link-description av-no-toc '>Compartir esta noticia<\/h5><ul class='av-share-box-list noLightbox'><li class='av-share-link av-social-link-facebook' ><a target=\"_blank\" aria-label=\"Compartir en Facebook\" href='https:\/\/www.facebook.com\/sharer.php?u=https:\/\/radiorevelacionfm.cl\/?p=51468&#038;t=Senador%20Sandoval%3A%20%E2%80%9CPavimentaci%C3%B3n%20de%20la%20Carretera%20Austral%20seguir%C3%A1%20siendo%20un%20objetivo%20irrenunciable%20e%20inclaudicable%E2%80%9D' aria-hidden='false' data-av_icon='\ue8f3' data-av_iconfont='entypo-fontello' title='' data-avia-related-tooltip='Compartir en Facebook' rel=\"noopener\"><span class='avia_hidden_link_text'>Compartir en Facebook<\/span><\/a><\/li><li class='av-share-link av-social-link-twitter' ><a target=\"_blank\" aria-label=\"Compartir en Twitter\" href='https:\/\/twitter.com\/share?text=Senador%20Sandoval%3A%20%E2%80%9CPavimentaci%C3%B3n%20de%20la%20Carretera%20Austral%20seguir%C3%A1%20siendo%20un%20objetivo%20irrenunciable%20e%20inclaudicable%E2%80%9D&#038;url=https:\/\/radiorevelacionfm.cl\/?p=51468' aria-hidden='false' data-av_icon='\ue8f1' data-av_iconfont='entypo-fontello' title='' data-avia-related-tooltip='Compartir en Twitter' rel=\"noopener\"><span class='avia_hidden_link_text'>Compartir en Twitter<\/span><\/a><\/li><li class='av-share-link av-social-link-whatsapp' ><a target=\"_blank\" aria-label=\"Compartir en Whatsapp\" href='https:\/\/api.whatsapp.com\/send?text=https:\/\/radiorevelacionfm.cl\/?p=51468' aria-hidden='false' data-av_icon='\uf232' data-av_iconfont='entypo-fontello' title='' data-avia-related-tooltip='Compartir en Whatsapp' rel=\"noopener\"><span class='avia_hidden_link_text'>Compartir en Whatsapp<\/span><\/a><\/li><li class='av-share-link av-social-link-linkedin' ><a target=\"_blank\" aria-label=\"Compartir en LinkedIn\" href='https:\/\/linkedin.com\/shareArticle?mini=true&#038;title=Senador%20Sandoval%3A%20%E2%80%9CPavimentaci%C3%B3n%20de%20la%20Carretera%20Austral%20seguir%C3%A1%20siendo%20un%20objetivo%20irrenunciable%20e%20inclaudicable%E2%80%9D&#038;url=https:\/\/radiorevelacionfm.cl\/?p=51468' aria-hidden='false' data-av_icon='\ue8fc' data-av_iconfont='entypo-fontello' title='' data-avia-related-tooltip='Compartir en LinkedIn' rel=\"noopener\"><span class='avia_hidden_link_text'>Compartir en LinkedIn<\/span><\/a><\/li><li class='av-share-link av-social-link-mail' ><a  aria-label=\"Compartir por correo\" href='mailto:?subject=Senador%20Sandoval%3A%20%E2%80%9CPavimentaci%C3%B3n%20de%20la%20Carretera%20Austral%20seguir%C3%A1%20siendo%20un%20objetivo%20irrenunciable%20e%20inclaudicable%E2%80%9D&#038;body=https:\/\/radiorevelacionfm.cl\/?p=51468' aria-hidden='false' data-av_icon='\ue805' data-av_iconfont='entypo-fontello' title='' data-avia-related-tooltip='Compartir por correo'><span class='avia_hidden_link_text'>Compartir por correo<\/span><\/a><\/li><\/ul><\/div><\/div>\n<div  style='height:50px' class='hr hr-invisible   avia-builder-el-8  el_after_av_social_share  el_before_av_comments_list '><span class='hr-inner ' ><span class='hr-inner-style'><\/span><\/span><\/div>\n<div  class='av-buildercomment  av-blog-meta-html-info-disabled av-blog-meta-tag-disabled  '><\/div>\n","protected":false},"excerpt":{"rendered":"","protected":false},"author":1,"featured_media":51469,"comment_status":"open","ping_status":"open","sticky":false,"template":"","format":"standard","meta":{"footnotes":""},"categories":[35],"tags":[],"class_list":["post-51468","post","type-post","status-publish","format-standard","has-post-thumbnail","hentry","category-politica"],"jetpack_featured_media_url":"https:\/\/radiorevelacionfm.cl\/wp-content\/uploads\/2025\/03\/SENADOR-DAVID-SANDOVAL-1-1.jpeg","_links":{"self":[{"href":"https:\/\/radiorevelacionfm.cl\/index.php?rest_route=\/wp\/v2\/posts\/51468","targetHints":{"allow":["GET"]}}],"collection":[{"href":"https:\/\/radiorevelacionfm.cl\/index.php?rest_route=\/wp\/v2\/posts"}],"about":[{"href":"https:\/\/radiorevelacionfm.cl\/index.php?rest_route=\/wp\/v2\/types\/post"}],"author":[{"embeddable":true,"href":"https:\/\/radiorevelacionfm.cl\/index.php?rest_route=\/wp\/v2\/users\/1"}],"replies":[{"embeddable":true,"href":"https:\/\/radiorevelacionfm.cl\/index.php?rest_route=%2Fwp%2Fv2%2Fcomments&post=51468"}],"version-history":[{"count":1,"href":"https:\/\/radiorevelacionfm.cl\/index.php?rest_route=\/wp\/v2\/posts\/51468\/revisions"}],"predecessor-version":[{"id":51470,"href":"https:\/\/radiorevelacionfm.cl\/index.php?rest_route=\/wp\/v2\/posts\/51468\/revisions\/51470"}],"wp:featuredmedia":[{"embeddable":true,"href":"https:\/\/radiorevelacionfm.cl\/index.php?rest_route=\/wp\/v2\/media\/51469"}],"wp:attachment":[{"href":"https:\/\/radiorevelacionfm.cl\/index.php?rest_route=%2Fwp%2Fv2%2Fmedia&parent=51468"}],"wp:term":[{"taxonomy":"category","embeddable":true,"href":"https:\/\/radiorevelacionfm.cl\/index.php?rest_route=%2Fwp%2Fv2%2Fcategories&post=51468"},{"taxonomy":"post_tag","embeddable":true,"href":"https:\/\/radiorevelacionfm.cl\/index.php?rest_route=%2Fwp%2Fv2%2Ftags&post=51468"}],"curies":[{"name":"wp","href":"https:\/\/api.w.org\/{rel}","templated":true}]}}