{"id":51465,"date":"2025-03-16T20:45:48","date_gmt":"2025-03-16T23:45:48","guid":{"rendered":"https:\/\/radiorevelacionfm.cl\/?p=51465"},"modified":"2025-03-16T20:45:48","modified_gmt":"2025-03-16T23:45:48","slug":"presupuesto-regional-para-el-sector-vivienda-aumentara-en-mas-de-un-30-en-2025","status":"publish","type":"post","link":"https:\/\/radiorevelacionfm.cl\/?p=51465","title":{"rendered":"Presupuesto regional para el sector Vivienda aumentar\u00e1 en m\u00e1s de un 30% en 2025"},"content":{"rendered":"<div class=\"flex_column av_one_full  flex_column_div av-zero-column-padding first  avia-builder-el-0  el_before_av_one_full  avia-builder-el-first  \" style='border-radius:0px; '><div  class='avia-image-container  av-styling-    avia-builder-el-1  avia-builder-el-no-sibling  avia-align-center '  itemprop=\"image\" itemscope=\"itemscope\" itemtype=\"https:\/\/schema.org\/ImageObject\"  ><div class='avia-image-container-inner'><div class='avia-image-overlay-wrap'><img decoding=\"async\" class='wp-image-51466 avia-img-lazy-loading-not-51466 avia_image' src=\"https:\/\/radiorevelacionfm.cl\/wp-content\/uploads\/2025\/03\/casas-subsidio-rural-chile-chico-1_optimized-1.jpg\" alt='' title='casas-subsidio-rural-chile-chico-(1)_optimized (1)' height=\"600\" width=\"1050\"  itemprop=\"thumbnailUrl\" srcset=\"https:\/\/radiorevelacionfm.cl\/wp-content\/uploads\/2025\/03\/casas-subsidio-rural-chile-chico-1_optimized-1.jpg 1050w, https:\/\/radiorevelacionfm.cl\/wp-content\/uploads\/2025\/03\/casas-subsidio-rural-chile-chico-1_optimized-1-300x171.jpg 300w, https:\/\/radiorevelacionfm.cl\/wp-content\/uploads\/2025\/03\/casas-subsidio-rural-chile-chico-1_optimized-1-1030x589.jpg 1030w, https:\/\/radiorevelacionfm.cl\/wp-content\/uploads\/2025\/03\/casas-subsidio-rural-chile-chico-1_optimized-1-768x439.jpg 768w, https:\/\/radiorevelacionfm.cl\/wp-content\/uploads\/2025\/03\/casas-subsidio-rural-chile-chico-1_optimized-1-705x403.jpg 705w, https:\/\/radiorevelacionfm.cl\/wp-content\/uploads\/2025\/03\/casas-subsidio-rural-chile-chico-1_optimized-1-450x257.jpg 450w, https:\/\/radiorevelacionfm.cl\/wp-content\/uploads\/2025\/03\/casas-subsidio-rural-chile-chico-1_optimized-1-600x343.jpg 600w\" sizes=\"(max-width: 1050px) 100vw, 1050px\" \/><\/div><\/div><\/div><\/div><div class=\"flex_column av_one_full  flex_column_div av-zero-column-padding first  avia-builder-el-2  el_after_av_one_full  el_before_av_one_full  column-top-margin\" style='border-radius:0px; '><section class=\"av_textblock_section \"  itemscope=\"itemscope\" itemtype=\"https:\/\/schema.org\/BlogPosting\" itemprop=\"blogPost\" ><div class='avia_textblock  '   itemprop=\"text\" ><p style=\"text-align: center;\"><strong><span style=\"font-size: 18pt;\">Presupuesto regional para el sector Vivienda aumentar\u00e1 en m\u00e1s de un 30% en 2025<\/span><\/strong><\/p>\n<div id=\"gtx-trans\" style=\"position: absolute; left: -50px; top: 4.31534px;\">\n<div class=\"gtx-trans-icon\"><\/div>\n<\/div>\n<\/div><\/section><\/div><div class=\"flex_column av_one_full  flex_column_div av-zero-column-padding first  avia-builder-el-4  el_after_av_one_full  el_before_av_hr  column-top-margin\" style='border-radius:0px; '><section class=\"av_textblock_section \"  itemscope=\"itemscope\" itemtype=\"https:\/\/schema.org\/BlogPosting\" itemprop=\"blogPost\" ><div class='avia_textblock  '   itemprop=\"text\" ><p style=\"text-align: justify;\">Un incremento del <strong>30,3%<\/strong> tendr\u00e1 el presupuesto del sector Vivienda en la regi\u00f3n de Ays\u00e9n para este 2025, seg\u00fan la Ley de Presupuesto aprobada por el Congreso Nacional en noviembre de 2024 y promulgada el pasado mes de diciembre.<\/p>\n<p style=\"text-align: justify;\">La noticia fue destacada por la Seremi de Vivienda y Urbanismo, Paulina Ruz, al cumplirse los tres a\u00f1os de Gobierno del Presidente Gabriel B\u00f3ric, indicando que este aumento de los recursos disponibles para 2025 es un claro reflejo del esfuerzo que se ha venido haciendo a\u00f1o tras a\u00f1o con la mirada puesta en mejorar la calidad de vida de todos nuestros compatriotas.<\/p>\n<p style=\"text-align: justify;\">Explic\u00f3 la Seremi que, en t\u00e9rminos concretos, el incremento del 30, 3 % del presupuesto sectorial quiere decir que los recursos pasaron de <strong>90 mil millones de pesos en 2024 a 117 mil millones para este 2025<\/strong>, lo que sin duda permitir\u00e1 fortalecer la ejecuci\u00f3n de diversos programas habitacionales y de desarrollo urbano.<\/p>\n<p style=\"text-align: justify;\">\u201cEstamos cumpliendo tres a\u00f1os de Gobierno y a pesar de que hemos tenido que enfrentar varias emergencias en el pa\u00eds, queremos destacar que se ha hecho un gran esfuerzo para lograr un aumento de los recursos que tendremos disponibles para ejecutar este a\u00f1o en nuestra regi\u00f3n. Dentro de este presupuesto, podemos precisar que el <strong>Programa Habitacional <\/strong>tuvo un crecimiento muy significativo, pasando de <strong>67 mil millones de pesos en 2024 a 112 mil millones en 2025<\/strong>, lo que representa un <strong>incremento que bordea el 68 %.<\/strong> Este significativo aumento permitir\u00e1 dar continuidad a iniciativas como el Fondo Solidario de Elecci\u00f3n de Vivienda o el Programa de Integraci\u00f3n Social y Territorial, que son programas de gran impacto en la vida de nuestro vecinos y vecinas de toda la regi\u00f3n \u201c, se\u00f1al\u00f3.<\/p>\n<p style=\"text-align: justify;\">Agreg\u00f3 la autoridad sectorial que, en paralelo, los fondos destinados al <strong>Plan de Descontaminaci\u00f3n Atmosf\u00e9rica (PDA)<\/strong> casi se duplicaron, pasando de <strong>14 mil 197 millones de pesos en 2024 a 28 mil 140 millones en 2025<\/strong>, lo que equivale a m\u00e1s de un <strong>98 % <\/strong>de aumento.<\/p>\n<p style=\"text-align: justify;\">De acuerdo a los datos destacados por la Seremi Paulina Ruz, otro eje clave en esta alza se refleja en el <strong>Programa Habitacional Rural<\/strong>, que tuvo el mayor crecimiento en t\u00e9rminos porcentuales, aumentando en un <strong>477 %<\/strong>, o sea, desde <strong>3 mil 800 millones de pesos en 2024 a 21 mil 946 millones en 2025<\/strong>. \u201cEste esfuerzo busca atender las necesidades habitacionales de comunidades rurales y localidades apartadas de nuestra regi\u00f3n. Es gracias a esta labor y estos recursos que seguiremos avanzando a paso firme para cumplir dentro de este a\u00f1o nuestra meta en el Plan de Emergencia Habitacional, llegando a toda la regi\u00f3n con viviendas rurales, construcciones en sitio propio, conjuntos tradicionales o soluciones en altura, como el proyecto de Integraci\u00f3n Social y Territorial que se est\u00e1 ejecutando en Coyhaique. Quisiera recordar tambi\u00e9n que nuestro Ministerio no solo entrega soluciones habitacionales, sino tambi\u00e9n obras urbanas de gran inter\u00e9s y alto impacto. Es as\u00ed como este a\u00f1o empezaremos proyectos como el mejoramiento de la Plaza de Villa Ortega o la pavimentaci\u00f3n de nuevas calles en localidades como Puerto Puyuhuapi y Villa \u00d1irehuao, por dar algunos ejemplos\u201d, manifest\u00f3.<\/p>\n<p style=\"text-align: justify;\">Finalmente, en estos tres a\u00f1os de labor, la Seremi valor\u00f3 el trabajo realizado con diferentes actores, como las autoridades nacionales, regionales y locales, dirigentes y familias, permitiendo continuar el avance responsable en el desarrollo habitacional y urbano de la regi\u00f3n de Ays\u00e9n.<\/p>\n<\/div><\/section><\/div><div  style='height:50px' class='hr hr-invisible   avia-builder-el-6  el_after_av_one_full  el_before_av_social_share '><span class='hr-inner ' ><span class='hr-inner-style'><\/span><\/span><\/div><\/p>\n<div  class='av-social-sharing-box  avia-builder-el-7  el_after_av_hr  el_before_av_hr  '><div class='av-share-box'><h5 class='av-share-link-description av-no-toc '>Compartir esta noticia<\/h5><ul class='av-share-box-list noLightbox'><li class='av-share-link av-social-link-facebook' ><a target=\"_blank\" aria-label=\"Compartir en Facebook\" href='https:\/\/www.facebook.com\/sharer.php?u=https:\/\/radiorevelacionfm.cl\/?p=51465&#038;t=Presupuesto%20regional%20para%20el%20sector%20Vivienda%20aumentar%C3%A1%20en%20m%C3%A1s%20de%20un%2030%25%20en%202025' aria-hidden='false' data-av_icon='\ue8f3' data-av_iconfont='entypo-fontello' title='' data-avia-related-tooltip='Compartir en Facebook' rel=\"noopener\"><span class='avia_hidden_link_text'>Compartir en Facebook<\/span><\/a><\/li><li class='av-share-link av-social-link-twitter' ><a target=\"_blank\" aria-label=\"Compartir en Twitter\" href='https:\/\/twitter.com\/share?text=Presupuesto%20regional%20para%20el%20sector%20Vivienda%20aumentar%C3%A1%20en%20m%C3%A1s%20de%20un%2030%25%20en%202025&#038;url=https:\/\/radiorevelacionfm.cl\/?p=51465' aria-hidden='false' data-av_icon='\ue8f1' data-av_iconfont='entypo-fontello' title='' data-avia-related-tooltip='Compartir en Twitter' rel=\"noopener\"><span class='avia_hidden_link_text'>Compartir en Twitter<\/span><\/a><\/li><li class='av-share-link av-social-link-whatsapp' ><a target=\"_blank\" aria-label=\"Compartir en Whatsapp\" href='https:\/\/api.whatsapp.com\/send?text=https:\/\/radiorevelacionfm.cl\/?p=51465' aria-hidden='false' data-av_icon='\uf232' data-av_iconfont='entypo-fontello' title='' data-avia-related-tooltip='Compartir en Whatsapp' rel=\"noopener\"><span class='avia_hidden_link_text'>Compartir en Whatsapp<\/span><\/a><\/li><li class='av-share-link av-social-link-linkedin' ><a target=\"_blank\" aria-label=\"Compartir en LinkedIn\" href='https:\/\/linkedin.com\/shareArticle?mini=true&#038;title=Presupuesto%20regional%20para%20el%20sector%20Vivienda%20aumentar%C3%A1%20en%20m%C3%A1s%20de%20un%2030%25%20en%202025&#038;url=https:\/\/radiorevelacionfm.cl\/?p=51465' aria-hidden='false' data-av_icon='\ue8fc' data-av_iconfont='entypo-fontello' title='' data-avia-related-tooltip='Compartir en LinkedIn' rel=\"noopener\"><span class='avia_hidden_link_text'>Compartir en LinkedIn<\/span><\/a><\/li><li class='av-share-link av-social-link-mail' ><a  aria-label=\"Compartir por correo\" href='mailto:?subject=Presupuesto%20regional%20para%20el%20sector%20Vivienda%20aumentar%C3%A1%20en%20m%C3%A1s%20de%20un%2030%25%20en%202025&#038;body=https:\/\/radiorevelacionfm.cl\/?p=51465' aria-hidden='false' data-av_icon='\ue805' data-av_iconfont='entypo-fontello' title='' data-avia-related-tooltip='Compartir por correo'><span class='avia_hidden_link_text'>Compartir por correo<\/span><\/a><\/li><\/ul><\/div><\/div>\n<div  style='height:50px' class='hr hr-invisible   avia-builder-el-8  el_after_av_social_share  el_before_av_comments_list '><span class='hr-inner ' ><span class='hr-inner-style'><\/span><\/span><\/div>\n<div  class='av-buildercomment  av-blog-meta-html-info-disabled av-blog-meta-tag-disabled  '><\/div>\n","protected":false},"excerpt":{"rendered":"","protected":false},"author":1,"featured_media":51466,"comment_status":"open","ping_status":"open","sticky":false,"template":"","format":"standard","meta":{"footnotes":""},"categories":[57],"tags":[],"class_list":["post-51465","post","type-post","status-publish","format-standard","has-post-thumbnail","hentry","category-vivienda"],"jetpack_featured_media_url":"https:\/\/radiorevelacionfm.cl\/wp-content\/uploads\/2025\/03\/casas-subsidio-rural-chile-chico-1_optimized-1.jpg","_links":{"self":[{"href":"https:\/\/radiorevelacionfm.cl\/index.php?rest_route=\/wp\/v2\/posts\/51465","targetHints":{"allow":["GET"]}}],"collection":[{"href":"https:\/\/radiorevelacionfm.cl\/index.php?rest_route=\/wp\/v2\/posts"}],"about":[{"href":"https:\/\/radiorevelacionfm.cl\/index.php?rest_route=\/wp\/v2\/types\/post"}],"author":[{"embeddable":true,"href":"https:\/\/radiorevelacionfm.cl\/index.php?rest_route=\/wp\/v2\/users\/1"}],"replies":[{"embeddable":true,"href":"https:\/\/radiorevelacionfm.cl\/index.php?rest_route=%2Fwp%2Fv2%2Fcomments&post=51465"}],"version-history":[{"count":1,"href":"https:\/\/radiorevelacionfm.cl\/index.php?rest_route=\/wp\/v2\/posts\/51465\/revisions"}],"predecessor-version":[{"id":51467,"href":"https:\/\/radiorevelacionfm.cl\/index.php?rest_route=\/wp\/v2\/posts\/51465\/revisions\/51467"}],"wp:featuredmedia":[{"embeddable":true,"href":"https:\/\/radiorevelacionfm.cl\/index.php?rest_route=\/wp\/v2\/media\/51466"}],"wp:attachment":[{"href":"https:\/\/radiorevelacionfm.cl\/index.php?rest_route=%2Fwp%2Fv2%2Fmedia&parent=51465"}],"wp:term":[{"taxonomy":"category","embeddable":true,"href":"https:\/\/radiorevelacionfm.cl\/index.php?rest_route=%2Fwp%2Fv2%2Fcategories&post=51465"},{"taxonomy":"post_tag","embeddable":true,"href":"https:\/\/radiorevelacionfm.cl\/index.php?rest_route=%2Fwp%2Fv2%2Ftags&post=51465"}],"curies":[{"name":"wp","href":"https:\/\/api.w.org\/{rel}","templated":true}]}}