{"id":51460,"date":"2025-03-16T15:25:39","date_gmt":"2025-03-16T18:25:39","guid":{"rendered":"https:\/\/radiorevelacionfm.cl\/?p=51460"},"modified":"2025-03-16T15:25:39","modified_gmt":"2025-03-16T18:25:39","slug":"imputado-de-70-anos-sera-formalizado-este-lunes-fiscalia-y-pdi-investigan-homicidio-ocurrido-en-sector-rural-de-alto-manihuales","status":"publish","type":"post","link":"https:\/\/radiorevelacionfm.cl\/?p=51460","title":{"rendered":"Imputado de 70 a\u00f1os ser\u00e1 formalizado este lunes: Fiscal\u00eda y PDI investigan homicidio ocurrido en sector rural de Alto Ma\u00f1ihuales"},"content":{"rendered":"<div class=\"flex_column av_one_full  flex_column_div av-zero-column-padding first  avia-builder-el-0  el_before_av_one_full  avia-builder-el-first  \" style='border-radius:0px; '><div  class='avia-image-container  av-styling-    avia-builder-el-1  avia-builder-el-no-sibling  avia-align-center '  itemprop=\"image\" itemscope=\"itemscope\" itemtype=\"https:\/\/schema.org\/ImageObject\"  ><div class='avia-image-container-inner'><div class='avia-image-overlay-wrap'><img decoding=\"async\" class='wp-image-13990 avia-img-lazy-loading-not-13990 avia_image' src=\"https:\/\/radiorevelacionfm.cl\/wp-content\/uploads\/2022\/02\/pdi-ruta-1_optimized.jpg\" alt='' title='pdi-ruta-(1)_optimized' height=\"600\" width=\"1066\"  itemprop=\"thumbnailUrl\" srcset=\"https:\/\/radiorevelacionfm.cl\/wp-content\/uploads\/2022\/02\/pdi-ruta-1_optimized.jpg 1066w, https:\/\/radiorevelacionfm.cl\/wp-content\/uploads\/2022\/02\/pdi-ruta-1_optimized-300x169.jpg 300w, https:\/\/radiorevelacionfm.cl\/wp-content\/uploads\/2022\/02\/pdi-ruta-1_optimized-1030x580.jpg 1030w, https:\/\/radiorevelacionfm.cl\/wp-content\/uploads\/2022\/02\/pdi-ruta-1_optimized-768x432.jpg 768w, https:\/\/radiorevelacionfm.cl\/wp-content\/uploads\/2022\/02\/pdi-ruta-1_optimized-705x397.jpg 705w, https:\/\/radiorevelacionfm.cl\/wp-content\/uploads\/2022\/02\/pdi-ruta-1_optimized-600x338.jpg 600w\" sizes=\"(max-width: 1066px) 100vw, 1066px\" \/><\/div><\/div><\/div><\/div><div class=\"flex_column av_one_full  flex_column_div av-zero-column-padding first  avia-builder-el-2  el_after_av_one_full  el_before_av_one_full  column-top-margin\" style='border-radius:0px; '><section class=\"av_textblock_section \"  itemscope=\"itemscope\" itemtype=\"https:\/\/schema.org\/BlogPosting\" itemprop=\"blogPost\" ><div class='avia_textblock  '   itemprop=\"text\" ><p style=\"font-weight: 400; text-align: center;\"><span style=\"font-size: 18pt;\"><strong>Imputado de 70 a\u00f1os ser\u00e1 formalizado este lunes: Fiscal\u00eda y PDI investigan homicidio ocurrido en sector rural de Alto Ma\u00f1ihuales<\/strong><\/span><\/p>\n<div id=\"gtx-trans\" style=\"position: absolute; left: -50px; top: 4.31534px;\">\n<div class=\"gtx-trans-icon\"><\/div>\n<\/div>\n<\/div><\/section><\/div><div class=\"flex_column av_one_full  flex_column_div av-zero-column-padding first  avia-builder-el-4  el_after_av_one_full  el_before_av_hr  column-top-margin\" style='border-radius:0px; '><section class=\"av_textblock_section \"  itemscope=\"itemscope\" itemtype=\"https:\/\/schema.org\/BlogPosting\" itemprop=\"blogPost\" ><div class='avia_textblock  '   itemprop=\"text\" ><p style=\"font-weight: 400; text-align: justify;\">De acuerdo a los antecedentes en poder del Ministerio P\u00fablico, el delito se habr\u00eda producido luego de discrepancias relacionadas con la extracci\u00f3n de le\u00f1a.<\/p>\n<p style=\"font-weight: 400; text-align: justify;\">La Fiscal\u00eda Local de Coyhaique dirige una investigaci\u00f3n para determinar las causas y circunstancias de un homicidio registrado este s\u00e1bado en la ma\u00f1ana en un sector rural de Alto Ma\u00f1ihuales, en las inmediaciones de la minera El Toqui. En este caso hay un imputado de 70 a\u00f1os, quien fue detenido luego de entregarse voluntariamente a personal de Carabineros en el ret\u00e9n de Villa Ma\u00f1ihuales.<\/p>\n<p style=\"font-weight: 400; text-align: justify;\">Las diligencias del caso fueron solicitadas a la Brigada de Homicidios y al Laboratorio de Criminal\u00edstica de la Polic\u00eda de Investigaciones.<\/p>\n<p style=\"font-weight: 400; text-align: justify;\">La Fiscal Mar\u00eda In\u00e9s N\u00fa\u00f1ez, quien dirige la investigaci\u00f3n, concurri\u00f3 al sitio del suceso y tambi\u00e9n a la audiencia de control de la detenci\u00f3n efectuada este domingo a mediod\u00eda en el Juzgado de Garant\u00eda, donde la persecutora penal solicit\u00f3 la ampliaci\u00f3n de la detenci\u00f3n hasta ma\u00f1ana, debido a que se est\u00e1 a la espera del informe de autopsia efectuado por profesionales del Servicio M\u00e9dico Legal de Coyhaique.<\/p>\n<p style=\"font-weight: 400; text-align: justify;\">En principio y de acuerdo a los antecedentes en poder de la Fiscal\u00eda, el homicidio se habr\u00eda producido luego de discrepancias relacionadas con la extracci\u00f3n de le\u00f1a.<\/p>\n<p style=\"font-weight: 400; text-align: justify;\">La detenci\u00f3n del imputado qued\u00f3 ampliada hasta ma\u00f1ana lunes a la espera del informe de autopsia de la v\u00edctima, quien habr\u00eda recibido dos disparos con un arma de fuego. El imputado ser\u00e1 formalizado este lunes a las 11.00 de la ma\u00f1ana aproximadamente en el Juzgado de Garant\u00eda de Coyhaique por la fiscal Mar\u00eda In\u00e9s N\u00fa\u00f1ez.<\/p>\n<\/div><\/section><\/div><div  style='height:50px' class='hr hr-invisible   avia-builder-el-6  el_after_av_one_full  el_before_av_social_share '><span class='hr-inner ' ><span class='hr-inner-style'><\/span><\/span><\/div><\/p>\n<div  class='av-social-sharing-box  avia-builder-el-7  el_after_av_hr  el_before_av_hr  '><div class='av-share-box'><h5 class='av-share-link-description av-no-toc '>Compartir esta noticia<\/h5><ul class='av-share-box-list noLightbox'><li class='av-share-link av-social-link-facebook' ><a target=\"_blank\" aria-label=\"Compartir en Facebook\" href='https:\/\/www.facebook.com\/sharer.php?u=https:\/\/radiorevelacionfm.cl\/?p=51460&#038;t=Imputado%20de%2070%20a%C3%B1os%20ser%C3%A1%20formalizado%20este%20lunes%3A%20Fiscal%C3%ADa%20y%20PDI%20investigan%20homicidio%20ocurrido%20en%20sector%20rural%20de%20Alto%20Ma%C3%B1ihuales' aria-hidden='false' data-av_icon='\ue8f3' data-av_iconfont='entypo-fontello' title='' data-avia-related-tooltip='Compartir en Facebook' rel=\"noopener\"><span class='avia_hidden_link_text'>Compartir en Facebook<\/span><\/a><\/li><li class='av-share-link av-social-link-twitter' ><a target=\"_blank\" aria-label=\"Compartir en Twitter\" href='https:\/\/twitter.com\/share?text=Imputado%20de%2070%20a%C3%B1os%20ser%C3%A1%20formalizado%20este%20lunes%3A%20Fiscal%C3%ADa%20y%20PDI%20investigan%20homicidio%20ocurrido%20en%20sector%20rural%20de%20Alto%20Ma%C3%B1ihuales&#038;url=https:\/\/radiorevelacionfm.cl\/?p=51460' aria-hidden='false' data-av_icon='\ue8f1' data-av_iconfont='entypo-fontello' title='' data-avia-related-tooltip='Compartir en Twitter' rel=\"noopener\"><span class='avia_hidden_link_text'>Compartir en Twitter<\/span><\/a><\/li><li class='av-share-link av-social-link-whatsapp' ><a target=\"_blank\" aria-label=\"Compartir en Whatsapp\" href='https:\/\/api.whatsapp.com\/send?text=https:\/\/radiorevelacionfm.cl\/?p=51460' aria-hidden='false' data-av_icon='\uf232' data-av_iconfont='entypo-fontello' title='' data-avia-related-tooltip='Compartir en Whatsapp' rel=\"noopener\"><span class='avia_hidden_link_text'>Compartir en Whatsapp<\/span><\/a><\/li><li class='av-share-link av-social-link-linkedin' ><a target=\"_blank\" aria-label=\"Compartir en LinkedIn\" href='https:\/\/linkedin.com\/shareArticle?mini=true&#038;title=Imputado%20de%2070%20a%C3%B1os%20ser%C3%A1%20formalizado%20este%20lunes%3A%20Fiscal%C3%ADa%20y%20PDI%20investigan%20homicidio%20ocurrido%20en%20sector%20rural%20de%20Alto%20Ma%C3%B1ihuales&#038;url=https:\/\/radiorevelacionfm.cl\/?p=51460' aria-hidden='false' data-av_icon='\ue8fc' data-av_iconfont='entypo-fontello' title='' data-avia-related-tooltip='Compartir en LinkedIn' rel=\"noopener\"><span class='avia_hidden_link_text'>Compartir en LinkedIn<\/span><\/a><\/li><li class='av-share-link av-social-link-mail' ><a  aria-label=\"Compartir por correo\" href='mailto:?subject=Imputado%20de%2070%20a%C3%B1os%20ser%C3%A1%20formalizado%20este%20lunes%3A%20Fiscal%C3%ADa%20y%20PDI%20investigan%20homicidio%20ocurrido%20en%20sector%20rural%20de%20Alto%20Ma%C3%B1ihuales&#038;body=https:\/\/radiorevelacionfm.cl\/?p=51460' aria-hidden='false' data-av_icon='\ue805' data-av_iconfont='entypo-fontello' title='' data-avia-related-tooltip='Compartir por correo'><span class='avia_hidden_link_text'>Compartir por correo<\/span><\/a><\/li><\/ul><\/div><\/div>\n<div  style='height:50px' class='hr hr-invisible   avia-builder-el-8  el_after_av_social_share  el_before_av_comments_list '><span class='hr-inner ' ><span class='hr-inner-style'><\/span><\/span><\/div>\n<div  class='av-buildercomment  av-blog-meta-html-info-disabled av-blog-meta-tag-disabled  '><\/div>\n","protected":false},"excerpt":{"rendered":"","protected":false},"author":1,"featured_media":13990,"comment_status":"open","ping_status":"open","sticky":false,"template":"","format":"standard","meta":{"footnotes":""},"categories":[36],"tags":[],"class_list":["post-51460","post","type-post","status-publish","format-standard","has-post-thumbnail","hentry","category-policial"],"jetpack_featured_media_url":"https:\/\/radiorevelacionfm.cl\/wp-content\/uploads\/2022\/02\/pdi-ruta-1_optimized.jpg","_links":{"self":[{"href":"https:\/\/radiorevelacionfm.cl\/index.php?rest_route=\/wp\/v2\/posts\/51460","targetHints":{"allow":["GET"]}}],"collection":[{"href":"https:\/\/radiorevelacionfm.cl\/index.php?rest_route=\/wp\/v2\/posts"}],"about":[{"href":"https:\/\/radiorevelacionfm.cl\/index.php?rest_route=\/wp\/v2\/types\/post"}],"author":[{"embeddable":true,"href":"https:\/\/radiorevelacionfm.cl\/index.php?rest_route=\/wp\/v2\/users\/1"}],"replies":[{"embeddable":true,"href":"https:\/\/radiorevelacionfm.cl\/index.php?rest_route=%2Fwp%2Fv2%2Fcomments&post=51460"}],"version-history":[{"count":1,"href":"https:\/\/radiorevelacionfm.cl\/index.php?rest_route=\/wp\/v2\/posts\/51460\/revisions"}],"predecessor-version":[{"id":51461,"href":"https:\/\/radiorevelacionfm.cl\/index.php?rest_route=\/wp\/v2\/posts\/51460\/revisions\/51461"}],"wp:featuredmedia":[{"embeddable":true,"href":"https:\/\/radiorevelacionfm.cl\/index.php?rest_route=\/wp\/v2\/media\/13990"}],"wp:attachment":[{"href":"https:\/\/radiorevelacionfm.cl\/index.php?rest_route=%2Fwp%2Fv2%2Fmedia&parent=51460"}],"wp:term":[{"taxonomy":"category","embeddable":true,"href":"https:\/\/radiorevelacionfm.cl\/index.php?rest_route=%2Fwp%2Fv2%2Fcategories&post=51460"},{"taxonomy":"post_tag","embeddable":true,"href":"https:\/\/radiorevelacionfm.cl\/index.php?rest_route=%2Fwp%2Fv2%2Ftags&post=51460"}],"curies":[{"name":"wp","href":"https:\/\/api.w.org\/{rel}","templated":true}]}}