{"id":51454,"date":"2025-03-16T15:07:55","date_gmt":"2025-03-16T18:07:55","guid":{"rendered":"https:\/\/radiorevelacionfm.cl\/?p=51454"},"modified":"2025-03-16T15:07:55","modified_gmt":"2025-03-16T18:07:55","slug":"junaeb-inicia-entrega-de-utiles-escolares-para-estudiantes-de-la-region-de-aysen","status":"publish","type":"post","link":"https:\/\/radiorevelacionfm.cl\/?p=51454","title":{"rendered":"Junaeb inicia entrega de \u00fatiles escolares para estudiantes de la regi\u00f3n de Ays\u00e9n"},"content":{"rendered":"<div class=\"flex_column av_one_full  flex_column_div av-zero-column-padding first  avia-builder-el-0  el_before_av_one_full  avia-builder-el-first  \" style='border-radius:0px; '><div  class='avia-image-container  av-styling-    avia-builder-el-1  avia-builder-el-no-sibling  avia-align-center '  itemprop=\"image\" itemscope=\"itemscope\" itemtype=\"https:\/\/schema.org\/ImageObject\"  ><div class='avia-image-container-inner'><div class='avia-image-overlay-wrap'><img decoding=\"async\" class='wp-image-51455 avia-img-lazy-loading-not-51455 avia_image' src=\"https:\/\/radiorevelacionfm.cl\/wp-content\/uploads\/2025\/03\/pues-aysEn-general-1_optimized.jpeg\" alt='' title='pues-ays\u00c9n-general-(1)_optimized' height=\"600\" width=\"800\"  itemprop=\"thumbnailUrl\" srcset=\"https:\/\/radiorevelacionfm.cl\/wp-content\/uploads\/2025\/03\/pues-aysEn-general-1_optimized.jpeg 800w, https:\/\/radiorevelacionfm.cl\/wp-content\/uploads\/2025\/03\/pues-aysEn-general-1_optimized-300x225.jpeg 300w, https:\/\/radiorevelacionfm.cl\/wp-content\/uploads\/2025\/03\/pues-aysEn-general-1_optimized-768x576.jpeg 768w, https:\/\/radiorevelacionfm.cl\/wp-content\/uploads\/2025\/03\/pues-aysEn-general-1_optimized-705x529.jpeg 705w, https:\/\/radiorevelacionfm.cl\/wp-content\/uploads\/2025\/03\/pues-aysEn-general-1_optimized-450x338.jpeg 450w, https:\/\/radiorevelacionfm.cl\/wp-content\/uploads\/2025\/03\/pues-aysEn-general-1_optimized-600x450.jpeg 600w\" sizes=\"(max-width: 800px) 100vw, 800px\" \/><\/div><\/div><\/div><\/div><div class=\"flex_column av_one_full  flex_column_div av-zero-column-padding first  avia-builder-el-2  el_after_av_one_full  el_before_av_one_full  column-top-margin\" style='border-radius:0px; '><section class=\"av_textblock_section \"  itemscope=\"itemscope\" itemtype=\"https:\/\/schema.org\/BlogPosting\" itemprop=\"blogPost\" ><div class='avia_textblock  '   itemprop=\"text\" ><p style=\"text-align: center;\"><strong><span style=\"font-size: 18pt;\">Junaeb inicia entrega de \u00fatiles escolares para estudiantes de la regi\u00f3n de Ays\u00e9n<\/span><\/strong><\/p>\n<div id=\"gtx-trans\" style=\"position: absolute; left: -50px; top: 4.31534px;\">\n<div class=\"gtx-trans-icon\"><\/div>\n<\/div>\n<\/div><\/section><\/div><div class=\"flex_column av_one_full  flex_column_div av-zero-column-padding first  avia-builder-el-4  el_after_av_one_full  el_before_av_hr  column-top-margin\" style='border-radius:0px; '><section class=\"av_textblock_section \"  itemscope=\"itemscope\" itemtype=\"https:\/\/schema.org\/BlogPosting\" itemprop=\"blogPost\" ><div class='avia_textblock  '   itemprop=\"text\" ><p class=\"v1MsoNormal\" style=\"text-align: justify;\"><i>El programa entrega sets adaptados a los niveles de educaci\u00f3n parvularia, b\u00e1sica, media y de adultos, beneficiando a 17.230 estudiantes en toda la regi\u00f3n<\/i><\/p>\n<p class=\"v1MsoNormal\" style=\"text-align: justify;\">La escuela Litoral Austral de la comuna de Ays\u00e9n, fue el escenario de la entrega del Programa de \u00datiles Escolares Junaeb (PUE), actividad que cont\u00f3 con la presencia del Delegado Provincial Presidencial, Rodrigo Moreno Rivera; el Director Regional de JUNAEB, Manuel Vivar Aguila; y el Director de la Escuela, Carlos Alarc\u00f3n Carrillo. En la oportunidad se entregaron 389 set en la escuela Litoral Austral, un hito significativo y simb\u00f3lico para la regi\u00f3n, donde se est\u00e1n entregando set escolares para 17.230 estudiantes de distintos niveles educacionales.<\/p>\n<p class=\"v1MsoNormal\" style=\"text-align: justify;\">El periodo de distribuci\u00f3n en la regi\u00f3n comenz\u00f3 el pasado 24 de febrero en todas las escuelas y liceos, completando este proceso a mediados de Marzo. Considerando que los establecimientos tienen 10 d\u00edas para coordinar la entrega, se espera haber completado la entrega directa a los estudiantes durante el mes de Marzo, lo que ser\u00eda un hito muy relevante en cuanto a la oportunidad de entrega de este importante apoyo a los estudiantes y sus familias.<\/p>\n<p class=\"v1MsoNormal\" style=\"text-align: justify;\"><span lang=\"ES\">Las ni\u00f1as y ni\u00f1os de la Escuela Litoral Austral estaban muy contentos de recibir su material de apoyo. Es as\u00ed como el Director de Escuela Carlos Alarc\u00f3n, se\u00f1al\u00f3 que,\u00bb Siempre es importante que nuestras autoridades est\u00e9n con nosotros; que nuestras redes de apoyo como es el caso de Junaeb est\u00e9 junto a nosotros participando con los estudiantes en eventos de estas caracter\u00edsticas porque siempre hay un beneficio. Como para presentar requerimientos como as\u00ed tambi\u00e9n para recibir beneficios instalados, como lo que ocurre hoy como el set de \u00fatiles escolares que son necesarios, m\u00e1s sabiendo que nuestra escuela tiene un alto \u00edndice de vulnerabilidad, as\u00ed que\u00a0 muy contentos por ellos ya que va a ser un aporte significativo para la familias de la escuela Litoral Austral\u00bb.<\/span><\/p>\n<p class=\"v1MsoNormal\" style=\"text-align: justify;\"><span lang=\"ES\">Por otro lado, el Delegado Presidencial Provincial de Ays\u00e9n, Rodrigo Moreno Rivera, afirm\u00f3 que \u00abEstar cerca de nuestros ni\u00f1os y ni\u00f1as es siempre fundamental para ver sus sue\u00f1os, alentarlos a creer, a so\u00f1ar y a lograr materializar cada uno de sus objetivos. Es por aquello que con Junaeb realizamos la entrega de \u00fatiles escolares para la Escuela Litoral Austral, quienes gracias a este aporte logran iniciar un a\u00f1o con la compa\u00f1\u00eda del Gobierno a trav\u00e9s de las pol\u00edticas p\u00fablicas que cada d\u00eda mejoran en aportes de materiales, alimentaci\u00f3n y otros con la Junaeb. Sabemos que durante estos d\u00edas estamos completando el 100% de entregas de art\u00edculos escolares en toda nuestra provincia y regi\u00f3n; eso nos enorgullece, debido a que estamos ubicados en un lugar extremo, pero llegamos en marzo a recibir sonrisas de cada alumno y alumna por obtener en sus manos un aporte para su educaci\u00f3n\u00bb.<\/span><\/p>\n<p class=\"v1MsoNormal\" style=\"text-align: justify;\">\u00abCon el inicio de la entrega de manera oportuna y eficiente del Programa de \u00datiles Escolares, buscamos no s\u00f3lo fortalecer el acceso y permanencia en el sistema educativo, sino tambi\u00e9n aliviar la carga econ\u00f3mica de las familias, asegurando que cada estudiante comience el a\u00f1o escolar en igualdad de condiciones, lo que cobra especial relevancia en la regi\u00f3n de Ays\u00e9n, que cuenta con particulares condiciones de aislamiento\u00bb, agreg\u00f3 el Director Regional, Manuel Vivar, junto con agregar que este beneficio no requiere postulaci\u00f3n y que se entregar\u00e1 al 100% de establecimientos p\u00fablicos y de forma focalizada en particulares subvencionados.<\/p>\n<p class=\"v1MsoNormal\" style=\"text-align: justify;\">Los sets escolares incluyen cuadernos universitarios, cajas de l\u00e1pices de colores, reglas, goma de borrar, sacapuntas, entre otros art\u00edculos que var\u00edan seg\u00fan cada ciclo.\u00a0Los cuadernos incluyen contenidos educativos para los estudiantes, como tips de vida saludable, educaci\u00f3n vial, colaciones saludables, claves de la actividad f\u00edsica, autocuidado, salud mental y salud visual, entre otros.\u00a0\u00a0A nivel nacional el programa considera 25 millones de art\u00edculos que componen sets adaptados a los niveles de educaci\u00f3n parvularia, b\u00e1sica, media y de adultos, beneficiando a m\u00e1s de 2 millones de estudiantes en todo el pa\u00eds, con una inversi\u00f3n de $10.231 millones de\u00a0pesos.<\/p>\n<\/div><\/section><\/div><div  style='height:50px' class='hr hr-invisible   avia-builder-el-6  el_after_av_one_full  el_before_av_social_share '><span class='hr-inner ' ><span class='hr-inner-style'><\/span><\/span><\/div><\/p>\n<div  class='av-social-sharing-box  avia-builder-el-7  el_after_av_hr  el_before_av_hr  '><div class='av-share-box'><h5 class='av-share-link-description av-no-toc '>Compartir esta noticia<\/h5><ul class='av-share-box-list noLightbox'><li class='av-share-link av-social-link-facebook' ><a target=\"_blank\" aria-label=\"Compartir en Facebook\" href='https:\/\/www.facebook.com\/sharer.php?u=https:\/\/radiorevelacionfm.cl\/?p=51454&#038;t=Junaeb%20inicia%20entrega%20de%20%C3%BAtiles%20escolares%20para%20estudiantes%20de%20la%20regi%C3%B3n%20de%20Ays%C3%A9n' aria-hidden='false' data-av_icon='\ue8f3' data-av_iconfont='entypo-fontello' title='' data-avia-related-tooltip='Compartir en Facebook' rel=\"noopener\"><span class='avia_hidden_link_text'>Compartir en Facebook<\/span><\/a><\/li><li class='av-share-link av-social-link-twitter' ><a target=\"_blank\" aria-label=\"Compartir en Twitter\" href='https:\/\/twitter.com\/share?text=Junaeb%20inicia%20entrega%20de%20%C3%BAtiles%20escolares%20para%20estudiantes%20de%20la%20regi%C3%B3n%20de%20Ays%C3%A9n&#038;url=https:\/\/radiorevelacionfm.cl\/?p=51454' aria-hidden='false' data-av_icon='\ue8f1' data-av_iconfont='entypo-fontello' title='' data-avia-related-tooltip='Compartir en Twitter' rel=\"noopener\"><span class='avia_hidden_link_text'>Compartir en Twitter<\/span><\/a><\/li><li class='av-share-link av-social-link-whatsapp' ><a target=\"_blank\" aria-label=\"Compartir en Whatsapp\" href='https:\/\/api.whatsapp.com\/send?text=https:\/\/radiorevelacionfm.cl\/?p=51454' aria-hidden='false' data-av_icon='\uf232' data-av_iconfont='entypo-fontello' title='' data-avia-related-tooltip='Compartir en Whatsapp' rel=\"noopener\"><span class='avia_hidden_link_text'>Compartir en Whatsapp<\/span><\/a><\/li><li class='av-share-link av-social-link-linkedin' ><a target=\"_blank\" aria-label=\"Compartir en LinkedIn\" href='https:\/\/linkedin.com\/shareArticle?mini=true&#038;title=Junaeb%20inicia%20entrega%20de%20%C3%BAtiles%20escolares%20para%20estudiantes%20de%20la%20regi%C3%B3n%20de%20Ays%C3%A9n&#038;url=https:\/\/radiorevelacionfm.cl\/?p=51454' aria-hidden='false' data-av_icon='\ue8fc' data-av_iconfont='entypo-fontello' title='' data-avia-related-tooltip='Compartir en LinkedIn' rel=\"noopener\"><span class='avia_hidden_link_text'>Compartir en LinkedIn<\/span><\/a><\/li><li class='av-share-link av-social-link-mail' ><a  aria-label=\"Compartir por correo\" href='mailto:?subject=Junaeb%20inicia%20entrega%20de%20%C3%BAtiles%20escolares%20para%20estudiantes%20de%20la%20regi%C3%B3n%20de%20Ays%C3%A9n&#038;body=https:\/\/radiorevelacionfm.cl\/?p=51454' aria-hidden='false' data-av_icon='\ue805' data-av_iconfont='entypo-fontello' title='' data-avia-related-tooltip='Compartir por correo'><span class='avia_hidden_link_text'>Compartir por correo<\/span><\/a><\/li><\/ul><\/div><\/div>\n<div  style='height:50px' class='hr hr-invisible   avia-builder-el-8  el_after_av_social_share  el_before_av_comments_list '><span class='hr-inner ' ><span class='hr-inner-style'><\/span><\/span><\/div>\n<div  class='av-buildercomment  av-blog-meta-html-info-disabled av-blog-meta-tag-disabled  '><\/div>\n","protected":false},"excerpt":{"rendered":"","protected":false},"author":1,"featured_media":51455,"comment_status":"open","ping_status":"open","sticky":false,"template":"","format":"standard","meta":{"footnotes":""},"categories":[49],"tags":[],"class_list":["post-51454","post","type-post","status-publish","format-standard","has-post-thumbnail","hentry","category-educacion"],"jetpack_featured_media_url":"https:\/\/radiorevelacionfm.cl\/wp-content\/uploads\/2025\/03\/pues-aysEn-general-1_optimized.jpeg","_links":{"self":[{"href":"https:\/\/radiorevelacionfm.cl\/index.php?rest_route=\/wp\/v2\/posts\/51454","targetHints":{"allow":["GET"]}}],"collection":[{"href":"https:\/\/radiorevelacionfm.cl\/index.php?rest_route=\/wp\/v2\/posts"}],"about":[{"href":"https:\/\/radiorevelacionfm.cl\/index.php?rest_route=\/wp\/v2\/types\/post"}],"author":[{"embeddable":true,"href":"https:\/\/radiorevelacionfm.cl\/index.php?rest_route=\/wp\/v2\/users\/1"}],"replies":[{"embeddable":true,"href":"https:\/\/radiorevelacionfm.cl\/index.php?rest_route=%2Fwp%2Fv2%2Fcomments&post=51454"}],"version-history":[{"count":1,"href":"https:\/\/radiorevelacionfm.cl\/index.php?rest_route=\/wp\/v2\/posts\/51454\/revisions"}],"predecessor-version":[{"id":51456,"href":"https:\/\/radiorevelacionfm.cl\/index.php?rest_route=\/wp\/v2\/posts\/51454\/revisions\/51456"}],"wp:featuredmedia":[{"embeddable":true,"href":"https:\/\/radiorevelacionfm.cl\/index.php?rest_route=\/wp\/v2\/media\/51455"}],"wp:attachment":[{"href":"https:\/\/radiorevelacionfm.cl\/index.php?rest_route=%2Fwp%2Fv2%2Fmedia&parent=51454"}],"wp:term":[{"taxonomy":"category","embeddable":true,"href":"https:\/\/radiorevelacionfm.cl\/index.php?rest_route=%2Fwp%2Fv2%2Fcategories&post=51454"},{"taxonomy":"post_tag","embeddable":true,"href":"https:\/\/radiorevelacionfm.cl\/index.php?rest_route=%2Fwp%2Fv2%2Ftags&post=51454"}],"curies":[{"name":"wp","href":"https:\/\/api.w.org\/{rel}","templated":true}]}}