{"id":51447,"date":"2025-03-15T11:29:46","date_gmt":"2025-03-15T14:29:46","guid":{"rendered":"https:\/\/radiorevelacionfm.cl\/?p=51447"},"modified":"2025-03-15T11:29:46","modified_gmt":"2025-03-15T14:29:46","slug":"dan-inicio-al-ano-de-educacion-parvularia-2025-en-la-region-de-aysen","status":"publish","type":"post","link":"https:\/\/radiorevelacionfm.cl\/?p=51447","title":{"rendered":"Dan inicio al a\u00f1o de Educaci\u00f3n Parvularia 2025 en la regi\u00f3n de Ays\u00e9n"},"content":{"rendered":"<div class=\"flex_column av_one_full  flex_column_div av-zero-column-padding first  avia-builder-el-0  el_before_av_one_full  avia-builder-el-first  \" style='border-radius:0px; '><div  class='avia-image-container  av-styling-    avia-builder-el-1  avia-builder-el-no-sibling  avia-align-center '  itemprop=\"image\" itemscope=\"itemscope\" itemtype=\"https:\/\/schema.org\/ImageObject\"  ><div class='avia-image-container-inner'><div class='avia-image-overlay-wrap'><img decoding=\"async\" class='wp-image-51448 avia-img-lazy-loading-not-51448 avia_image' src=\"https:\/\/radiorevelacionfm.cl\/wp-content\/uploads\/2025\/03\/img_4737-1_optimized.jpg\" alt='' title='img_4737-(1)_optimized' height=\"600\" width=\"1067\"  itemprop=\"thumbnailUrl\" srcset=\"https:\/\/radiorevelacionfm.cl\/wp-content\/uploads\/2025\/03\/img_4737-1_optimized.jpg 1067w, https:\/\/radiorevelacionfm.cl\/wp-content\/uploads\/2025\/03\/img_4737-1_optimized-300x169.jpg 300w, https:\/\/radiorevelacionfm.cl\/wp-content\/uploads\/2025\/03\/img_4737-1_optimized-1030x579.jpg 1030w, https:\/\/radiorevelacionfm.cl\/wp-content\/uploads\/2025\/03\/img_4737-1_optimized-768x432.jpg 768w, https:\/\/radiorevelacionfm.cl\/wp-content\/uploads\/2025\/03\/img_4737-1_optimized-705x396.jpg 705w, https:\/\/radiorevelacionfm.cl\/wp-content\/uploads\/2025\/03\/img_4737-1_optimized-450x253.jpg 450w, https:\/\/radiorevelacionfm.cl\/wp-content\/uploads\/2025\/03\/img_4737-1_optimized-600x337.jpg 600w\" sizes=\"(max-width: 1067px) 100vw, 1067px\" \/><\/div><\/div><\/div><\/div><div class=\"flex_column av_one_full  flex_column_div av-zero-column-padding first  avia-builder-el-2  el_after_av_one_full  el_before_av_one_full  column-top-margin\" style='border-radius:0px; '><section class=\"av_textblock_section \"  itemscope=\"itemscope\" itemtype=\"https:\/\/schema.org\/BlogPosting\" itemprop=\"blogPost\" ><div class='avia_textblock  '   itemprop=\"text\" ><p style=\"text-align: center;\"><strong><span style=\"font-size: 18pt;\">Dan inicio al a\u00f1o de Educaci\u00f3n Parvularia 2025 en la regi\u00f3n de Ays\u00e9n<\/span><\/strong><\/p>\n<div id=\"gtx-trans\" style=\"position: absolute; left: -50px; top: 4.31534px;\">\n<div class=\"gtx-trans-icon\"><\/div>\n<\/div>\n<\/div><\/section><\/div><div class=\"flex_column av_one_full  flex_column_div av-zero-column-padding first  avia-builder-el-4  el_after_av_one_full  el_before_av_hr  column-top-margin\" style='border-radius:0px; '><section class=\"av_textblock_section \"  itemscope=\"itemscope\" itemtype=\"https:\/\/schema.org\/BlogPosting\" itemprop=\"blogPost\" ><div class='avia_textblock  '   itemprop=\"text\" ><p style=\"text-align: justify;\"><em>Se espera que este a\u00f1o sea tan beneficioso en t\u00e9rminos de asistencia como lo fue el 2024, donde aument\u00f3 6,9% en promedio, respecto a lo observado el a\u00f1o anterior.<\/em><\/p>\n<p style=\"text-align: justify;\">Justamente para motivar a las familias, reconociendo la importancia que tiene el asistir permanentemente al jard\u00edn infantil fue que se realiz\u00f3 este hito de bienvenida 2025. Un acto que se desarroll\u00f3 en el establecimiento Gabriela Mistral de Junji en Coyhaique, en una emotiva ceremonia que tuvo como protagonistas a ni\u00f1os y ni\u00f1as, quienes invitaron a las autoridades presentes a ser parte de una actividad f\u00edsica que propicia el desarrollo psicomotor, tambi\u00e9n a comer frutas y dar un paseo por el precioso bosque Miyawaki que tiene la comunidad educativa en el patio exterior.<\/p>\n<p style=\"text-align: justify;\">Fue el Gobernador Regional de Ays\u00e9n quien con mucho entusiasmo quiso invitar a las familias a llevar a sus ni\u00f1os y ni\u00f1as al jard\u00edn infantil, destacado la trascendencia de este proceso: \u201cHoy participamos de este hito tan importante, en el jard\u00edn infantil Gabriela Mistral, estamos muy felices de haber participado porque hemos visto el compromiso de las familias de enviar a sus hijos al jard\u00edn infantil. Es en este proceso de la educaci\u00f3n en primera infancia en el que hay que preocuparse mucho que nuestros ni\u00f1os pueden ir a su jard\u00edn infantil, que completen los procesos de estimulaci\u00f3n temprana que benefician su desarrollo, as\u00ed es que todos invitados a ir al jard\u00edn infantil\u201d se\u00f1al\u00f3 Marcelo Santana Vargas.<\/p>\n<p style=\"text-align: justify;\">Respecto de la importancia de poder celebrar el comienzo de las actividades lectivas, el director regional de Junji, Juan Eduardo Lorca Valdivia se\u00f1al\u00f3: \u201cEste es un hito que hacemos de manera articulada tanto con Fundaci\u00f3n Integra, SLEP y Mineduc, acompa\u00f1ados por todas nuestras autoridades. Es tambi\u00e9n un llamado a las familias a que podamos tener procesos de asistencia permanente y regular, es fundamental para que podamos tener y asegurar procesos integrales de educaci\u00f3n de calidad, pero tambi\u00e9n de convivencia sana y positiva\u201d dijo.<\/p>\n<p style=\"text-align: justify;\">La familiarizaci\u00f3n implica el compromiso de los adultos como garantes de derechos y responsables del acompa\u00f1amiento en la transici\u00f3n de ni\u00f1os y ni\u00f1as. Esto requiere un trabajo colaborativo entre equipos educativos y familias, generando estrategias que fortalezcan la continuidad entre el hogar y el centro educativo, favoreciendo as\u00ed el bienestar emocional, la confianza y la participaci\u00f3n en este proceso.<\/p>\n<p style=\"text-align: justify;\">\u201cLos aprendizajes que se adquieren en la educaci\u00f3n inicial son los que se mantienen a lo largo de nuestra vida. Es determinante c\u00f3mo se va a comportar en cuanto a h\u00e1bitos de trabajo, h\u00e1bitos de horario ese p\u00e1rvulo y esa familia, podemos nosotros proyectar o c\u00f3mo va a ser la trayectoria educativa, porque muy probablemente ese ni\u00f1o o ni\u00f1a que hoy pide ir al jard\u00edn despu\u00e9s pida ir a la escuela, despu\u00e9s no tenga muchos problemas para llegar a ense\u00f1anza media, para levantarse temprano y poder recibir entonces los aprendizajes que se espera\u201d destac\u00f3 Michelle Grondona Manac\u00e1, Jefa del Departamento Provincial de Educaci\u00f3n de Ays\u00e9n.<\/p>\n<p style=\"text-align: justify;\">Por su parte Leticia Araya Norambuena, directora regional de Integra dijo: \u201cEs s\u00faper importante que las instituciones de la red p\u00fablica de infancia tengan esta posibilidad de generar estos espacios donde mostramos la importancia de la educaci\u00f3n parvularia, es importante que los ni\u00f1os y las ni\u00f1as vengan al jard\u00edn infantil todos los d\u00edas, es en estos contextos donde aprende, donde juegan\u201d, enfatiz\u00f3.<\/p>\n<p style=\"text-align: justify;\">En materia de revinculaci\u00f3n y asistencia, el a\u00f1o 2024 dej\u00f3 buenas noticias, con un alza de la asistencia de ni\u00f1as y ni\u00f1os. De acuerdo con datos del per\u00edodo marzo-noviembre, la tasa de asistencia anual promedio a la Educaci\u00f3n Parvularia fue de un 76,4%, lo que representa un aumento de 6,9 puntos porcentuales promedio respecto a lo observado el a\u00f1o anterior, y representa los mejores niveles desde la pandemia.<\/p>\n<\/div><\/section><\/div><div  style='height:50px' class='hr hr-invisible   avia-builder-el-6  el_after_av_one_full  el_before_av_social_share '><span class='hr-inner ' ><span class='hr-inner-style'><\/span><\/span><\/div><\/p>\n<div  class='av-social-sharing-box  avia-builder-el-7  el_after_av_hr  el_before_av_hr  '><div class='av-share-box'><h5 class='av-share-link-description av-no-toc '>Compartir esta noticia<\/h5><ul class='av-share-box-list noLightbox'><li class='av-share-link av-social-link-facebook' ><a target=\"_blank\" aria-label=\"Compartir en Facebook\" href='https:\/\/www.facebook.com\/sharer.php?u=https:\/\/radiorevelacionfm.cl\/?p=51447&#038;t=Dan%20inicio%20al%20a%C3%B1o%20de%20Educaci%C3%B3n%20Parvularia%202025%20en%20la%20regi%C3%B3n%20de%20Ays%C3%A9n' aria-hidden='false' data-av_icon='\ue8f3' data-av_iconfont='entypo-fontello' title='' data-avia-related-tooltip='Compartir en Facebook' rel=\"noopener\"><span class='avia_hidden_link_text'>Compartir en Facebook<\/span><\/a><\/li><li class='av-share-link av-social-link-twitter' ><a target=\"_blank\" aria-label=\"Compartir en Twitter\" href='https:\/\/twitter.com\/share?text=Dan%20inicio%20al%20a%C3%B1o%20de%20Educaci%C3%B3n%20Parvularia%202025%20en%20la%20regi%C3%B3n%20de%20Ays%C3%A9n&#038;url=https:\/\/radiorevelacionfm.cl\/?p=51447' aria-hidden='false' data-av_icon='\ue8f1' data-av_iconfont='entypo-fontello' title='' data-avia-related-tooltip='Compartir en Twitter' rel=\"noopener\"><span class='avia_hidden_link_text'>Compartir en Twitter<\/span><\/a><\/li><li class='av-share-link av-social-link-whatsapp' ><a target=\"_blank\" aria-label=\"Compartir en Whatsapp\" href='https:\/\/api.whatsapp.com\/send?text=https:\/\/radiorevelacionfm.cl\/?p=51447' aria-hidden='false' data-av_icon='\uf232' data-av_iconfont='entypo-fontello' title='' data-avia-related-tooltip='Compartir en Whatsapp' rel=\"noopener\"><span class='avia_hidden_link_text'>Compartir en Whatsapp<\/span><\/a><\/li><li class='av-share-link av-social-link-linkedin' ><a target=\"_blank\" aria-label=\"Compartir en LinkedIn\" href='https:\/\/linkedin.com\/shareArticle?mini=true&#038;title=Dan%20inicio%20al%20a%C3%B1o%20de%20Educaci%C3%B3n%20Parvularia%202025%20en%20la%20regi%C3%B3n%20de%20Ays%C3%A9n&#038;url=https:\/\/radiorevelacionfm.cl\/?p=51447' aria-hidden='false' data-av_icon='\ue8fc' data-av_iconfont='entypo-fontello' title='' data-avia-related-tooltip='Compartir en LinkedIn' rel=\"noopener\"><span class='avia_hidden_link_text'>Compartir en LinkedIn<\/span><\/a><\/li><li class='av-share-link av-social-link-mail' ><a  aria-label=\"Compartir por correo\" href='mailto:?subject=Dan%20inicio%20al%20a%C3%B1o%20de%20Educaci%C3%B3n%20Parvularia%202025%20en%20la%20regi%C3%B3n%20de%20Ays%C3%A9n&#038;body=https:\/\/radiorevelacionfm.cl\/?p=51447' aria-hidden='false' data-av_icon='\ue805' data-av_iconfont='entypo-fontello' title='' data-avia-related-tooltip='Compartir por correo'><span class='avia_hidden_link_text'>Compartir por correo<\/span><\/a><\/li><\/ul><\/div><\/div>\n<div  style='height:50px' class='hr hr-invisible   avia-builder-el-8  el_after_av_social_share  el_before_av_comments_list '><span class='hr-inner ' ><span class='hr-inner-style'><\/span><\/span><\/div>\n<div  class='av-buildercomment  av-blog-meta-html-info-disabled av-blog-meta-tag-disabled  '><\/div>\n","protected":false},"excerpt":{"rendered":"","protected":false},"author":1,"featured_media":51448,"comment_status":"open","ping_status":"open","sticky":false,"template":"","format":"standard","meta":{"footnotes":""},"categories":[49],"tags":[],"class_list":["post-51447","post","type-post","status-publish","format-standard","has-post-thumbnail","hentry","category-educacion"],"jetpack_featured_media_url":"https:\/\/radiorevelacionfm.cl\/wp-content\/uploads\/2025\/03\/img_4737-1_optimized.jpg","_links":{"self":[{"href":"https:\/\/radiorevelacionfm.cl\/index.php?rest_route=\/wp\/v2\/posts\/51447","targetHints":{"allow":["GET"]}}],"collection":[{"href":"https:\/\/radiorevelacionfm.cl\/index.php?rest_route=\/wp\/v2\/posts"}],"about":[{"href":"https:\/\/radiorevelacionfm.cl\/index.php?rest_route=\/wp\/v2\/types\/post"}],"author":[{"embeddable":true,"href":"https:\/\/radiorevelacionfm.cl\/index.php?rest_route=\/wp\/v2\/users\/1"}],"replies":[{"embeddable":true,"href":"https:\/\/radiorevelacionfm.cl\/index.php?rest_route=%2Fwp%2Fv2%2Fcomments&post=51447"}],"version-history":[{"count":1,"href":"https:\/\/radiorevelacionfm.cl\/index.php?rest_route=\/wp\/v2\/posts\/51447\/revisions"}],"predecessor-version":[{"id":51449,"href":"https:\/\/radiorevelacionfm.cl\/index.php?rest_route=\/wp\/v2\/posts\/51447\/revisions\/51449"}],"wp:featuredmedia":[{"embeddable":true,"href":"https:\/\/radiorevelacionfm.cl\/index.php?rest_route=\/wp\/v2\/media\/51448"}],"wp:attachment":[{"href":"https:\/\/radiorevelacionfm.cl\/index.php?rest_route=%2Fwp%2Fv2%2Fmedia&parent=51447"}],"wp:term":[{"taxonomy":"category","embeddable":true,"href":"https:\/\/radiorevelacionfm.cl\/index.php?rest_route=%2Fwp%2Fv2%2Fcategories&post=51447"},{"taxonomy":"post_tag","embeddable":true,"href":"https:\/\/radiorevelacionfm.cl\/index.php?rest_route=%2Fwp%2Fv2%2Ftags&post=51447"}],"curies":[{"name":"wp","href":"https:\/\/api.w.org\/{rel}","templated":true}]}}