{"id":5144,"date":"2021-06-11T10:39:58","date_gmt":"2021-06-11T13:39:58","guid":{"rendered":"https:\/\/radiorevelacionfm.cl\/?p=5144"},"modified":"2021-06-11T10:39:58","modified_gmt":"2021-06-11T13:39:58","slug":"corporacion-cultural-presentara-lectura-dramatizada-de-la-obra-como-onvre","status":"publish","type":"post","link":"https:\/\/radiorevelacionfm.cl\/?p=5144","title":{"rendered":"Corporaci\u00f3n Cultural presentar\u00e1 lectura dramatizada de la obra \u201cComo Onvre\u201d"},"content":{"rendered":"<div class=\"flex_column av_one_full  flex_column_div av-zero-column-padding first  avia-builder-el-0  el_before_av_one_full  avia-builder-el-first  \" style='border-radius:0px; '><div  class='avia-image-container  av-styling-    avia-builder-el-1  avia-builder-el-no-sibling  avia-align-center '  itemprop=\"image\" itemscope=\"itemscope\" itemtype=\"https:\/\/schema.org\/ImageObject\"  ><div class='avia-image-container-inner'><div class='avia-image-overlay-wrap'><img decoding=\"async\" class='wp-image-0 avia-img-lazy-loading-not-0 avia_image' src=\"https:\/\/radiorevelacionfm.cl\/wp-content\/uploads\/2021\/06\/Coyhaique-12-de-junio-historia1-1-1.jpg\" alt='' title=''   itemprop=\"thumbnailUrl\"  \/><\/div><\/div><\/div><\/div><div class=\"flex_column av_one_full  flex_column_div av-zero-column-padding first  avia-builder-el-2  el_after_av_one_full  el_before_av_one_full  column-top-margin\" style='border-radius:0px; '><section class=\"av_textblock_section \"  itemscope=\"itemscope\" itemtype=\"https:\/\/schema.org\/BlogPosting\" itemprop=\"blogPost\" ><div class='avia_textblock  '   itemprop=\"text\" ><p style=\"text-align: center;\"><strong><span style=\"font-size: 18pt;\">Corporaci\u00f3n Cultural presentar\u00e1 lectura dramatizada de la obra \u201cComo Onvre\u201d<\/span><\/strong><\/p>\n<div id=\"gtx-trans\" style=\"position: absolute; left: -50px; top: 4.31534px;\">\n<div class=\"gtx-trans-icon\"><\/div>\n<\/div>\n<\/div><\/section><\/div><div class=\"flex_column av_one_full  flex_column_div av-zero-column-padding first  avia-builder-el-4  el_after_av_one_full  el_before_av_hr  column-top-margin\" style='border-radius:0px; '><section class=\"av_textblock_section \"  itemscope=\"itemscope\" itemtype=\"https:\/\/schema.org\/BlogPosting\" itemprop=\"blogPost\" ><div class='avia_textblock  '   itemprop=\"text\" ><p style=\"text-align: justify;\">Este s\u00e1bado 12 de mayo a las 20:00 horas se presentar\u00e1 a trav\u00e9s del facebook de la Corporaci\u00f3n Cultural de Coyhaique (@CentroCulturalCoyhaique) la lectura dramatizada \u201cComo Onvre\u201d de la compa\u00f1\u00eda Descolgados Teatro parte de la Red Territorio Teatral, la que ser\u00e1 difundida gracias al financiamiento del\u00a0Programa de Apoyo a Organizaciones Culturales Colaboradoras (PAOCC) del Ministerio de las Culturas, las Artes y el Patrimonio.<\/p>\n<p style=\"text-align: justify;\">Esto lo valor\u00f3 el director de la Red Territorio Teatral, Fernando Araneda, quien se\u00f1al\u00f3 que la circulaci\u00f3n de esta obra \u201ctambi\u00e9n es el resultado de las nuevas alianzas desarrolladas por la Red Territorio Teatral, las que este 2021 permitieron ampliar el proyecto desde la regi\u00f3n de Los Lagos hasta Ays\u00e9n y Magallanes, por lo que estamos felices con la cobertura territorial del proyecto\u201d.<\/p>\n<p style=\"text-align: justify;\">Por su parte, el\u00a0 director de la Corporaci\u00f3n Cultural Municipal de Coyhaique, Camilo Guti\u00e9rrez, indic\u00f3 que desde el inicio de esta pandemia \u201chemos generado una serie de alianzas con iniciativas y corporaciones culturales a los largo de nuestro pa\u00eds con el objetivo de poder generar y proporcionar a la comunidad coyhaiquina una programaci\u00f3n de calidad y diversa en materia cultural y en ese sentido, este s\u00e1bado junto a Territorio Teatral podremos disfrutar de la lectura dramatizada \u201cComo Onvre\u201d, producto de este trabajo colaborativo\u201d<\/p>\n<p style=\"text-align: justify;\">En esa l\u00ednea, Guti\u00e9rrez a\u00f1adi\u00f3 que \u201cpara nosotros, es sumamente importante el establecer estas alianzas con iniciativas culturales, particularmente con aquellas de regiones con las cuales nos identificamos y compartimos identidad cultural en el sur de Chile, por lo que estamos muy satisfechos y esperamos nos puedan acompa\u00f1ar este s\u00e1bado con esta obra que ser\u00e1 transmitida a trav\u00e9s del Facebook de la Corporaci\u00f3n Cultural Municipal de Coyhaique @CentroCulturalCoy a las 20:00 horas\u201d.<\/p>\n<p style=\"text-align: justify;\">\u201cComo Onvre\u201d es una lectura dramatizada basada en la historia de una familia que ve truncada su relaci\u00f3n por la visi\u00f3n que cada uno tiene de la homosexualidad, la que con la presencia de un hijo gay, \u00a0transita entre el amor de una madre, la curiosidad de una media hermana y el desprecio de un padre, quien har\u00eda lo que sea porque su hijo se comporte acorde al concepto que \u00e9l y la sociedad tienen de ser hombre.<\/p>\n<\/div><\/section><\/div><div  style='height:50px' class='hr hr-invisible   avia-builder-el-6  el_after_av_one_full  el_before_av_social_share '><span class='hr-inner ' ><span class='hr-inner-style'><\/span><\/span><\/div><\/p>\n<div  class='av-social-sharing-box  avia-builder-el-7  el_after_av_hr  el_before_av_hr  '><div class='av-share-box'><h5 class='av-share-link-description av-no-toc '>Compartir esta noticia<\/h5><ul class='av-share-box-list noLightbox'><li class='av-share-link av-social-link-facebook' ><a target=\"_blank\" aria-label=\"Compartir en Facebook\" href='https:\/\/www.facebook.com\/sharer.php?u=https:\/\/radiorevelacionfm.cl\/?p=5144&#038;t=Corporaci%C3%B3n%20Cultural%20presentar%C3%A1%20lectura%20dramatizada%20de%20la%20obra%20%E2%80%9CComo%20Onvre%E2%80%9D' aria-hidden='false' data-av_icon='\ue8f3' data-av_iconfont='entypo-fontello' title='' data-avia-related-tooltip='Compartir en Facebook' rel=\"noopener\"><span class='avia_hidden_link_text'>Compartir en Facebook<\/span><\/a><\/li><li class='av-share-link av-social-link-twitter' ><a target=\"_blank\" aria-label=\"Compartir en Twitter\" href='https:\/\/twitter.com\/share?text=Corporaci%C3%B3n%20Cultural%20presentar%C3%A1%20lectura%20dramatizada%20de%20la%20obra%20%E2%80%9CComo%20Onvre%E2%80%9D&#038;url=https:\/\/radiorevelacionfm.cl\/?p=5144' aria-hidden='false' data-av_icon='\ue8f1' data-av_iconfont='entypo-fontello' title='' data-avia-related-tooltip='Compartir en Twitter' rel=\"noopener\"><span class='avia_hidden_link_text'>Compartir en Twitter<\/span><\/a><\/li><li class='av-share-link av-social-link-whatsapp' ><a target=\"_blank\" aria-label=\"Compartir en Whatsapp\" href='https:\/\/api.whatsapp.com\/send?text=https:\/\/radiorevelacionfm.cl\/?p=5144' aria-hidden='false' data-av_icon='\uf232' data-av_iconfont='entypo-fontello' title='' data-avia-related-tooltip='Compartir en Whatsapp' rel=\"noopener\"><span class='avia_hidden_link_text'>Compartir en Whatsapp<\/span><\/a><\/li><li class='av-share-link av-social-link-linkedin' ><a target=\"_blank\" aria-label=\"Compartir en LinkedIn\" href='https:\/\/linkedin.com\/shareArticle?mini=true&#038;title=Corporaci%C3%B3n%20Cultural%20presentar%C3%A1%20lectura%20dramatizada%20de%20la%20obra%20%E2%80%9CComo%20Onvre%E2%80%9D&#038;url=https:\/\/radiorevelacionfm.cl\/?p=5144' aria-hidden='false' data-av_icon='\ue8fc' data-av_iconfont='entypo-fontello' title='' data-avia-related-tooltip='Compartir en LinkedIn' rel=\"noopener\"><span class='avia_hidden_link_text'>Compartir en LinkedIn<\/span><\/a><\/li><li class='av-share-link av-social-link-mail' ><a  aria-label=\"Compartir por correo\" href='mailto:?subject=Corporaci%C3%B3n%20Cultural%20presentar%C3%A1%20lectura%20dramatizada%20de%20la%20obra%20%E2%80%9CComo%20Onvre%E2%80%9D&#038;body=https:\/\/radiorevelacionfm.cl\/?p=5144' aria-hidden='false' data-av_icon='\ue805' data-av_iconfont='entypo-fontello' title='' data-avia-related-tooltip='Compartir por correo'><span class='avia_hidden_link_text'>Compartir por correo<\/span><\/a><\/li><\/ul><\/div><\/div>\n<div  style='height:50px' class='hr hr-invisible   avia-builder-el-8  el_after_av_social_share  el_before_av_comments_list '><span class='hr-inner ' ><span class='hr-inner-style'><\/span><\/span><\/div>\n<div  class='av-buildercomment  av-blog-meta-html-info-disabled av-blog-meta-tag-disabled  '><\/div>\n","protected":false},"excerpt":{"rendered":"","protected":false},"author":1,"featured_media":0,"comment_status":"open","ping_status":"open","sticky":false,"template":"","format":"standard","meta":{"footnotes":""},"categories":[52],"tags":[],"class_list":["post-5144","post","type-post","status-publish","format-standard","hentry","category-cultura"],"jetpack_featured_media_url":"","_links":{"self":[{"href":"https:\/\/radiorevelacionfm.cl\/index.php?rest_route=\/wp\/v2\/posts\/5144","targetHints":{"allow":["GET"]}}],"collection":[{"href":"https:\/\/radiorevelacionfm.cl\/index.php?rest_route=\/wp\/v2\/posts"}],"about":[{"href":"https:\/\/radiorevelacionfm.cl\/index.php?rest_route=\/wp\/v2\/types\/post"}],"author":[{"embeddable":true,"href":"https:\/\/radiorevelacionfm.cl\/index.php?rest_route=\/wp\/v2\/users\/1"}],"replies":[{"embeddable":true,"href":"https:\/\/radiorevelacionfm.cl\/index.php?rest_route=%2Fwp%2Fv2%2Fcomments&post=5144"}],"version-history":[{"count":1,"href":"https:\/\/radiorevelacionfm.cl\/index.php?rest_route=\/wp\/v2\/posts\/5144\/revisions"}],"predecessor-version":[{"id":5146,"href":"https:\/\/radiorevelacionfm.cl\/index.php?rest_route=\/wp\/v2\/posts\/5144\/revisions\/5146"}],"wp:attachment":[{"href":"https:\/\/radiorevelacionfm.cl\/index.php?rest_route=%2Fwp%2Fv2%2Fmedia&parent=5144"}],"wp:term":[{"taxonomy":"category","embeddable":true,"href":"https:\/\/radiorevelacionfm.cl\/index.php?rest_route=%2Fwp%2Fv2%2Fcategories&post=5144"},{"taxonomy":"post_tag","embeddable":true,"href":"https:\/\/radiorevelacionfm.cl\/index.php?rest_route=%2Fwp%2Fv2%2Ftags&post=5144"}],"curies":[{"name":"wp","href":"https:\/\/api.w.org\/{rel}","templated":true}]}}