{"id":51435,"date":"2025-03-16T20:15:36","date_gmt":"2025-03-16T23:15:36","guid":{"rendered":"https:\/\/radiorevelacionfm.cl\/?p=51435"},"modified":"2025-03-16T20:15:36","modified_gmt":"2025-03-16T23:15:36","slug":"estos-son-los-cursos-gratuitos-que-ofrece-sence-en-la-region-de-aysen","status":"publish","type":"post","link":"https:\/\/radiorevelacionfm.cl\/?p=51435","title":{"rendered":"Estos son los cursos gratuitos que ofrece Sence en la regi\u00f3n de Ays\u00e9n"},"content":{"rendered":"<div class=\"flex_column av_one_full  flex_column_div av-zero-column-padding first  avia-builder-el-0  el_before_av_one_full  avia-builder-el-first  \" style='border-radius:0px; '><div  class='avia-image-container  av-styling-    avia-builder-el-1  avia-builder-el-no-sibling  avia-align-center '  itemprop=\"image\" itemscope=\"itemscope\" itemtype=\"https:\/\/schema.org\/ImageObject\"  ><div class='avia-image-container-inner'><div class='avia-image-overlay-wrap'><img decoding=\"async\" class='wp-image-51436 avia-img-lazy-loading-not-51436 avia_image' src=\"https:\/\/radiorevelacionfm.cl\/wp-content\/uploads\/2025\/03\/14-03-2025-lanzamiento-1_optimized.jpeg\" alt='' title='14-03-2025-lanzamiento-(1)_optimized' height=\"600\" width=\"863\"  itemprop=\"thumbnailUrl\" srcset=\"https:\/\/radiorevelacionfm.cl\/wp-content\/uploads\/2025\/03\/14-03-2025-lanzamiento-1_optimized.jpeg 863w, https:\/\/radiorevelacionfm.cl\/wp-content\/uploads\/2025\/03\/14-03-2025-lanzamiento-1_optimized-300x209.jpeg 300w, https:\/\/radiorevelacionfm.cl\/wp-content\/uploads\/2025\/03\/14-03-2025-lanzamiento-1_optimized-768x534.jpeg 768w, https:\/\/radiorevelacionfm.cl\/wp-content\/uploads\/2025\/03\/14-03-2025-lanzamiento-1_optimized-705x490.jpeg 705w, https:\/\/radiorevelacionfm.cl\/wp-content\/uploads\/2025\/03\/14-03-2025-lanzamiento-1_optimized-450x313.jpeg 450w, https:\/\/radiorevelacionfm.cl\/wp-content\/uploads\/2025\/03\/14-03-2025-lanzamiento-1_optimized-600x417.jpeg 600w\" sizes=\"(max-width: 863px) 100vw, 863px\" \/><\/div><\/div><\/div><\/div><div class=\"flex_column av_one_full  flex_column_div av-zero-column-padding first  avia-builder-el-2  el_after_av_one_full  el_before_av_one_full  column-top-margin\" style='border-radius:0px; '><section class=\"av_textblock_section \"  itemscope=\"itemscope\" itemtype=\"https:\/\/schema.org\/BlogPosting\" itemprop=\"blogPost\" ><div class='avia_textblock  '   itemprop=\"text\" ><p style=\"font-weight: 400; text-align: center;\"><span style=\"font-size: 18pt;\"><strong>Estos son los cursos gratuitos que ofrece Sence en la regi\u00f3n de Ays\u00e9n<\/strong><\/span><\/p>\n<p style=\"font-weight: 400;\"><strong>\u00a0<\/strong><\/p>\n<div id=\"gtx-trans\" style=\"position: absolute; left: -50px; top: 4.31534px;\">\n<div class=\"gtx-trans-icon\"><\/div>\n<\/div>\n<\/div><\/section><\/div><div class=\"flex_column av_one_full  flex_column_div av-zero-column-padding first  avia-builder-el-4  el_after_av_one_full  el_before_av_hr  column-top-margin\" style='border-radius:0px; '><section class=\"av_textblock_section \"  itemscope=\"itemscope\" itemtype=\"https:\/\/schema.org\/BlogPosting\" itemprop=\"blogPost\" ><div class='avia_textblock  '   itemprop=\"text\" ><p style=\"text-align: justify;\"><em>Enfocados en distintos oficios y ocupaciones, los cursos se dictar\u00e1n en formato presencial, e incluyen un subsidio de $4.000 por d\u00eda asistido a clases y otro de $5.000 para quienes est\u00e1n al cuidado de ni\u00f1os, ni\u00f1as o personas en situaci\u00f3n de dependencia.<\/em><\/p>\n<p style=\"text-align: justify;\">Mejorar la empleabilidad y aumentar las posibilidades de acceso a un trabajo dependiente o independiente de quienes viven en situaci\u00f3n de vulnerabilidad, est\u00e1n cesantes o buscan trabajo por primera vez, es el objetivo de los cursos presenciales que el Servicio de Capacitaci\u00f3n y Empleo, Sence Ays\u00e9n, ejecutar\u00e1 en las comunas de Cisnes, Cochrane, Guatitecas, Coyhaique y Ays\u00e9n.<\/p>\n<p style=\"text-align: justify;\">En un punto de prensa realizado en dependencias de Sence Ays\u00e9n, las autoridades dieron a conocer los 12 planes formativos abiertos, enfocados en distintos rubros, y definidos por el Consejo Regional de Capacitaci\u00f3n como respuesta a las necesidades de las empresas locales.<\/p>\n<p style=\"text-align: justify;\">En este sentido, el Seremi(s) del Trabajo y Previsi\u00f3n Social, Rodrigo D\u00edaz Cordaro, mencion\u00f3 \u201cPara nosotros como Gobierno de Chile, la verdad que esto es algo muy importante, porque aqu\u00ed el Ministerio del Trabajo y Previsi\u00f3n Social, dispone de recursos, $600 millones de pesos aproximadamente, que a trav\u00e9s del Consejo Regional de Capacitaci\u00f3n que lidera el gobernador regional, para realizar los cursos que hoy d\u00eda vemos, por ejemplo, se van a financiar los cursos de los futuros conductores\/as de los buses el\u00e9ctricos que tendremos en Coyhaique. Hoy d\u00eda son m\u00e1s de 80 personas, en las cuales hay muchas mujeres, dado que estamos en el mes de marzo, el mes de la mujer, hay que destacarlo, ya que hay compromisos por parte del Gobierno en materia de g\u00e9nero\u201d puntualiz\u00f3.<\/p>\n<p style=\"text-align: justify;\">Cabe mencionar que ha existido un gran inter\u00e9s por estas capacitaciones y que los cupos son limitados. Nelson Garrido Morales, Director regional de Sence, detall\u00f3, \u201cComo dec\u00eda el Seremi del Trabajo y Previsi\u00f3n Social(s), efectivamente, el Servicio Nacional de Capacitaci\u00f3n y Empleo, en su din\u00e1mica de mejorar las competencias de las personas y mejorar la calidad de vida, toma en consideraci\u00f3n a trav\u00e9s del Consejo Regional de Capacitaci\u00f3n, qu\u00e9 es lo que requiere la ciudadan\u00eda y en ese sentido se han priorizado cursos que territorialmente son una necesidad. Entre ellos, m\u00e1s de 80 cupos para el curso de manejo A-3, ya que hay una necesidad de electromovilidad en la regi\u00f3n. Cochrane va a tener el curso de manipulaci\u00f3n de alimentos, tambi\u00e9n de retroexcavadora, en Cisnes motores de fuera de borda, entre otros. Son cursos con rostro de mujer, ya que hay muchas interesadas y con pertinencia comunal. Son 12 cursos con 8 tem\u00e1ticas\u201d finaliz\u00f3.<\/p>\n<p style=\"text-align: justify;\">Sobre los cursos en espec\u00edfico de conducci\u00f3n clase A-3, el Seremi de Transporte y Telecomunicaciones, Hans Zimmermann Due\u00f1as, coment\u00f3 \u201cDesde el Ministerio de Transporte en la regi\u00f3n, valoramos enormemente el esfuerzo que hace el gobierno a trav\u00e9s de Sence al momento de abrir estos cursos para la obtenci\u00f3n de licencias clase A-3, porque no solamente nos va a permitir poder contar con personas capacitadas para la conducci\u00f3n de veh\u00edculos de transporte p\u00fablico asociado al proyecto de electromovilidad mediante buses el\u00e9ctricos, sino que tambi\u00e9n viene a responder una demanda hist\u00f3rica del gremio de los taxis colectivos, ya que el sector del transporte, en general, hay una escasez de conductores profesionales en nuestra regi\u00f3n y hoy d\u00eda a trav\u00e9s de estos cursos con la gran cantidad de cupos que tienen, por supuesto que se abre un espacio importante para poder tener conductores para el transporte p\u00fablico en general\u201d, enfatiz\u00f3.<\/p>\n<p style=\"text-align: justify;\">Marcia Vergara Igor, futura alumna del curso de conducci\u00f3n clase A-3, manifest\u00f3 \u201cEs tan importante hacer este curso y aprovechar, porque como yo dec\u00eda, las oportunidades se dan una sola vez en la vida, entonces hay que aprovecharlas y hacer este curso, ya que se generan m\u00e1s oportunidades de tener trabajos y otros tipos de trabajos\u201d, concluy\u00f3.<\/p>\n<p style=\"text-align: justify;\">Otra de las futuras alumnas que tambi\u00e9n est\u00e1 inscrita en el curso es Daniela Osses, quien destac\u00f3 que el costo para realizar los cursos de licencia de conducir profesional es alto, para realizarlo de manera particular, agradeciendo la oportunidad que entrega Sence. Daniela espera as\u00ed poder manejar transfer, buses y otros tipos de veh\u00edculos, ya que mencion\u00f3 que en el sector rural donde vive, Cerro Galera, hay una gran necesidad de este tipo de transportes.<\/p>\n<p style=\"text-align: justify;\">A poco m\u00e1s de un a\u00f1o y medio de su implementaci\u00f3n, el Consejo Regional de Capacitaci\u00f3n (CRC) da cuerpo a la nueva Pol\u00edtica Nacional de Capacitaci\u00f3n, que descentraliza la toma de decisiones sobre la definici\u00f3n de la oferta de cursos que respondan mejor a las necesidades de la regi\u00f3n. Esta instancia tripartita forma parte de la agenda de productividad del Ejecutivo y corresponde a una medida de descentralizaci\u00f3n, a trav\u00e9s de la cual se fortalece al Gobierno Regional mediante el traspaso temporal de competencias desde el Ministerio del Trabajo y Previsi\u00f3n Social, en materias de capacitaci\u00f3n e inserci\u00f3n laboral, en cada regi\u00f3n del pa\u00eds, en donde Sence transfiere fondos a los Gobiernos Regionales para que a trav\u00e9s de los Consejos Regionales de Capacitaci\u00f3n, CRC, puedan ver las necesidades espec\u00edficas en materia de capacitaci\u00f3n y as\u00ed poner a disposici\u00f3n los cursos de manera local y pertinente.<\/p>\n<p style=\"text-align: justify;\">Las postulaciones est\u00e1n disponibles en:\u00a0<a href=\"https:\/\/eligetucurso.sence.cl\/\" data-saferedirecturl=\"https:\/\/www.google.com\/url?q=https:\/\/eligetucurso.sence.cl\/&amp;source=gmail&amp;ust=1742068778891000&amp;usg=AOvVaw0QZdt4uX07kFA6O4hsxVHe\">https:\/\/eligetucurso.sence.cl\/<\/a>. M\u00e1s informaci\u00f3n, requisitos de acceso y apoyo en la postulaci\u00f3n en la Oficina Regional del Sence, ubicada en Condell 141, Coyhaique. Lunes a viernes, de 09.00 a 14.00 horas.<\/p>\n<table width=\"565\">\n<tbody>\n<tr>\n<td width=\"565\"><strong>Cursos disponibles:<\/strong><\/p>\n<p>\u00b7\u00a0 Curso especial con simulador de inmersi\u00f3n total conducente a licencia de conducir clase A-3.<\/p>\n<p>\u00b7\u00a0 Curso convencional conducente a licencia de conductor profesional clase A-2.<\/p>\n<p>\u00b7\u00a0 T\u00e9cnicas de manipulaci\u00f3n de alimentos.<\/p>\n<p>\u00b7\u00a0 Piloto Rov (robot subacu\u00e1tico no tripulado).<\/p>\n<p>\u00b7\u00a0 Mec\u00e1nica y mantenci\u00f3n de motores diesel, bencineros, fuera de borda y motores 2 tiempos.<\/p>\n<p>\u00b7\u00a0 Operaci\u00f3n excavadora compacta.<\/p>\n<p>\u00b7\u00a0 Mec\u00e1nica automotriz de motores el\u00e9ctricos.<\/p>\n<p>\u00b7\u00a0 Operaciones b\u00e1sicas de carga, descarga y protocolos de seguridad en recintos portuarios.<\/p>\n<p><strong>\u00a0<\/strong><\/td>\n<\/tr>\n<\/tbody>\n<\/table>\n<p><strong>\u00a0\u00a0<\/strong><\/p>\n<\/div><\/section><\/div><div  style='height:50px' class='hr hr-invisible   avia-builder-el-6  el_after_av_one_full  el_before_av_social_share '><span class='hr-inner ' ><span class='hr-inner-style'><\/span><\/span><\/div><\/p>\n<div  class='av-social-sharing-box  avia-builder-el-7  el_after_av_hr  el_before_av_hr  '><div class='av-share-box'><h5 class='av-share-link-description av-no-toc '>Compartir esta noticia<\/h5><ul class='av-share-box-list noLightbox'><li class='av-share-link av-social-link-facebook' ><a target=\"_blank\" aria-label=\"Compartir en Facebook\" href='https:\/\/www.facebook.com\/sharer.php?u=https:\/\/radiorevelacionfm.cl\/?p=51435&#038;t=Estos%20son%20los%20cursos%20gratuitos%20que%20ofrece%20Sence%20en%20la%20regi%C3%B3n%20de%20Ays%C3%A9n' aria-hidden='false' data-av_icon='\ue8f3' data-av_iconfont='entypo-fontello' title='' data-avia-related-tooltip='Compartir en Facebook' rel=\"noopener\"><span class='avia_hidden_link_text'>Compartir en Facebook<\/span><\/a><\/li><li class='av-share-link av-social-link-twitter' ><a target=\"_blank\" aria-label=\"Compartir en Twitter\" href='https:\/\/twitter.com\/share?text=Estos%20son%20los%20cursos%20gratuitos%20que%20ofrece%20Sence%20en%20la%20regi%C3%B3n%20de%20Ays%C3%A9n&#038;url=https:\/\/radiorevelacionfm.cl\/?p=51435' aria-hidden='false' data-av_icon='\ue8f1' data-av_iconfont='entypo-fontello' title='' data-avia-related-tooltip='Compartir en Twitter' rel=\"noopener\"><span class='avia_hidden_link_text'>Compartir en Twitter<\/span><\/a><\/li><li class='av-share-link av-social-link-whatsapp' ><a target=\"_blank\" aria-label=\"Compartir en Whatsapp\" href='https:\/\/api.whatsapp.com\/send?text=https:\/\/radiorevelacionfm.cl\/?p=51435' aria-hidden='false' data-av_icon='\uf232' data-av_iconfont='entypo-fontello' title='' data-avia-related-tooltip='Compartir en Whatsapp' rel=\"noopener\"><span class='avia_hidden_link_text'>Compartir en Whatsapp<\/span><\/a><\/li><li class='av-share-link av-social-link-linkedin' ><a target=\"_blank\" aria-label=\"Compartir en LinkedIn\" href='https:\/\/linkedin.com\/shareArticle?mini=true&#038;title=Estos%20son%20los%20cursos%20gratuitos%20que%20ofrece%20Sence%20en%20la%20regi%C3%B3n%20de%20Ays%C3%A9n&#038;url=https:\/\/radiorevelacionfm.cl\/?p=51435' aria-hidden='false' data-av_icon='\ue8fc' data-av_iconfont='entypo-fontello' title='' data-avia-related-tooltip='Compartir en LinkedIn' rel=\"noopener\"><span class='avia_hidden_link_text'>Compartir en LinkedIn<\/span><\/a><\/li><li class='av-share-link av-social-link-mail' ><a  aria-label=\"Compartir por correo\" href='mailto:?subject=Estos%20son%20los%20cursos%20gratuitos%20que%20ofrece%20Sence%20en%20la%20regi%C3%B3n%20de%20Ays%C3%A9n&#038;body=https:\/\/radiorevelacionfm.cl\/?p=51435' aria-hidden='false' data-av_icon='\ue805' data-av_iconfont='entypo-fontello' title='' data-avia-related-tooltip='Compartir por correo'><span class='avia_hidden_link_text'>Compartir por correo<\/span><\/a><\/li><\/ul><\/div><\/div>\n<div  style='height:50px' class='hr hr-invisible   avia-builder-el-8  el_after_av_social_share  el_before_av_comments_list '><span class='hr-inner ' ><span class='hr-inner-style'><\/span><\/span><\/div>\n<div  class='av-buildercomment  av-blog-meta-html-info-disabled av-blog-meta-tag-disabled  '><\/div>\n","protected":false},"excerpt":{"rendered":"","protected":false},"author":1,"featured_media":51436,"comment_status":"open","ping_status":"open","sticky":false,"template":"","format":"standard","meta":{"footnotes":""},"categories":[56],"tags":[],"class_list":["post-51435","post","type-post","status-publish","format-standard","has-post-thumbnail","hentry","category-trabajo"],"jetpack_featured_media_url":"https:\/\/radiorevelacionfm.cl\/wp-content\/uploads\/2025\/03\/14-03-2025-lanzamiento-1_optimized.jpeg","_links":{"self":[{"href":"https:\/\/radiorevelacionfm.cl\/index.php?rest_route=\/wp\/v2\/posts\/51435","targetHints":{"allow":["GET"]}}],"collection":[{"href":"https:\/\/radiorevelacionfm.cl\/index.php?rest_route=\/wp\/v2\/posts"}],"about":[{"href":"https:\/\/radiorevelacionfm.cl\/index.php?rest_route=\/wp\/v2\/types\/post"}],"author":[{"embeddable":true,"href":"https:\/\/radiorevelacionfm.cl\/index.php?rest_route=\/wp\/v2\/users\/1"}],"replies":[{"embeddable":true,"href":"https:\/\/radiorevelacionfm.cl\/index.php?rest_route=%2Fwp%2Fv2%2Fcomments&post=51435"}],"version-history":[{"count":1,"href":"https:\/\/radiorevelacionfm.cl\/index.php?rest_route=\/wp\/v2\/posts\/51435\/revisions"}],"predecessor-version":[{"id":51437,"href":"https:\/\/radiorevelacionfm.cl\/index.php?rest_route=\/wp\/v2\/posts\/51435\/revisions\/51437"}],"wp:featuredmedia":[{"embeddable":true,"href":"https:\/\/radiorevelacionfm.cl\/index.php?rest_route=\/wp\/v2\/media\/51436"}],"wp:attachment":[{"href":"https:\/\/radiorevelacionfm.cl\/index.php?rest_route=%2Fwp%2Fv2%2Fmedia&parent=51435"}],"wp:term":[{"taxonomy":"category","embeddable":true,"href":"https:\/\/radiorevelacionfm.cl\/index.php?rest_route=%2Fwp%2Fv2%2Fcategories&post=51435"},{"taxonomy":"post_tag","embeddable":true,"href":"https:\/\/radiorevelacionfm.cl\/index.php?rest_route=%2Fwp%2Fv2%2Ftags&post=51435"}],"curies":[{"name":"wp","href":"https:\/\/api.w.org\/{rel}","templated":true}]}}