{"id":51432,"date":"2025-03-15T11:16:28","date_gmt":"2025-03-15T14:16:28","guid":{"rendered":"https:\/\/radiorevelacionfm.cl\/?p=51432"},"modified":"2025-03-15T11:16:28","modified_gmt":"2025-03-15T14:16:28","slug":"gran-marco-de-publico-en-capacitacion-para-postular-al-8-fndr-en-puerto-aysen","status":"publish","type":"post","link":"https:\/\/radiorevelacionfm.cl\/?p=51432","title":{"rendered":"Gran marco de p\u00fablico en capacitaci\u00f3n para postular al 8% FNDR en Puerto Ays\u00e9n"},"content":{"rendered":"<div class=\"flex_column av_one_full  flex_column_div av-zero-column-padding first  avia-builder-el-0  el_before_av_one_full  avia-builder-el-first  \" style='border-radius:0px; '><div  class='avia-image-container  av-styling-    avia-builder-el-1  avia-builder-el-no-sibling  avia-align-center '  itemprop=\"image\" itemscope=\"itemscope\" itemtype=\"https:\/\/schema.org\/ImageObject\"  ><div class='avia-image-container-inner'><div class='avia-image-overlay-wrap'><img decoding=\"async\" class='wp-image-51433 avia-img-lazy-loading-not-51433 avia_image' src=\"https:\/\/radiorevelacionfm.cl\/wp-content\/uploads\/2025\/03\/20250312_194123-1_optimized-1.jpg\" alt='' title='20250312_194123-(1)_optimized (1)' height=\"600\" width=\"800\"  itemprop=\"thumbnailUrl\" srcset=\"https:\/\/radiorevelacionfm.cl\/wp-content\/uploads\/2025\/03\/20250312_194123-1_optimized-1.jpg 800w, https:\/\/radiorevelacionfm.cl\/wp-content\/uploads\/2025\/03\/20250312_194123-1_optimized-1-300x225.jpg 300w, https:\/\/radiorevelacionfm.cl\/wp-content\/uploads\/2025\/03\/20250312_194123-1_optimized-1-768x576.jpg 768w, https:\/\/radiorevelacionfm.cl\/wp-content\/uploads\/2025\/03\/20250312_194123-1_optimized-1-705x529.jpg 705w, https:\/\/radiorevelacionfm.cl\/wp-content\/uploads\/2025\/03\/20250312_194123-1_optimized-1-450x338.jpg 450w, https:\/\/radiorevelacionfm.cl\/wp-content\/uploads\/2025\/03\/20250312_194123-1_optimized-1-600x450.jpg 600w\" sizes=\"(max-width: 800px) 100vw, 800px\" \/><\/div><\/div><\/div><\/div><div class=\"flex_column av_one_full  flex_column_div av-zero-column-padding first  avia-builder-el-2  el_after_av_one_full  el_before_av_one_full  column-top-margin\" style='border-radius:0px; '><section class=\"av_textblock_section \"  itemscope=\"itemscope\" itemtype=\"https:\/\/schema.org\/BlogPosting\" itemprop=\"blogPost\" ><div class='avia_textblock  '   itemprop=\"text\" ><p style=\"text-align: center;\"><strong><span style=\"font-size: 18pt;\">Gran marco de p\u00fablico en capacitaci\u00f3n para postular al 8% FNDR en Puerto Ays\u00e9n<\/span><\/strong><\/p>\n<div id=\"gtx-trans\" style=\"position: absolute; left: -50px; top: 4.31534px;\">\n<div class=\"gtx-trans-icon\"><\/div>\n<\/div>\n<\/div><\/section><\/div><div class=\"flex_column av_one_full  flex_column_div av-zero-column-padding first  avia-builder-el-4  el_after_av_one_full  el_before_av_hr  column-top-margin\" style='border-radius:0px; '><section class=\"av_textblock_section \"  itemscope=\"itemscope\" itemtype=\"https:\/\/schema.org\/BlogPosting\" itemprop=\"blogPost\" ><div class='avia_textblock  '   itemprop=\"text\" ><p style=\"text-align: justify;\"><em>En el lanzamiento comunal del Fondo Nacional para el Desarrollo Regional se llen\u00f3 la instalaci\u00f3n preparada por la Municipalidad de Ays\u00e9n, lo que significa el gran inter\u00e9s de los ayseninos en concursar por este beneficio del Gobierno Regional.<\/em><\/p>\n<p style=\"text-align: justify;\">Queda cada vez menos d\u00edas para el t\u00e9rmino de las postulaciones para optar al 8% del Gobierno Regional de Ays\u00e9n, por lo que este organismo estuvo realizando varias capacitaciones en toda las comunas de la regi\u00f3n.<\/p>\n<p style=\"text-align: justify;\">De esta manera, la Municipalidad de Ays\u00e9n planific\u00f3 una jornada invitando a todos los dirigentes vecinales y de organizaciones sociales de Puerto Ays\u00e9n a la Casa de la Cultura.<\/p>\n<p style=\"text-align: justify;\">Karina Montecinos, directora de la Direcci\u00f3n de Desarrollo Comunitario, explic\u00f3 estar \u201cbastante conformes como municipalidad por la gran convocatoria, m\u00e1s de 100 personas, lo que demuestra tambi\u00e9n el tremendo inter\u00e9s que tiene la comunidad en participar y desarrollar distintas actividades, ya que hay distintas l\u00edneas de financiamiento como culturales, deportivas, sociales, para adultos mayores, poblaci\u00f3n vulnerable, tambi\u00e9n con discapacidad, medio ambiente. As\u00ed que es harta la gama de actividades que pueden desarrollar las agrupaciones\u201d.<\/p>\n<p style=\"text-align: justify;\">\u201cEl rol que cumple el municipio, en este caso la DIDECO, b\u00e1sicamente es poder aportar en entregar orientaci\u00f3n a las agrupaciones que lo requieran o a la formulaci\u00f3n de sus objetivos, apoyar en la elaboraci\u00f3n de los proyectos o cualquier otra duda que pueda surgir\u201d, invita la directora. Por lo que la organizaci\u00f3n que necesite resolver dudas, puede realizarlas en las instalaciones ubicadas en calle Teniente Merino #630, ya que el municipio puede ser una conexi\u00f3n m\u00e1s directa con la poblaci\u00f3n de Ays\u00e9n con el Gobierno Regional.<\/p>\n<p style=\"text-align: justify;\">Por parte del GORE de Ays\u00e9n, este a\u00f1o quiso realizar un reglamento simplificado, lo que tambi\u00e9n se demuestra con la menor cantidad de p\u00e1ginas que este posee. Igualmente un cambio significativo fue aumentar los montos por tipo de actividad y subiendo los montos generales, lo que permitir\u00e1 abarcar una cantidad de proyectos similar a la del a\u00f1o pasado.<\/p>\n<p style=\"text-align: justify;\">Dominique Brautigan, jefa de la Divisi\u00f3n de Desarrollo Social y Humano del GORE, comenta que \u201ctrabajamos en un instructivo mucho m\u00e1s f\u00e1cil de poder ejecutar, por lo que hemos simplificado la cantidad de informaci\u00f3n que se entrega, para que sea menos complicada su postulaci\u00f3n. El gobernador Marcelo Santana gestion\u00f3 que se puedan ejecutar iniciativas hasta marzo del a\u00f1o 2026, sobre todo para cubrir actividades en las fechas de verano. Se aumentaron considerablemente las l\u00edneas de financiamiento, ya que podemos postular a proyectos entre 30, 20, 15, 10 y 6 millones de pesos\u201d.<\/p>\n<p style=\"text-align: justify;\">La capacitaci\u00f3n se extendi\u00f3 hasta pasadas las dos horas de la actividad, lo que permiti\u00f3 que se hiciera un repaso exhaustivo por cada uno de los puntos importantes para postular, tambi\u00e9n respondiendo las preguntas seg\u00fan los casos de cada organizaci\u00f3n, por lo que se fueron conformes los dirigentes.<\/p>\n<p style=\"text-align: justify;\">El Presidente de la Uni\u00f3n Comunal de Juntas de Vecinos, Carlos D\u00edaz, mencion\u00f3 que \u201chay un mont\u00f3n de iniciativas y esto se refleja en las personas que hoy estuvieron preguntando. Igual para nosotros cambi\u00f3 para mejor, porque se est\u00e1 simplificando un poco m\u00e1s este tema y sobre todo que aument\u00f3 un poco m\u00e1s el presupuesto. As\u00ed que, a las organizaciones de todo tipo, tanto deportivas, funcionales, territoriales, les servir\u00e1 de m\u00faltiples maneras, seg\u00fan lo que quieran hacer. As\u00ed que siempre agradecido del Gobierno Regional cuando hacen este tipo de capacitaciones para entender mejor muchas cosas que de repente se quedan en la nebulosa\u201d.<\/p>\n<p style=\"text-align: justify;\">Para todo el que quiera aprender sobre este nuevo manual, se puede encontrar en la p\u00e1gina www.goreaysen.cl , igualmente para los ayseninos, la recepci\u00f3n de los papeles de postulaci\u00f3n solamente se realizar\u00e1 de manera online, por lo que es primordial saber sobre esta web y que este periodo termina el 31 de marzo a las 17:00 horas.<\/p>\n<\/div><\/section><\/div><div  style='height:50px' class='hr hr-invisible   avia-builder-el-6  el_after_av_one_full  el_before_av_social_share '><span class='hr-inner ' ><span class='hr-inner-style'><\/span><\/span><\/div><\/p>\n<div  class='av-social-sharing-box  avia-builder-el-7  el_after_av_hr  el_before_av_hr  '><div class='av-share-box'><h5 class='av-share-link-description av-no-toc '>Compartir esta noticia<\/h5><ul class='av-share-box-list noLightbox'><li class='av-share-link av-social-link-facebook' ><a target=\"_blank\" aria-label=\"Compartir en Facebook\" href='https:\/\/www.facebook.com\/sharer.php?u=https:\/\/radiorevelacionfm.cl\/?p=51432&#038;t=Gran%20marco%20de%20p%C3%BAblico%20en%20capacitaci%C3%B3n%20para%20postular%20al%208%25%20FNDR%20en%20Puerto%20Ays%C3%A9n' aria-hidden='false' data-av_icon='\ue8f3' data-av_iconfont='entypo-fontello' title='' data-avia-related-tooltip='Compartir en Facebook' rel=\"noopener\"><span class='avia_hidden_link_text'>Compartir en Facebook<\/span><\/a><\/li><li class='av-share-link av-social-link-twitter' ><a target=\"_blank\" aria-label=\"Compartir en Twitter\" href='https:\/\/twitter.com\/share?text=Gran%20marco%20de%20p%C3%BAblico%20en%20capacitaci%C3%B3n%20para%20postular%20al%208%25%20FNDR%20en%20Puerto%20Ays%C3%A9n&#038;url=https:\/\/radiorevelacionfm.cl\/?p=51432' aria-hidden='false' data-av_icon='\ue8f1' data-av_iconfont='entypo-fontello' title='' data-avia-related-tooltip='Compartir en Twitter' rel=\"noopener\"><span class='avia_hidden_link_text'>Compartir en Twitter<\/span><\/a><\/li><li class='av-share-link av-social-link-whatsapp' ><a target=\"_blank\" aria-label=\"Compartir en Whatsapp\" href='https:\/\/api.whatsapp.com\/send?text=https:\/\/radiorevelacionfm.cl\/?p=51432' aria-hidden='false' data-av_icon='\uf232' data-av_iconfont='entypo-fontello' title='' data-avia-related-tooltip='Compartir en Whatsapp' rel=\"noopener\"><span class='avia_hidden_link_text'>Compartir en Whatsapp<\/span><\/a><\/li><li class='av-share-link av-social-link-linkedin' ><a target=\"_blank\" aria-label=\"Compartir en LinkedIn\" href='https:\/\/linkedin.com\/shareArticle?mini=true&#038;title=Gran%20marco%20de%20p%C3%BAblico%20en%20capacitaci%C3%B3n%20para%20postular%20al%208%25%20FNDR%20en%20Puerto%20Ays%C3%A9n&#038;url=https:\/\/radiorevelacionfm.cl\/?p=51432' aria-hidden='false' data-av_icon='\ue8fc' data-av_iconfont='entypo-fontello' title='' data-avia-related-tooltip='Compartir en LinkedIn' rel=\"noopener\"><span class='avia_hidden_link_text'>Compartir en LinkedIn<\/span><\/a><\/li><li class='av-share-link av-social-link-mail' ><a  aria-label=\"Compartir por correo\" href='mailto:?subject=Gran%20marco%20de%20p%C3%BAblico%20en%20capacitaci%C3%B3n%20para%20postular%20al%208%25%20FNDR%20en%20Puerto%20Ays%C3%A9n&#038;body=https:\/\/radiorevelacionfm.cl\/?p=51432' aria-hidden='false' data-av_icon='\ue805' data-av_iconfont='entypo-fontello' title='' data-avia-related-tooltip='Compartir por correo'><span class='avia_hidden_link_text'>Compartir por correo<\/span><\/a><\/li><\/ul><\/div><\/div>\n<div  style='height:50px' class='hr hr-invisible   avia-builder-el-8  el_after_av_social_share  el_before_av_comments_list '><span class='hr-inner ' ><span class='hr-inner-style'><\/span><\/span><\/div>\n<div  class='av-buildercomment  av-blog-meta-html-info-disabled av-blog-meta-tag-disabled  '><\/div>\n","protected":false},"excerpt":{"rendered":"","protected":false},"author":1,"featured_media":51433,"comment_status":"open","ping_status":"open","sticky":false,"template":"","format":"standard","meta":{"footnotes":""},"categories":[38],"tags":[],"class_list":["post-51432","post","type-post","status-publish","format-standard","has-post-thumbnail","hentry","category-regional"],"jetpack_featured_media_url":"https:\/\/radiorevelacionfm.cl\/wp-content\/uploads\/2025\/03\/20250312_194123-1_optimized-1.jpg","_links":{"self":[{"href":"https:\/\/radiorevelacionfm.cl\/index.php?rest_route=\/wp\/v2\/posts\/51432","targetHints":{"allow":["GET"]}}],"collection":[{"href":"https:\/\/radiorevelacionfm.cl\/index.php?rest_route=\/wp\/v2\/posts"}],"about":[{"href":"https:\/\/radiorevelacionfm.cl\/index.php?rest_route=\/wp\/v2\/types\/post"}],"author":[{"embeddable":true,"href":"https:\/\/radiorevelacionfm.cl\/index.php?rest_route=\/wp\/v2\/users\/1"}],"replies":[{"embeddable":true,"href":"https:\/\/radiorevelacionfm.cl\/index.php?rest_route=%2Fwp%2Fv2%2Fcomments&post=51432"}],"version-history":[{"count":1,"href":"https:\/\/radiorevelacionfm.cl\/index.php?rest_route=\/wp\/v2\/posts\/51432\/revisions"}],"predecessor-version":[{"id":51434,"href":"https:\/\/radiorevelacionfm.cl\/index.php?rest_route=\/wp\/v2\/posts\/51432\/revisions\/51434"}],"wp:featuredmedia":[{"embeddable":true,"href":"https:\/\/radiorevelacionfm.cl\/index.php?rest_route=\/wp\/v2\/media\/51433"}],"wp:attachment":[{"href":"https:\/\/radiorevelacionfm.cl\/index.php?rest_route=%2Fwp%2Fv2%2Fmedia&parent=51432"}],"wp:term":[{"taxonomy":"category","embeddable":true,"href":"https:\/\/radiorevelacionfm.cl\/index.php?rest_route=%2Fwp%2Fv2%2Fcategories&post=51432"},{"taxonomy":"post_tag","embeddable":true,"href":"https:\/\/radiorevelacionfm.cl\/index.php?rest_route=%2Fwp%2Fv2%2Ftags&post=51432"}],"curies":[{"name":"wp","href":"https:\/\/api.w.org\/{rel}","templated":true}]}}