{"id":51429,"date":"2025-03-14T18:37:27","date_gmt":"2025-03-14T21:37:27","guid":{"rendered":"https:\/\/radiorevelacionfm.cl\/?p=51429"},"modified":"2025-03-14T18:37:27","modified_gmt":"2025-03-14T21:37:27","slug":"dan-primer-paso-para-convertir-bahia-acantilada-en-polo-turistico-a-partir-de-la-energia","status":"publish","type":"post","link":"https:\/\/radiorevelacionfm.cl\/?p=51429","title":{"rendered":"Dan primer paso para convertir Bah\u00eda Acantilada en polo tur\u00edstico a partir de la energ\u00eda"},"content":{"rendered":"<div class=\"flex_column av_one_full  flex_column_div av-zero-column-padding first  avia-builder-el-0  el_before_av_one_full  avia-builder-el-first  \" style='border-radius:0px; '><div  class='avia-image-container  av-styling-    avia-builder-el-1  avia-builder-el-no-sibling  avia-align-center '  itemprop=\"image\" itemscope=\"itemscope\" itemtype=\"https:\/\/schema.org\/ImageObject\"  ><div class='avia-image-container-inner'><div class='avia-image-overlay-wrap'><img decoding=\"async\" class='wp-image-51430 avia-img-lazy-loading-not-51430 avia_image' src=\"https:\/\/radiorevelacionfm.cl\/wp-content\/uploads\/2025\/03\/20250313_150311-1_optimized-1.jpg\" alt='' title='20250313_150311-(1)_optimized (1)' height=\"600\" width=\"1019\"  itemprop=\"thumbnailUrl\" srcset=\"https:\/\/radiorevelacionfm.cl\/wp-content\/uploads\/2025\/03\/20250313_150311-1_optimized-1.jpg 1019w, https:\/\/radiorevelacionfm.cl\/wp-content\/uploads\/2025\/03\/20250313_150311-1_optimized-1-300x177.jpg 300w, https:\/\/radiorevelacionfm.cl\/wp-content\/uploads\/2025\/03\/20250313_150311-1_optimized-1-768x452.jpg 768w, https:\/\/radiorevelacionfm.cl\/wp-content\/uploads\/2025\/03\/20250313_150311-1_optimized-1-705x415.jpg 705w, https:\/\/radiorevelacionfm.cl\/wp-content\/uploads\/2025\/03\/20250313_150311-1_optimized-1-450x265.jpg 450w, https:\/\/radiorevelacionfm.cl\/wp-content\/uploads\/2025\/03\/20250313_150311-1_optimized-1-600x353.jpg 600w\" sizes=\"(max-width: 1019px) 100vw, 1019px\" \/><\/div><\/div><\/div><\/div><div class=\"flex_column av_one_full  flex_column_div av-zero-column-padding first  avia-builder-el-2  el_after_av_one_full  el_before_av_one_full  column-top-margin\" style='border-radius:0px; '><section class=\"av_textblock_section \"  itemscope=\"itemscope\" itemtype=\"https:\/\/schema.org\/BlogPosting\" itemprop=\"blogPost\" ><div class='avia_textblock  '   itemprop=\"text\" ><p style=\"text-align: center;\"><strong><span style=\"font-size: 18pt;\">Dan primer paso para convertir Bah\u00eda Acantilada en polo tur\u00edstico a partir de la energ\u00eda<\/span><\/strong><\/p>\n<div id=\"gtx-trans\" style=\"position: absolute; left: -50px; top: 4.31534px;\">\n<div class=\"gtx-trans-icon\"><\/div>\n<\/div>\n<\/div><\/section><\/div><div class=\"flex_column av_one_full  flex_column_div av-zero-column-padding first  avia-builder-el-4  el_after_av_one_full  el_before_av_hr  column-top-margin\" style='border-radius:0px; '><section class=\"av_textblock_section \"  itemscope=\"itemscope\" itemtype=\"https:\/\/schema.org\/BlogPosting\" itemprop=\"blogPost\" ><div class='avia_textblock  '   itemprop=\"text\" ><p style=\"text-align: justify;\">Con la finalidad de estudiar las potencialidades que permitan generar a largo plazo un proyecto de electricidad en el sector de Bah\u00eda Acantilada y, de esta forma, convertir el lugar en un punto tur\u00edstico en base a la energ\u00eda. Este jueves el equipo municipal de Ays\u00e9n, liderado por el alcalde Luis Mart\u00ednez y funcionarios de la Direcci\u00f3n de Aseo, Ornato y Medio Ambiente, y la Secretar\u00eda Comunal de Planificaci\u00f3n; adem\u00e1s de profesionales de la Seremi de Energ\u00eda y el Centro de Investigaci\u00f3n de Ecosistemas de la Patagonia, CIEP; y el vecino aysenino, Carlos D\u00edaz; se adentraron en los bosques y recorrieron los alrededores del sector.<\/p>\n<p style=\"text-align: justify;\">As\u00ed lo manifest\u00f3 el SECPLAN del municipio aysenino, Jos\u00e9 Gonz\u00e1lez, quien relev\u00f3 esta iniciativa. \u201cEste es el primer paso, el punto de inicio para el desarrollo de este proyecto y este parque, que esperamos en los pr\u00f3ximos a\u00f1os concretar, y as\u00ed convertir este bello punto de la comuna en un polo tur\u00edstico\u201d.<\/p>\n<p style=\"text-align: justify;\">Tal como explic\u00f3 el profesional de estudios de Energ\u00eda del CIEP, Patricio Campos, \u201cvisitamos un potencial punto que tiene muchas caracter\u00edsticas para explotar lo que ser\u00eda la energ\u00eda micro hidr\u00e1ulica para poder abastecer al sector de energ\u00eda limpia y renovable. Medimos caudal para saber cu\u00e1nta agua trae el r\u00edo para aprovechar como energ\u00eda micro hidr\u00e1ulica y, adem\u00e1s, tomar las cuotas para la diferencia de altura, que son par\u00e1metros claves para dise\u00f1ar proyectos de este tipo\u201d.<\/p>\n<p style=\"text-align: justify;\">Al respecto, la energ\u00eda microhidr\u00e1ulica es una forma de generar electricidad a partir de la energ\u00eda del agua en movimiento. Se trata de un tipo de energ\u00eda renovable que se puede utilizar en peque\u00f1as comunidades, viviendas o para autoconsumo. Destaca por ser una alternativa limpia y rentable por sus reducidos costes de instalaci\u00f3n y su impacto m\u00ednimo en el entorno. Es respetuosa con el medioambiente al no generar emisiones de gases de efecto invernadero, pudiendo ser instalada en arroyos, r\u00edos o canales.<\/p>\n<p style=\"text-align: justify;\">\u201cYo soy habitante de la comuna de Ays\u00e9n. Mi sue\u00f1o es construir peque\u00f1as centrales hidroel\u00e9ctricas, tal como so\u00f1\u00f3 el padre Ronchi en su momento, y esta es una forma de materializar ese sue\u00f1o\u201d, explic\u00f3 el vecino aysenino, Carlos D\u00edaz, quien acompa\u00f1\u00f3 el recorrido. \u201cTenemos una tremenda cascada cerca de Bah\u00eda Acantilada, y con una peque\u00f1a cascada podr\u00edamos tener mucha energ\u00eda en este sector, y eso permitir\u00eda dar buen uso a la energ\u00eda, como calentar agua, tener pozones de agua caliente, tinajas, toboganes, y todo lo que sue\u00f1a el alcalde para la comuna. En lo que pueda apoyar, yo disponible\u201d.<\/p>\n<p style=\"text-align: justify;\">Por su parte, el edil Luis Mart\u00ednez, se mostr\u00f3 satisfecho tras este primer paso, que permitir\u00e1 continuar delineando el sue\u00f1o de abastecer con energ\u00eda limpia y renovable este gran punto tur\u00edstico, y as\u00ed potenciar a\u00fan m\u00e1s el hermoso paisaje del sector. \u201cEstamos muy felices con lo que podemos hacer aqu\u00ed. La idea es construir una central hidroel\u00e9ctrica para alimentar Bah\u00eda Acantilada y generar un desarrollo tur\u00edstico a partir de la energ\u00eda, que se necesita para todo tipo de emprendimientos. Hoy subimos por entre medio del bosque para poder ver en terreno y hablar con propiedad de este sue\u00f1o, que lo vamos a hacer nuestro desaf\u00edo y lo vamos a convertir en realidad. Esperemos que este sea el d\u00eda 1 de un gran proyecto para nuestro municipio y, por supuesto, para toda nuestra comunidad\u201d.<\/p>\n<\/div><\/section><\/div><div  style='height:50px' class='hr hr-invisible   avia-builder-el-6  el_after_av_one_full  el_before_av_social_share '><span class='hr-inner ' ><span class='hr-inner-style'><\/span><\/span><\/div><\/p>\n<div  class='av-social-sharing-box  avia-builder-el-7  el_after_av_hr  el_before_av_hr  '><div class='av-share-box'><h5 class='av-share-link-description av-no-toc '>Compartir esta noticia<\/h5><ul class='av-share-box-list noLightbox'><li class='av-share-link av-social-link-facebook' ><a target=\"_blank\" aria-label=\"Compartir en Facebook\" href='https:\/\/www.facebook.com\/sharer.php?u=https:\/\/radiorevelacionfm.cl\/?p=51429&#038;t=Dan%20primer%20paso%20para%20convertir%20Bah%C3%ADa%20Acantilada%20en%20polo%20tur%C3%ADstico%20a%20partir%20de%20la%20energ%C3%ADa' aria-hidden='false' data-av_icon='\ue8f3' data-av_iconfont='entypo-fontello' title='' data-avia-related-tooltip='Compartir en Facebook' rel=\"noopener\"><span class='avia_hidden_link_text'>Compartir en Facebook<\/span><\/a><\/li><li class='av-share-link av-social-link-twitter' ><a target=\"_blank\" aria-label=\"Compartir en Twitter\" href='https:\/\/twitter.com\/share?text=Dan%20primer%20paso%20para%20convertir%20Bah%C3%ADa%20Acantilada%20en%20polo%20tur%C3%ADstico%20a%20partir%20de%20la%20energ%C3%ADa&#038;url=https:\/\/radiorevelacionfm.cl\/?p=51429' aria-hidden='false' data-av_icon='\ue8f1' data-av_iconfont='entypo-fontello' title='' data-avia-related-tooltip='Compartir en Twitter' rel=\"noopener\"><span class='avia_hidden_link_text'>Compartir en Twitter<\/span><\/a><\/li><li class='av-share-link av-social-link-whatsapp' ><a target=\"_blank\" aria-label=\"Compartir en Whatsapp\" href='https:\/\/api.whatsapp.com\/send?text=https:\/\/radiorevelacionfm.cl\/?p=51429' aria-hidden='false' data-av_icon='\uf232' data-av_iconfont='entypo-fontello' title='' data-avia-related-tooltip='Compartir en Whatsapp' rel=\"noopener\"><span class='avia_hidden_link_text'>Compartir en Whatsapp<\/span><\/a><\/li><li class='av-share-link av-social-link-linkedin' ><a target=\"_blank\" aria-label=\"Compartir en LinkedIn\" href='https:\/\/linkedin.com\/shareArticle?mini=true&#038;title=Dan%20primer%20paso%20para%20convertir%20Bah%C3%ADa%20Acantilada%20en%20polo%20tur%C3%ADstico%20a%20partir%20de%20la%20energ%C3%ADa&#038;url=https:\/\/radiorevelacionfm.cl\/?p=51429' aria-hidden='false' data-av_icon='\ue8fc' data-av_iconfont='entypo-fontello' title='' data-avia-related-tooltip='Compartir en LinkedIn' rel=\"noopener\"><span class='avia_hidden_link_text'>Compartir en LinkedIn<\/span><\/a><\/li><li class='av-share-link av-social-link-mail' ><a  aria-label=\"Compartir por correo\" href='mailto:?subject=Dan%20primer%20paso%20para%20convertir%20Bah%C3%ADa%20Acantilada%20en%20polo%20tur%C3%ADstico%20a%20partir%20de%20la%20energ%C3%ADa&#038;body=https:\/\/radiorevelacionfm.cl\/?p=51429' aria-hidden='false' data-av_icon='\ue805' data-av_iconfont='entypo-fontello' title='' data-avia-related-tooltip='Compartir por correo'><span class='avia_hidden_link_text'>Compartir por correo<\/span><\/a><\/li><\/ul><\/div><\/div>\n<div  style='height:50px' class='hr hr-invisible   avia-builder-el-8  el_after_av_social_share  el_before_av_comments_list '><span class='hr-inner ' ><span class='hr-inner-style'><\/span><\/span><\/div>\n<div  class='av-buildercomment  av-blog-meta-html-info-disabled av-blog-meta-tag-disabled  '><\/div>\n","protected":false},"excerpt":{"rendered":"","protected":false},"author":1,"featured_media":51430,"comment_status":"open","ping_status":"open","sticky":false,"template":"","format":"standard","meta":{"footnotes":""},"categories":[38],"tags":[],"class_list":["post-51429","post","type-post","status-publish","format-standard","has-post-thumbnail","hentry","category-regional"],"jetpack_featured_media_url":"https:\/\/radiorevelacionfm.cl\/wp-content\/uploads\/2025\/03\/20250313_150311-1_optimized-1.jpg","_links":{"self":[{"href":"https:\/\/radiorevelacionfm.cl\/index.php?rest_route=\/wp\/v2\/posts\/51429","targetHints":{"allow":["GET"]}}],"collection":[{"href":"https:\/\/radiorevelacionfm.cl\/index.php?rest_route=\/wp\/v2\/posts"}],"about":[{"href":"https:\/\/radiorevelacionfm.cl\/index.php?rest_route=\/wp\/v2\/types\/post"}],"author":[{"embeddable":true,"href":"https:\/\/radiorevelacionfm.cl\/index.php?rest_route=\/wp\/v2\/users\/1"}],"replies":[{"embeddable":true,"href":"https:\/\/radiorevelacionfm.cl\/index.php?rest_route=%2Fwp%2Fv2%2Fcomments&post=51429"}],"version-history":[{"count":1,"href":"https:\/\/radiorevelacionfm.cl\/index.php?rest_route=\/wp\/v2\/posts\/51429\/revisions"}],"predecessor-version":[{"id":51431,"href":"https:\/\/radiorevelacionfm.cl\/index.php?rest_route=\/wp\/v2\/posts\/51429\/revisions\/51431"}],"wp:featuredmedia":[{"embeddable":true,"href":"https:\/\/radiorevelacionfm.cl\/index.php?rest_route=\/wp\/v2\/media\/51430"}],"wp:attachment":[{"href":"https:\/\/radiorevelacionfm.cl\/index.php?rest_route=%2Fwp%2Fv2%2Fmedia&parent=51429"}],"wp:term":[{"taxonomy":"category","embeddable":true,"href":"https:\/\/radiorevelacionfm.cl\/index.php?rest_route=%2Fwp%2Fv2%2Fcategories&post=51429"},{"taxonomy":"post_tag","embeddable":true,"href":"https:\/\/radiorevelacionfm.cl\/index.php?rest_route=%2Fwp%2Fv2%2Ftags&post=51429"}],"curies":[{"name":"wp","href":"https:\/\/api.w.org\/{rel}","templated":true}]}}