{"id":51423,"date":"2025-03-14T20:53:39","date_gmt":"2025-03-14T23:53:39","guid":{"rendered":"https:\/\/radiorevelacionfm.cl\/?p=51423"},"modified":"2025-03-14T20:53:39","modified_gmt":"2025-03-14T23:53:39","slug":"dia-mundial-de-los-rios-esa-agua-que-no-se-pierde-en-el-mar","status":"publish","type":"post","link":"https:\/\/radiorevelacionfm.cl\/?p=51423","title":{"rendered":"D\u00eda Mundial de los R\u00edos: Esa agua que no se pierde en el mar"},"content":{"rendered":"<div class=\"flex_column av_one_full  flex_column_div av-zero-column-padding first  avia-builder-el-0  el_before_av_one_full  avia-builder-el-first  \" style='border-radius:0px; '><div  class='avia-image-container  av-styling-    avia-builder-el-1  avia-builder-el-no-sibling  avia-align-center '  itemprop=\"image\" itemscope=\"itemscope\" itemtype=\"https:\/\/schema.org\/ImageObject\"  ><div class='avia-image-container-inner'><div class='avia-image-overlay-wrap'><img decoding=\"async\" class='wp-image-51424 avia-img-lazy-loading-not-51424 avia_image' src=\"https:\/\/radiorevelacionfm.cl\/wp-content\/uploads\/2025\/03\/rios-1_optimized.jpg\" alt='' title='rios-(1)_optimized' height=\"600\" width=\"900\"  itemprop=\"thumbnailUrl\" srcset=\"https:\/\/radiorevelacionfm.cl\/wp-content\/uploads\/2025\/03\/rios-1_optimized.jpg 900w, https:\/\/radiorevelacionfm.cl\/wp-content\/uploads\/2025\/03\/rios-1_optimized-300x200.jpg 300w, https:\/\/radiorevelacionfm.cl\/wp-content\/uploads\/2025\/03\/rios-1_optimized-768x512.jpg 768w, https:\/\/radiorevelacionfm.cl\/wp-content\/uploads\/2025\/03\/rios-1_optimized-705x470.jpg 705w, https:\/\/radiorevelacionfm.cl\/wp-content\/uploads\/2025\/03\/rios-1_optimized-450x300.jpg 450w, https:\/\/radiorevelacionfm.cl\/wp-content\/uploads\/2025\/03\/rios-1_optimized-600x400.jpg 600w\" sizes=\"(max-width: 900px) 100vw, 900px\" \/><\/div><\/div><\/div><\/div><div class=\"flex_column av_one_full  flex_column_div av-zero-column-padding first  avia-builder-el-2  el_after_av_one_full  el_before_av_one_full  column-top-margin\" style='border-radius:0px; '><section class=\"av_textblock_section \"  itemscope=\"itemscope\" itemtype=\"https:\/\/schema.org\/BlogPosting\" itemprop=\"blogPost\" ><div class='avia_textblock  '   itemprop=\"text\" ><p style=\"text-align: center;\"><strong><span style=\"font-size: 18pt;\">D\u00eda Mundial de los R\u00edos: Esa agua que no se pierde en el mar<\/span><\/strong><\/p>\n<div id=\"gtx-trans\" style=\"position: absolute; left: -50px; top: 4.31534px;\">\n<div class=\"gtx-trans-icon\"><\/div>\n<\/div>\n<\/div><\/section><\/div><div class=\"flex_column av_one_full  flex_column_div av-zero-column-padding first  avia-builder-el-4  el_after_av_one_full  el_before_av_hr  column-top-margin\" style='border-radius:0px; '><section class=\"av_textblock_section \"  itemscope=\"itemscope\" itemtype=\"https:\/\/schema.org\/BlogPosting\" itemprop=\"blogPost\" ><div class='avia_textblock  '   itemprop=\"text\" ><p style=\"text-align: justify;\">Este 14 de marzo se conmemora el D\u00eda Mundial de Acci\u00f3n por los R\u00edos que busca generar conciencia sobre la relevancia de las cuencas en el mundo, por su importancia ambiental, ecosist\u00e9mica y sociocultural. En la actualidad ha quedado establecido que los r\u00edos facilitan a comunidades y ciudades su acceso al agua potable, el desarrollo agr\u00edcola e industrial, pero tambi\u00e9n que permiten la\u00a0<a href=\"https:\/\/salvemoslapatagonia.us9.list-manage.com\/track\/click?u=3261257c146a47f5e7162048a&amp;id=603d3fc3b5&amp;e=ae41561c6a\">integridad de los ecosistemas<\/a>, tanto en el cauce como en la ribera, como en toda la cuenca.<\/p>\n<p style=\"text-align: justify;\">Pero su aporte, incluso, va m\u00e1s all\u00e1. Son fundamentales para los sistemas litorale\u00f1os y mar\u00edtimos.<\/p>\n<p style=\"text-align: justify;\">En Chile existen\u00a0<a href=\"https:\/\/salvemoslapatagonia.us9.list-manage.com\/track\/click?u=3261257c146a47f5e7162048a&amp;id=b0f4a8c74e&amp;e=ae41561c6a\">101 cuencas hidrogr\u00e1ficas<\/a>\u00a0y m\u00e1s de 1200 r\u00edos, que mantienen una estrecha relaci\u00f3n con los ecosistemas costeros, ya que en su desplazamiento de cordillera a mar (por gravedad), transportan diversos nutrientes esenciales para la biodiversidad mar\u00edtima.<\/p>\n<p style=\"text-align: justify;\">El\u00a0<a href=\"https:\/\/salvemoslapatagonia.us9.list-manage.com\/track\/click?u=3261257c146a47f5e7162048a&amp;id=c07271b4b3&amp;e=ae41561c6a\">estudio<\/a>\u00a0\u00abAn\u00e1lisis: El agua de los r\u00edos no se pierde cuando llega al mar\u00bb, del Centro de Ciencias del Clima y la Resiliencia (CR2), da cuenta de las m\u00faltiples funciones que cumplen los r\u00edos que, siguiendo su flujo natural, desembocan en la costa y producen \u00abm\u00faltiples beneficios a las comunidades costeras, genera una barrera natural a la entrada de agua salobre r\u00edo arriba, determina las condiciones hidrogr\u00e1ficas y oceanogr\u00e1ficas necesarias para sustentar diversos h\u00e1bitats en la zona costera, y transporta sedimentos y sustancias disueltas esenciales para la productividad del oc\u00e9ano, incluyendo carbono, nitr\u00f3geno, f\u00f3sforo y s\u00edlice\u00bb.<\/p>\n<p style=\"text-align: justify;\">Es as\u00ed que el documento destaca la importancia del transporte de arenas y sedimentos hasta la costa. Si esto no ocurriera \u00abnuestras playas desaparecer\u00edan producto de la actividad erosiva natural. Junto con esto, las \u00e1reas estuarinas, donde el agua dulce de los r\u00edos se encuentra con el mar, generan un h\u00e1bitat \u00fanico, de una extraordinaria biodiversidad terrestre y acu\u00e1tica, que involucra especies de ambos mundos, el del agua dulce y el del agua salada\u00bb.<\/p>\n<p style=\"text-align: justify;\">En la\u00a0<a href=\"https:\/\/salvemoslapatagonia.us9.list-manage.com\/track\/click?u=3261257c146a47f5e7162048a&amp;id=15ace7e2ea&amp;e=ae41561c6a\">investigaci\u00f3n<\/a>\u00a0\u00abLa influencia de la descarga fluvial en la exportaci\u00f3n de nutrientes y la biomasa de fitoplancton frente a la costa central de Chile (33\u00b0\u201337\u00b0S): ciclo estacional y variabilidad interanual\u00bb, un grupo de cient\u00edficos de diversos pa\u00edses\u00a0demostr\u00f3 c\u00f3mo los r\u00edos pueden contribuir a mejorar la actividad biol\u00f3gica en las aguas costeras de Chile central y c\u00f3mo este aporte se ve disminuido en per\u00edodos de sequ\u00eda, cuando el cauce es menor.<\/p>\n<p style=\"text-align: justify;\">\u00abLos ecosistemas marinos no ser\u00edan como son, tan ricos ni diversos si no fuera por el agua dulce de los r\u00edos, por los nutrientes que traen\u00bb acota Francisco Viddi, bi\u00f3logo marino de la Fundaci\u00f3n Melimoyu e integrante de la Campa\u00f1a Salvemos la Patagonia.<\/p>\n<p style=\"text-align: justify;\">En especial, el bi\u00f3logo se refiere al valor del maritorio de la Patagonia chilena \u00abconsiderado un gran estuario, precisamente por los complejos procesos oceanogr\u00e1ficos de fina y meso escala que se producen a ra\u00edz del agua dulce, el encuentro entre los dos tipos de agua, dulce y salada\u00bb.<\/p>\n<p style=\"text-align: justify;\">Viddi menciona que en esta zona diferentes \u00e1reas protegidas con zonas costeras dependen del aporte de los r\u00edos para mantener su valor ecol\u00f3gico, constatando la estrecha relaci\u00f3n entre los cursos h\u00eddricos no intervenidos.<\/p>\n<p style=\"text-align: justify;\">Ejemplo de ello es la conexi\u00f3n entre el r\u00edo Melimoyu sur o r\u00edo Marchant, que atraviesa el\u00a0<a href=\"https:\/\/salvemoslapatagonia.us9.list-manage.com\/track\/click?u=3261257c146a47f5e7162048a&amp;id=9bfe62096e&amp;e=ae41561c6a\">Parque Nacional Melimoyu<\/a>\u00a0y desemboca en la Bah\u00eda Melimoyu. Los r\u00edos Queulat y Cisnes, en tanto, aportan al\u00a0<a href=\"https:\/\/salvemoslapatagonia.us9.list-manage.com\/track\/click?u=3261257c146a47f5e7162048a&amp;id=428da49225&amp;e=ae41561c6a\">Parque Nacional Queulat<\/a>\u00a0y desembocan en el canal Puyuhuapi, frente al Parque\u00a0<a href=\"https:\/\/salvemoslapatagonia.us9.list-manage.com\/track\/click?u=3261257c146a47f5e7162048a&amp;id=5843da7b23&amp;e=ae41561c6a\">Nacional Isla Magdalena<\/a>, beneficiando a estas dos \u00e1reas protegidas.<\/p>\n<p style=\"text-align: justify;\">M\u00e1s al sur, el Yelcho y el Chait\u00e9n se vinculan con el\u00a0<a href=\"https:\/\/salvemoslapatagonia.us9.list-manage.com\/track\/click?u=3261257c146a47f5e7162048a&amp;id=a7e3b8b526&amp;e=ae41561c6a\">Parque Nacional Pumal\u00edn Douglas Tompkins<\/a>, mientras que el Palena se relaciona con tres \u00e1reas protegidas, fluyendo hacia el<a href=\"https:\/\/salvemoslapatagonia.us9.list-manage.com\/track\/click?u=3261257c146a47f5e7162048a&amp;id=5eb7c2d3e1&amp;e=ae41561c6a\">\u00a0\u00c1rea Marina Costera Protegida de M\u00faltiple Usos Pitipalena-A\u00f1ihue<\/a>, el\u00a0<a href=\"https:\/\/salvemoslapatagonia.us9.list-manage.com\/track\/click?u=3261257c146a47f5e7162048a&amp;id=eae7216b86&amp;e=ae41561c6a\">Parque Nacional Corcovado<\/a>\u00a0y el\u00a0<a href=\"https:\/\/salvemoslapatagonia.us9.list-manage.com\/track\/click?u=3261257c146a47f5e7162048a&amp;id=68ad40af70&amp;e=ae41561c6a\">Parque Nacional Melimoyu<\/a>.<\/p>\n<p style=\"text-align: justify;\">La relaci\u00f3n de los r\u00edos con las zonas costeras donde desembocan benefician directamente a la biodiversidad de estas \u00e1reas. Dejando patente que, el agua de los r\u00edos, no se pierde en el mar.<\/p>\n<\/div><\/section><\/div><div  style='height:50px' class='hr hr-invisible   avia-builder-el-6  el_after_av_one_full  el_before_av_social_share '><span class='hr-inner ' ><span class='hr-inner-style'><\/span><\/span><\/div><\/p>\n<div  class='av-social-sharing-box  avia-builder-el-7  el_after_av_hr  el_before_av_hr  '><div class='av-share-box'><h5 class='av-share-link-description av-no-toc '>Compartir esta noticia<\/h5><ul class='av-share-box-list noLightbox'><li class='av-share-link av-social-link-facebook' ><a target=\"_blank\" aria-label=\"Compartir en Facebook\" href='https:\/\/www.facebook.com\/sharer.php?u=https:\/\/radiorevelacionfm.cl\/?p=51423&#038;t=D%C3%ADa%20Mundial%20de%20los%20R%C3%ADos%3A%20Esa%20agua%20que%20no%20se%20pierde%20en%20el%20mar' aria-hidden='false' data-av_icon='\ue8f3' data-av_iconfont='entypo-fontello' title='' data-avia-related-tooltip='Compartir en Facebook' rel=\"noopener\"><span class='avia_hidden_link_text'>Compartir en Facebook<\/span><\/a><\/li><li class='av-share-link av-social-link-twitter' ><a target=\"_blank\" aria-label=\"Compartir en Twitter\" href='https:\/\/twitter.com\/share?text=D%C3%ADa%20Mundial%20de%20los%20R%C3%ADos%3A%20Esa%20agua%20que%20no%20se%20pierde%20en%20el%20mar&#038;url=https:\/\/radiorevelacionfm.cl\/?p=51423' aria-hidden='false' data-av_icon='\ue8f1' data-av_iconfont='entypo-fontello' title='' data-avia-related-tooltip='Compartir en Twitter' rel=\"noopener\"><span class='avia_hidden_link_text'>Compartir en Twitter<\/span><\/a><\/li><li class='av-share-link av-social-link-whatsapp' ><a target=\"_blank\" aria-label=\"Compartir en Whatsapp\" href='https:\/\/api.whatsapp.com\/send?text=https:\/\/radiorevelacionfm.cl\/?p=51423' aria-hidden='false' data-av_icon='\uf232' data-av_iconfont='entypo-fontello' title='' data-avia-related-tooltip='Compartir en Whatsapp' rel=\"noopener\"><span class='avia_hidden_link_text'>Compartir en Whatsapp<\/span><\/a><\/li><li class='av-share-link av-social-link-linkedin' ><a target=\"_blank\" aria-label=\"Compartir en LinkedIn\" href='https:\/\/linkedin.com\/shareArticle?mini=true&#038;title=D%C3%ADa%20Mundial%20de%20los%20R%C3%ADos%3A%20Esa%20agua%20que%20no%20se%20pierde%20en%20el%20mar&#038;url=https:\/\/radiorevelacionfm.cl\/?p=51423' aria-hidden='false' data-av_icon='\ue8fc' data-av_iconfont='entypo-fontello' title='' data-avia-related-tooltip='Compartir en LinkedIn' rel=\"noopener\"><span class='avia_hidden_link_text'>Compartir en LinkedIn<\/span><\/a><\/li><li class='av-share-link av-social-link-mail' ><a  aria-label=\"Compartir por correo\" href='mailto:?subject=D%C3%ADa%20Mundial%20de%20los%20R%C3%ADos%3A%20Esa%20agua%20que%20no%20se%20pierde%20en%20el%20mar&#038;body=https:\/\/radiorevelacionfm.cl\/?p=51423' aria-hidden='false' data-av_icon='\ue805' data-av_iconfont='entypo-fontello' title='' data-avia-related-tooltip='Compartir por correo'><span class='avia_hidden_link_text'>Compartir por correo<\/span><\/a><\/li><\/ul><\/div><\/div>\n<div  style='height:50px' class='hr hr-invisible   avia-builder-el-8  el_after_av_social_share  el_before_av_comments_list '><span class='hr-inner ' ><span class='hr-inner-style'><\/span><\/span><\/div>\n<div  class='av-buildercomment  av-blog-meta-html-info-disabled av-blog-meta-tag-disabled  '><\/div>\n","protected":false},"excerpt":{"rendered":"","protected":false},"author":1,"featured_media":51424,"comment_status":"open","ping_status":"open","sticky":false,"template":"","format":"standard","meta":{"footnotes":""},"categories":[39],"tags":[],"class_list":["post-51423","post","type-post","status-publish","format-standard","has-post-thumbnail","hentry","category-medio-ambiente"],"jetpack_featured_media_url":"https:\/\/radiorevelacionfm.cl\/wp-content\/uploads\/2025\/03\/rios-1_optimized.jpg","_links":{"self":[{"href":"https:\/\/radiorevelacionfm.cl\/index.php?rest_route=\/wp\/v2\/posts\/51423","targetHints":{"allow":["GET"]}}],"collection":[{"href":"https:\/\/radiorevelacionfm.cl\/index.php?rest_route=\/wp\/v2\/posts"}],"about":[{"href":"https:\/\/radiorevelacionfm.cl\/index.php?rest_route=\/wp\/v2\/types\/post"}],"author":[{"embeddable":true,"href":"https:\/\/radiorevelacionfm.cl\/index.php?rest_route=\/wp\/v2\/users\/1"}],"replies":[{"embeddable":true,"href":"https:\/\/radiorevelacionfm.cl\/index.php?rest_route=%2Fwp%2Fv2%2Fcomments&post=51423"}],"version-history":[{"count":1,"href":"https:\/\/radiorevelacionfm.cl\/index.php?rest_route=\/wp\/v2\/posts\/51423\/revisions"}],"predecessor-version":[{"id":51425,"href":"https:\/\/radiorevelacionfm.cl\/index.php?rest_route=\/wp\/v2\/posts\/51423\/revisions\/51425"}],"wp:featuredmedia":[{"embeddable":true,"href":"https:\/\/radiorevelacionfm.cl\/index.php?rest_route=\/wp\/v2\/media\/51424"}],"wp:attachment":[{"href":"https:\/\/radiorevelacionfm.cl\/index.php?rest_route=%2Fwp%2Fv2%2Fmedia&parent=51423"}],"wp:term":[{"taxonomy":"category","embeddable":true,"href":"https:\/\/radiorevelacionfm.cl\/index.php?rest_route=%2Fwp%2Fv2%2Fcategories&post=51423"},{"taxonomy":"post_tag","embeddable":true,"href":"https:\/\/radiorevelacionfm.cl\/index.php?rest_route=%2Fwp%2Fv2%2Ftags&post=51423"}],"curies":[{"name":"wp","href":"https:\/\/api.w.org\/{rel}","templated":true}]}}