{"id":51417,"date":"2025-03-14T16:59:46","date_gmt":"2025-03-14T19:59:46","guid":{"rendered":"https:\/\/radiorevelacionfm.cl\/?p=51417"},"modified":"2025-03-14T16:59:46","modified_gmt":"2025-03-14T19:59:46","slug":"concretan-esperado-financiamiento-para-la-orquesta-de-camara-de-la-universidad-de-aysen","status":"publish","type":"post","link":"https:\/\/radiorevelacionfm.cl\/?p=51417","title":{"rendered":"Concretan esperado financiamiento para la Orquesta de C\u00e1mara de la Universidad de Ays\u00e9n"},"content":{"rendered":"<div class=\"flex_column av_one_full  flex_column_div av-zero-column-padding first  avia-builder-el-0  el_before_av_one_full  avia-builder-el-first  \" style='border-radius:0px; '><div  class='avia-image-container  av-styling-    avia-builder-el-1  avia-builder-el-no-sibling  avia-align-center '  itemprop=\"image\" itemscope=\"itemscope\" itemtype=\"https:\/\/schema.org\/ImageObject\"  ><div class='avia-image-container-inner'><div class='avia-image-overlay-wrap'><img decoding=\"async\" class='wp-image-51418 avia-img-lazy-loading-not-51418 avia_image' src=\"https:\/\/radiorevelacionfm.cl\/wp-content\/uploads\/2025\/03\/aysEn-marzo-2025-08_optimized.jpg\" alt='' title='ays\u00c9n---marzo-2025-08_optimized' height=\"600\" width=\"900\"  itemprop=\"thumbnailUrl\" srcset=\"https:\/\/radiorevelacionfm.cl\/wp-content\/uploads\/2025\/03\/aysEn-marzo-2025-08_optimized.jpg 900w, https:\/\/radiorevelacionfm.cl\/wp-content\/uploads\/2025\/03\/aysEn-marzo-2025-08_optimized-300x200.jpg 300w, https:\/\/radiorevelacionfm.cl\/wp-content\/uploads\/2025\/03\/aysEn-marzo-2025-08_optimized-768x512.jpg 768w, https:\/\/radiorevelacionfm.cl\/wp-content\/uploads\/2025\/03\/aysEn-marzo-2025-08_optimized-705x470.jpg 705w, https:\/\/radiorevelacionfm.cl\/wp-content\/uploads\/2025\/03\/aysEn-marzo-2025-08_optimized-450x300.jpg 450w, https:\/\/radiorevelacionfm.cl\/wp-content\/uploads\/2025\/03\/aysEn-marzo-2025-08_optimized-600x400.jpg 600w\" sizes=\"(max-width: 900px) 100vw, 900px\" \/><\/div><\/div><\/div><\/div><div class=\"flex_column av_one_full  flex_column_div av-zero-column-padding first  avia-builder-el-2  el_after_av_one_full  el_before_av_one_full  column-top-margin\" style='border-radius:0px; '><section class=\"av_textblock_section \"  itemscope=\"itemscope\" itemtype=\"https:\/\/schema.org\/BlogPosting\" itemprop=\"blogPost\" ><div class='avia_textblock  '   itemprop=\"text\" ><p style=\"text-align: center;\"><strong><span style=\"font-size: 18pt;\">Concretan esperado financiamiento para la Orquesta de C\u00e1mara de la Universidad de Ays\u00e9n<\/span><\/strong><\/p>\n<div id=\"gtx-trans\" style=\"position: absolute; left: -50px; top: 4.31534px;\">\n<div class=\"gtx-trans-icon\"><\/div>\n<\/div>\n<\/div><\/section><\/div><div class=\"flex_column av_one_full  flex_column_div av-zero-column-padding first  avia-builder-el-4  el_after_av_one_full  el_before_av_hr  column-top-margin\" style='border-radius:0px; '><section class=\"av_textblock_section \"  itemscope=\"itemscope\" itemtype=\"https:\/\/schema.org\/BlogPosting\" itemprop=\"blogPost\" ><div class='avia_textblock  '   itemprop=\"text\" ><p style=\"text-align: justify;\"><em>Este jueves se realiz\u00f3 en el auditorio del Museo Regional la firma de convenio que traspasa recursos, v\u00eda Ley de Presupuestos 2025, para el financiamiento permanente del elenco dependiente de la casa de estudios. \u00a0<\/em><\/p>\n<div style=\"text-align: justify;\">\n<p>Luego de 10 a\u00f1os de espera, la Regi\u00f3n de Ays\u00e9n contar\u00e1 con un elenco estable financiado a trav\u00e9s de la glosa 29 del Ministerio de las Culturas, las Artes y el Patrimonio en la Ley de Presupuestos 2025. Se trata de la nueva Orquesta de C\u00e1mara de la Universidad de Ays\u00e9n, que a partir de este a\u00f1o comenzar\u00e1 sus programas de formaci\u00f3n y su calendario de presentaciones por la zona.<\/p>\n<p>As\u00ed lo anunci\u00f3 este jueves la ministra de las Culturas, las Artes y el Patrimonio, Carolina Arredondo Marz\u00e1n, quien visit\u00f3 Coyhaique para firmar el convenio que traspasa los recursos desde el Programa de Orquestas Regionales Profesionales del Ministerio de las Culturas a la nueva Orquesta de C\u00e1mara, dirigida por el maestro H\u00e9ctor M\u00e9ndez Aravena.<\/p>\n<p>\u201cEstamos felices porque la tramitaci\u00f3n presupuestaria en el caso de la partida 29 del Ministerio de las Culturas siempre tiene un esfuerzo adicional, sobre todo cuando nos hemos planteado incrementar los recursos. Pero cuando uno tiene la posibilidad de darle nombre y apellido a cada uno de esos incrementos presupuestarios, como es el caso de la Orquesta de C\u00e1mara de la Universidad de Ays\u00e9n, va tomando sentido para todos y todas. No solamente para quienes votan el presupuesto en el Congreso, sino tambi\u00e9n para sus habitantes, para toda la comunidad y para aquellos que por primera vez van a tener la oportunidad de disfrutar de la maravillosa pr\u00e1ctica orquestal que se va a estar desarrollando desde la regi\u00f3n y en la regi\u00f3n. Eso es muy importante\u201d, dijo la ministra Carolina Arredondo.<\/p>\n<p>Para el administrador provisional de la Universidad de Ays\u00e9n, Juan Pablo Prieto Cox, se trata de \u201cun sue\u00f1o y un regalo. La m\u00fasica es transformadora. Entonces, poder tener una orquesta profesional de personas que se dedican toda su jornada a la m\u00fasica, transforma mucho las posibilidades que tienen la universidad y la regi\u00f3n de enriquecerse con esto. Estamos realmente contentos por el regalo que nos han hecho, por el compromiso de muchas personas que permitieron que esto se firmara oficialmente hoy. Detr\u00e1s de esto hay fuerzas vivas de la regi\u00f3n que se le han jugado permanentemente en situaciones no siempre muy buenas para lograr el estado actual que hemos alcanzado\u201d.<\/p>\n<p>Dentro de este proceso fueron muy importantes la m\u00fasica y profesora Magdalena Rosas, fundadora de la Escuela de M\u00fasica de Coyhaique, y la senadora Ximena \u00d3rdenes, quien impuls\u00f3 en el parlamento las conversaciones que consiguieron la unanimidad del Senado para el financiamiento de la Orquesta de C\u00e1mara de Ays\u00e9n.<\/p>\n<p>La senadora \u00d3rdenes manifest\u00f3 que \u201ctodo tiene una historia. Quiero valorar el esfuerzo, primero de los gestores culturales, de los m\u00fasicos de la Regi\u00f3n de Ays\u00e9n, especialmente Magdalena Rosas y H\u00e9ctor M\u00e9ndez y, a trav\u00e9s de ellos, la Universidad de Ays\u00e9n y el Ministerio de las Culturas. Lo primero que hicimos fue sacar un proyecto de acuerdo en el parlamento para solicitar formalmente al Presidente de la Rep\u00fablica entregar un financiamiento permanente. Luego lo levantamos pr\u00e1cticamente como una causa en la Ley de Presupuestos y hoy estoy muy contenta porque contamos con un financiamiento permanente a trav\u00e9s de un programa espec\u00edfico del Ministerio de las Culturas. Esta es una gran oportunidad para la Regi\u00f3n de Ays\u00e9n\u201d.<\/p>\n<p>El director de la Orquesta, H\u00e9ctor M\u00e9ndez, dijo tener un gran anhelo: \u201cNuestras aspiraciones son s\u00faper altas en cuanto a todos los aspectos que pueda desarrollar la Orquesta. Nuestra misi\u00f3n es la formaci\u00f3n y la interpretaci\u00f3n, el llegar a la regi\u00f3n con una orquesta. Nuestros desaf\u00edos est\u00e1n basados en esos aspectos y queremos poner todo nuestro esfuerzo para que esto funcione. La regi\u00f3n va a tener una agrupaci\u00f3n que se va a preocupar de llevarles m\u00fasica y formaci\u00f3n de la m\u00e1s alta calidad posible\u201d.<\/p>\n<\/div>\n<\/div><\/section><\/div><div  style='height:50px' class='hr hr-invisible   avia-builder-el-6  el_after_av_one_full  el_before_av_social_share '><span class='hr-inner ' ><span class='hr-inner-style'><\/span><\/span><\/div><\/p>\n<div  class='av-social-sharing-box  avia-builder-el-7  el_after_av_hr  el_before_av_hr  '><div class='av-share-box'><h5 class='av-share-link-description av-no-toc '>Compartir esta noticia<\/h5><ul class='av-share-box-list noLightbox'><li class='av-share-link av-social-link-facebook' ><a target=\"_blank\" aria-label=\"Compartir en Facebook\" href='https:\/\/www.facebook.com\/sharer.php?u=https:\/\/radiorevelacionfm.cl\/?p=51417&#038;t=Concretan%20esperado%20financiamiento%20para%20la%20Orquesta%20de%20C%C3%A1mara%20de%20la%20Universidad%20de%20Ays%C3%A9n' aria-hidden='false' data-av_icon='\ue8f3' data-av_iconfont='entypo-fontello' title='' data-avia-related-tooltip='Compartir en Facebook' rel=\"noopener\"><span class='avia_hidden_link_text'>Compartir en Facebook<\/span><\/a><\/li><li class='av-share-link av-social-link-twitter' ><a target=\"_blank\" aria-label=\"Compartir en Twitter\" href='https:\/\/twitter.com\/share?text=Concretan%20esperado%20financiamiento%20para%20la%20Orquesta%20de%20C%C3%A1mara%20de%20la%20Universidad%20de%20Ays%C3%A9n&#038;url=https:\/\/radiorevelacionfm.cl\/?p=51417' aria-hidden='false' data-av_icon='\ue8f1' data-av_iconfont='entypo-fontello' title='' data-avia-related-tooltip='Compartir en Twitter' rel=\"noopener\"><span class='avia_hidden_link_text'>Compartir en Twitter<\/span><\/a><\/li><li class='av-share-link av-social-link-whatsapp' ><a target=\"_blank\" aria-label=\"Compartir en Whatsapp\" href='https:\/\/api.whatsapp.com\/send?text=https:\/\/radiorevelacionfm.cl\/?p=51417' aria-hidden='false' data-av_icon='\uf232' data-av_iconfont='entypo-fontello' title='' data-avia-related-tooltip='Compartir en Whatsapp' rel=\"noopener\"><span class='avia_hidden_link_text'>Compartir en Whatsapp<\/span><\/a><\/li><li class='av-share-link av-social-link-linkedin' ><a target=\"_blank\" aria-label=\"Compartir en LinkedIn\" href='https:\/\/linkedin.com\/shareArticle?mini=true&#038;title=Concretan%20esperado%20financiamiento%20para%20la%20Orquesta%20de%20C%C3%A1mara%20de%20la%20Universidad%20de%20Ays%C3%A9n&#038;url=https:\/\/radiorevelacionfm.cl\/?p=51417' aria-hidden='false' data-av_icon='\ue8fc' data-av_iconfont='entypo-fontello' title='' data-avia-related-tooltip='Compartir en LinkedIn' rel=\"noopener\"><span class='avia_hidden_link_text'>Compartir en LinkedIn<\/span><\/a><\/li><li class='av-share-link av-social-link-mail' ><a  aria-label=\"Compartir por correo\" href='mailto:?subject=Concretan%20esperado%20financiamiento%20para%20la%20Orquesta%20de%20C%C3%A1mara%20de%20la%20Universidad%20de%20Ays%C3%A9n&#038;body=https:\/\/radiorevelacionfm.cl\/?p=51417' aria-hidden='false' data-av_icon='\ue805' data-av_iconfont='entypo-fontello' title='' data-avia-related-tooltip='Compartir por correo'><span class='avia_hidden_link_text'>Compartir por correo<\/span><\/a><\/li><\/ul><\/div><\/div>\n<div  style='height:50px' class='hr hr-invisible   avia-builder-el-8  el_after_av_social_share  el_before_av_comments_list '><span class='hr-inner ' ><span class='hr-inner-style'><\/span><\/span><\/div>\n<div  class='av-buildercomment  av-blog-meta-html-info-disabled av-blog-meta-tag-disabled  '><\/div>\n","protected":false},"excerpt":{"rendered":"","protected":false},"author":1,"featured_media":51418,"comment_status":"open","ping_status":"open","sticky":false,"template":"","format":"standard","meta":{"footnotes":""},"categories":[52],"tags":[],"class_list":["post-51417","post","type-post","status-publish","format-standard","has-post-thumbnail","hentry","category-cultura"],"jetpack_featured_media_url":"https:\/\/radiorevelacionfm.cl\/wp-content\/uploads\/2025\/03\/aysEn-marzo-2025-08_optimized.jpg","_links":{"self":[{"href":"https:\/\/radiorevelacionfm.cl\/index.php?rest_route=\/wp\/v2\/posts\/51417","targetHints":{"allow":["GET"]}}],"collection":[{"href":"https:\/\/radiorevelacionfm.cl\/index.php?rest_route=\/wp\/v2\/posts"}],"about":[{"href":"https:\/\/radiorevelacionfm.cl\/index.php?rest_route=\/wp\/v2\/types\/post"}],"author":[{"embeddable":true,"href":"https:\/\/radiorevelacionfm.cl\/index.php?rest_route=\/wp\/v2\/users\/1"}],"replies":[{"embeddable":true,"href":"https:\/\/radiorevelacionfm.cl\/index.php?rest_route=%2Fwp%2Fv2%2Fcomments&post=51417"}],"version-history":[{"count":1,"href":"https:\/\/radiorevelacionfm.cl\/index.php?rest_route=\/wp\/v2\/posts\/51417\/revisions"}],"predecessor-version":[{"id":51419,"href":"https:\/\/radiorevelacionfm.cl\/index.php?rest_route=\/wp\/v2\/posts\/51417\/revisions\/51419"}],"wp:featuredmedia":[{"embeddable":true,"href":"https:\/\/radiorevelacionfm.cl\/index.php?rest_route=\/wp\/v2\/media\/51418"}],"wp:attachment":[{"href":"https:\/\/radiorevelacionfm.cl\/index.php?rest_route=%2Fwp%2Fv2%2Fmedia&parent=51417"}],"wp:term":[{"taxonomy":"category","embeddable":true,"href":"https:\/\/radiorevelacionfm.cl\/index.php?rest_route=%2Fwp%2Fv2%2Fcategories&post=51417"},{"taxonomy":"post_tag","embeddable":true,"href":"https:\/\/radiorevelacionfm.cl\/index.php?rest_route=%2Fwp%2Fv2%2Ftags&post=51417"}],"curies":[{"name":"wp","href":"https:\/\/api.w.org\/{rel}","templated":true}]}}