{"id":51412,"date":"2025-03-14T14:37:21","date_gmt":"2025-03-14T17:37:21","guid":{"rendered":"https:\/\/radiorevelacionfm.cl\/?p=51412"},"modified":"2025-03-14T14:46:04","modified_gmt":"2025-03-14T17:46:04","slug":"familiares-denuncian-cerca-de-50-tumbas-inundadas-en-cementerio-de-puerto-aysen","status":"publish","type":"post","link":"https:\/\/radiorevelacionfm.cl\/?p=51412","title":{"rendered":"Familiares denuncian cerca de 50 tumbas inundadas en cementerio de Puerto Ays\u00e9n"},"content":{"rendered":"<div class=\"flex_column av_one_full  flex_column_div av-zero-column-padding first  avia-builder-el-0  el_before_av_one_full  avia-builder-el-first  \" style='border-radius:0px; '><div  class='avia-image-container  av-styling-    avia-builder-el-1  avia-builder-el-no-sibling  avia-align-center '  itemprop=\"image\" itemscope=\"itemscope\" itemtype=\"https:\/\/schema.org\/ImageObject\"  ><div class='avia-image-container-inner'><div class='avia-image-overlay-wrap'><img decoding=\"async\" class='wp-image-51415 avia-img-lazy-loading-not-51415 avia_image' src=\"https:\/\/radiorevelacionfm.cl\/wp-content\/uploads\/2025\/03\/familias1_optimized.jpg\" alt='' title='familias1_optimized' height=\"600\" width=\"1109\"  itemprop=\"thumbnailUrl\" srcset=\"https:\/\/radiorevelacionfm.cl\/wp-content\/uploads\/2025\/03\/familias1_optimized.jpg 1109w, https:\/\/radiorevelacionfm.cl\/wp-content\/uploads\/2025\/03\/familias1_optimized-300x162.jpg 300w, https:\/\/radiorevelacionfm.cl\/wp-content\/uploads\/2025\/03\/familias1_optimized-1030x557.jpg 1030w, https:\/\/radiorevelacionfm.cl\/wp-content\/uploads\/2025\/03\/familias1_optimized-768x416.jpg 768w, https:\/\/radiorevelacionfm.cl\/wp-content\/uploads\/2025\/03\/familias1_optimized-705x381.jpg 705w, https:\/\/radiorevelacionfm.cl\/wp-content\/uploads\/2025\/03\/familias1_optimized-450x243.jpg 450w, https:\/\/radiorevelacionfm.cl\/wp-content\/uploads\/2025\/03\/familias1_optimized-600x325.jpg 600w\" sizes=\"(max-width: 1109px) 100vw, 1109px\" \/><\/div><\/div><\/div><\/div><div class=\"flex_column av_one_full  flex_column_div av-zero-column-padding first  avia-builder-el-2  el_after_av_one_full  el_before_av_one_full  column-top-margin\" style='border-radius:0px; '><section class=\"av_textblock_section \"  itemscope=\"itemscope\" itemtype=\"https:\/\/schema.org\/BlogPosting\" itemprop=\"blogPost\" ><div class='avia_textblock  '   itemprop=\"text\" ><p style=\"text-align: center;\"><strong><span style=\"font-size: 18pt;\">Familiares denuncian cerca de 50 tumbas inundadas en cementerio de Puerto Ays\u00e9n <\/span><\/strong><\/p>\n<div id=\"gtx-trans\" style=\"position: absolute; left: -50px; top: 4.31534px;\">\n<div class=\"gtx-trans-icon\"><\/div>\n<\/div>\n<\/div><\/section><\/div><\/p>\n<div class=\"flex_column av_one_full  flex_column_div av-zero-column-padding first  avia-builder-el-4  el_after_av_one_full  el_before_av_hr  column-top-margin\" style='border-radius:0px; '><section class=\"av_textblock_section \"  itemscope=\"itemscope\" itemtype=\"https:\/\/schema.org\/BlogPosting\" itemprop=\"blogPost\" ><div class='avia_textblock  '   itemprop=\"text\" ><p style=\"font-weight: 400; text-align: justify;\">Los diputado Miguel \u00c1ngel Calisto, Ren\u00e9 Alinco y Marcia Raphael, junto a un grupo de familiares de los difuntos afectados, denunciaron la inundaci\u00f3n de cerca de 50 tumbas en el cementerio Municipal de Puerto Ays\u00e9n, hecho que consideraron como grave, por lo que oficiaron a la Seremi de Salud y a la Municipalidad solicitando informaci\u00f3n y medidas urgentes para solucionar este tema.<\/p>\n<p style=\"font-weight: 400; text-align: justify;\">Los diputados Alinco y Calisto se reunieron este en Puerto Ays\u00e9n jueves con un grupo de familiares de los difuntos afectados, quienes le manifestaron la preocupaci\u00f3n y congoja que les genera esta situaci\u00f3n.<\/p>\n<p style=\"font-weight: 400; text-align: justify;\">Seg\u00fan el diputado Miguel \u00c1ngel Calisto, \u201clos tres diputados de la regi\u00f3n estamos acompa\u00f1ando a las familias, en primer lugar para iniciar todas las acciones de fiscalizaci\u00f3n necesarias. Las familias nos han relatado de una manera muy dolorosa, dram\u00e1tica, lo que significa que hoy d\u00eda sus familiares est\u00e9n en condiciones complejas en el cementerio, un cementerio que est\u00e1 inundado, que la verdad es que hasta el momento nosotros nos preguntamos d\u00f3nde est\u00e1n los fiscalizadores de las entidades t\u00e9cnicas, en este caso, por ejemplo, de la Seremi de Salud\u201d.<\/p>\n<p style=\"font-weight: 400; text-align: justify;\">\u201cLa Seremi de Salud no pudo haber recibido un cementerio y permitir que se entierren personas en lugares que no era apto y que evidentemente eran terrenos inundables. Entonces, hoy d\u00eda estamos viendo la magnitud del problema. Aqu\u00ed tambi\u00e9n hay responsabilidad del Director de Obras de la Municipalidad. Necesitamos saber finalmente qui\u00e9n autoriz\u00f3 que ese cementerio funcione en las condiciones que hoy d\u00eda est\u00e1 funcionando\u201d, indic\u00f3.<\/p>\n<p style=\"font-weight: 400; text-align: justify;\">Calisto asegur\u00f3 que \u201cac\u00e1 se tiene que hacer un plan de contingencia inmediato, iniciar el proceso para sacar a las personas que est\u00e1n ah\u00ed, darle un lugar digno, una cristiana sepultura como merecen hasta que sean reubicados, entiendo que hay nichos disponibles que podr\u00edan ser utilizados para atender la emergencia que hoy d\u00eda se est\u00e1 viviendo ac\u00e1 en Puerto Ays\u00e9n. Nosotros oficiamos al Ministerio de Salud\u201d.<\/p>\n<p style=\"font-weight: 400; text-align: justify;\">Por su parte, Jonathan Parraguez, quien tiene un familiar enterrado en el cementerio cuya tumba se inund\u00f3, se\u00f1al\u00f3 que \u201cnosotros en el mes de enero sepultamos a mi suegra, y por circunstancias de la vida nos enteramos que esa parte se inunda. Al recabar antecedentes, consultar, hacer mediciones, fotograf\u00eda, hablar con los trabajadores, nosotros corroboramos esa informaci\u00f3n\u201d.<\/p>\n<p style=\"font-weight: 400; text-align: justify;\">Finalmente, el afectado se\u00f1al\u00f3 que \u201cvamos a iniciar una acci\u00f3n judicial a la espera de que salga todo bien y que por nuestros deudos tengamos una soluci\u00f3n digna y por ello justicia. Estamos nosotros hoy en d\u00eda por ellos luchando y vamos a llegar a las \u00faltimas consecuencias, porque ac\u00e1 se ha faltado el respeto a la dignidad de todas las personas\u201d.<\/p>\n<\/div><\/section><\/div>\n<div  style='height:50px' class='hr hr-invisible   avia-builder-el-6  el_after_av_one_full  el_before_av_social_share '><span class='hr-inner ' ><span class='hr-inner-style'><\/span><\/span><\/div>\n<div  class='av-social-sharing-box  avia-builder-el-7  el_after_av_hr  el_before_av_hr  '><div class='av-share-box'><h5 class='av-share-link-description av-no-toc '>Compartir esta noticia<\/h5><ul class='av-share-box-list noLightbox'><li class='av-share-link av-social-link-facebook' ><a target=\"_blank\" aria-label=\"Compartir en Facebook\" href='https:\/\/www.facebook.com\/sharer.php?u=https:\/\/radiorevelacionfm.cl\/?p=51412&#038;t=Familiares%20denuncian%20cerca%20de%2050%20tumbas%20inundadas%20en%20cementerio%20de%20Puerto%20Ays%C3%A9n' aria-hidden='false' data-av_icon='\ue8f3' data-av_iconfont='entypo-fontello' title='' data-avia-related-tooltip='Compartir en Facebook' rel=\"noopener\"><span class='avia_hidden_link_text'>Compartir en Facebook<\/span><\/a><\/li><li class='av-share-link av-social-link-twitter' ><a target=\"_blank\" aria-label=\"Compartir en Twitter\" href='https:\/\/twitter.com\/share?text=Familiares%20denuncian%20cerca%20de%2050%20tumbas%20inundadas%20en%20cementerio%20de%20Puerto%20Ays%C3%A9n&#038;url=https:\/\/radiorevelacionfm.cl\/?p=51412' aria-hidden='false' data-av_icon='\ue8f1' data-av_iconfont='entypo-fontello' title='' data-avia-related-tooltip='Compartir en Twitter' rel=\"noopener\"><span class='avia_hidden_link_text'>Compartir en Twitter<\/span><\/a><\/li><li class='av-share-link av-social-link-whatsapp' ><a target=\"_blank\" aria-label=\"Compartir en Whatsapp\" href='https:\/\/api.whatsapp.com\/send?text=https:\/\/radiorevelacionfm.cl\/?p=51412' aria-hidden='false' data-av_icon='\uf232' data-av_iconfont='entypo-fontello' title='' data-avia-related-tooltip='Compartir en Whatsapp' rel=\"noopener\"><span class='avia_hidden_link_text'>Compartir en Whatsapp<\/span><\/a><\/li><li class='av-share-link av-social-link-linkedin' ><a target=\"_blank\" aria-label=\"Compartir en LinkedIn\" href='https:\/\/linkedin.com\/shareArticle?mini=true&#038;title=Familiares%20denuncian%20cerca%20de%2050%20tumbas%20inundadas%20en%20cementerio%20de%20Puerto%20Ays%C3%A9n&#038;url=https:\/\/radiorevelacionfm.cl\/?p=51412' aria-hidden='false' data-av_icon='\ue8fc' data-av_iconfont='entypo-fontello' title='' data-avia-related-tooltip='Compartir en LinkedIn' rel=\"noopener\"><span class='avia_hidden_link_text'>Compartir en LinkedIn<\/span><\/a><\/li><li class='av-share-link av-social-link-mail' ><a  aria-label=\"Compartir por correo\" href='mailto:?subject=Familiares%20denuncian%20cerca%20de%2050%20tumbas%20inundadas%20en%20cementerio%20de%20Puerto%20Ays%C3%A9n&#038;body=https:\/\/radiorevelacionfm.cl\/?p=51412' aria-hidden='false' data-av_icon='\ue805' data-av_iconfont='entypo-fontello' title='' data-avia-related-tooltip='Compartir por correo'><span class='avia_hidden_link_text'>Compartir por correo<\/span><\/a><\/li><\/ul><\/div><\/div>\n<div  style='height:50px' class='hr hr-invisible   avia-builder-el-8  el_after_av_social_share  el_before_av_comments_list '><span class='hr-inner ' ><span class='hr-inner-style'><\/span><\/span><\/div>\n<div  class='av-buildercomment  av-blog-meta-html-info-disabled av-blog-meta-tag-disabled  '><\/div>\n","protected":false},"excerpt":{"rendered":"","protected":false},"author":1,"featured_media":51415,"comment_status":"open","ping_status":"open","sticky":false,"template":"","format":"standard","meta":{"footnotes":""},"categories":[38],"tags":[],"class_list":["post-51412","post","type-post","status-publish","format-standard","has-post-thumbnail","hentry","category-regional"],"jetpack_featured_media_url":"https:\/\/radiorevelacionfm.cl\/wp-content\/uploads\/2025\/03\/familias1_optimized.jpg","_links":{"self":[{"href":"https:\/\/radiorevelacionfm.cl\/index.php?rest_route=\/wp\/v2\/posts\/51412","targetHints":{"allow":["GET"]}}],"collection":[{"href":"https:\/\/radiorevelacionfm.cl\/index.php?rest_route=\/wp\/v2\/posts"}],"about":[{"href":"https:\/\/radiorevelacionfm.cl\/index.php?rest_route=\/wp\/v2\/types\/post"}],"author":[{"embeddable":true,"href":"https:\/\/radiorevelacionfm.cl\/index.php?rest_route=\/wp\/v2\/users\/1"}],"replies":[{"embeddable":true,"href":"https:\/\/radiorevelacionfm.cl\/index.php?rest_route=%2Fwp%2Fv2%2Fcomments&post=51412"}],"version-history":[{"count":2,"href":"https:\/\/radiorevelacionfm.cl\/index.php?rest_route=\/wp\/v2\/posts\/51412\/revisions"}],"predecessor-version":[{"id":51416,"href":"https:\/\/radiorevelacionfm.cl\/index.php?rest_route=\/wp\/v2\/posts\/51412\/revisions\/51416"}],"wp:featuredmedia":[{"embeddable":true,"href":"https:\/\/radiorevelacionfm.cl\/index.php?rest_route=\/wp\/v2\/media\/51415"}],"wp:attachment":[{"href":"https:\/\/radiorevelacionfm.cl\/index.php?rest_route=%2Fwp%2Fv2%2Fmedia&parent=51412"}],"wp:term":[{"taxonomy":"category","embeddable":true,"href":"https:\/\/radiorevelacionfm.cl\/index.php?rest_route=%2Fwp%2Fv2%2Fcategories&post=51412"},{"taxonomy":"post_tag","embeddable":true,"href":"https:\/\/radiorevelacionfm.cl\/index.php?rest_route=%2Fwp%2Fv2%2Ftags&post=51412"}],"curies":[{"name":"wp","href":"https:\/\/api.w.org\/{rel}","templated":true}]}}