{"id":5141,"date":"2021-06-10T21:14:04","date_gmt":"2021-06-11T00:14:04","guid":{"rendered":"https:\/\/radiorevelacionfm.cl\/?p=5141"},"modified":"2021-06-10T21:14:04","modified_gmt":"2021-06-11T00:14:04","slug":"en-chile-chico-opd-y-consejo-consultivo-logran-compromiso-de-comerciantes-para-erradicar-el-trabajo-infantil","status":"publish","type":"post","link":"https:\/\/radiorevelacionfm.cl\/?p=5141","title":{"rendered":"En Chile Chico OPD y Consejo Consultivo logran compromiso de comerciantes para erradicar el trabajo infantil"},"content":{"rendered":"<div class=\"flex_column av_one_full  flex_column_div av-zero-column-padding first  avia-builder-el-0  el_before_av_one_full  avia-builder-el-first  \" style='border-radius:0px; '><div  class='avia-image-container  av-styling-    avia-builder-el-1  avia-builder-el-no-sibling  avia-align-center '  itemprop=\"image\" itemscope=\"itemscope\" itemtype=\"https:\/\/schema.org\/ImageObject\"  ><div class='avia-image-container-inner'><div class='avia-image-overlay-wrap'><img decoding=\"async\" class='wp-image-5142 avia-img-lazy-loading-not-5142 avia_image' src=\"https:\/\/radiorevelacionfm.cl\/wp-content\/uploads\/2021\/06\/trabajo-infantil-0_optimized.jpg\" alt='' title='trabajo-infantil-0_optimized' height=\"599\" width=\"766\"  itemprop=\"thumbnailUrl\" srcset=\"https:\/\/radiorevelacionfm.cl\/wp-content\/uploads\/2021\/06\/trabajo-infantil-0_optimized.jpg 766w, https:\/\/radiorevelacionfm.cl\/wp-content\/uploads\/2021\/06\/trabajo-infantil-0_optimized-300x235.jpg 300w, https:\/\/radiorevelacionfm.cl\/wp-content\/uploads\/2021\/06\/trabajo-infantil-0_optimized-705x551.jpg 705w, https:\/\/radiorevelacionfm.cl\/wp-content\/uploads\/2021\/06\/trabajo-infantil-0_optimized-600x469.jpg 600w\" sizes=\"(max-width: 766px) 100vw, 766px\" \/><\/div><\/div><\/div><\/div><div class=\"flex_column av_one_full  flex_column_div av-zero-column-padding first  avia-builder-el-2  el_after_av_one_full  el_before_av_one_full  column-top-margin\" style='border-radius:0px; '><section class=\"av_textblock_section \"  itemscope=\"itemscope\" itemtype=\"https:\/\/schema.org\/BlogPosting\" itemprop=\"blogPost\" ><div class='avia_textblock  '   itemprop=\"text\" ><p style=\"text-align: center;\"><span style=\"font-size: 18pt;\"><strong>En Chile Chico OPD y Consejo Consultivo logran compromiso de comerciantes para erradicar el trabajo infantil <\/strong><\/span><\/p>\n<div id=\"gtx-trans\" style=\"position: absolute; left: -50px; top: 4.31534px;\">\n<div class=\"gtx-trans-icon\"><\/div>\n<\/div>\n<\/div><\/section><\/div><div class=\"flex_column av_one_full  flex_column_div av-zero-column-padding first  avia-builder-el-4  el_after_av_one_full  el_before_av_hr  column-top-margin\" style='border-radius:0px; '><section class=\"av_textblock_section \"  itemscope=\"itemscope\" itemtype=\"https:\/\/schema.org\/BlogPosting\" itemprop=\"blogPost\" ><div class='avia_textblock  '   itemprop=\"text\" ><p style=\"text-align: justify;\">El pr\u00f3ximo 12 de junio se conmemora a nivel mundial el d\u00eda contra el trabajo infantil y anticip\u00e1ndose a ello el equipo de la OPD Chile Chico junto a dirigentas del Consejo Consultivo de la Infancia en la ciudad del sol, organizaron una actividad que pretend\u00eda visitar a los comerciantes y obtener su compromiso en la erradicaci\u00f3n del trabajo infantil.<\/p>\n<p style=\"text-align: justify;\">Positiva fue la respuesta de los locatarios, quienes decidieron firmar un acta e instalar un sello que los identifica como emprendedores que rechazan este tipo de situaciones. Tal como lo dio a conocer la encargada de la OPD, Paulina Hern\u00e1ndez.<\/p>\n<p style=\"text-align: justify;\">\u201cEn la actualidad nuestra legislaci\u00f3n lo permite, pero bajo ciertas condiciones, una de ellas y es la m\u00e1s importante que ese adolescente este estudiando, con un certificado de alumno regular se puede comprobar que el alumno est\u00e1 matriculado y que est\u00e1 asistiendo a clases. Entonces, bajo esa perspectiva, lo que hemos conversado y que pasa mucho quiz\u00e1s pero que se invisibiliza, son las peores formas de trabajo infantil, la explotaci\u00f3n y eso es un poco lo que nos ha llevado hoy en d\u00eda a hacer este ejercicio. Hemos pasado por el comercio para que firmen un acta y nosotros al ingreso de su local pegamos un sello de calidad, entonces, cuando la comunidad se acerque a un local y vea un logo amarillo, este s\u00edmbolo dice que, este local se compromete contra el trabajo infantil\u201d.<\/p>\n<p style=\"text-align: justify;\">La actividad fue desarrollada por la OPD pero tambi\u00e9n junto a dirigentas del Consejo Consultivo de la Infancia, quienes pusieron en valor el hecho de que a trav\u00e9s de esta oficina se est\u00e9 llevando a la pr\u00e1ctica el mensaje en torno a la erradicaci\u00f3n del trabajo infantil. La presidenta de la organizaci\u00f3n infanto \u2013 juvenil, Nadia Vega Poblete, tambi\u00e9n enfatiz\u00f3 que es positivo que muchos quieras colaborar con sus padres, pero ya existir\u00e1 el tiempo para aquello. \u201cO sea, est\u00e1 bien que quieran ayudar a sus pap\u00e1s, pero hay que esperar a su debido tiempo para poder lograr hacer aquello. Tambi\u00e9n ellos tienen que descansar y ocupar sus tiempos libres en distintas actividades\u201d.<\/p>\n<p style=\"text-align: justify;\">La Oficina de Protecci\u00f3n de los Derechos de la Infancia y la Adolescencia OPD de Chile Chico, continuar\u00e1 trabajando en la difusi\u00f3n de instancias tan importantes como la erradicaci\u00f3n del trabajo infantil y potenciando el derecho a la educaci\u00f3n, a la salud, a expresarse libremente, a la protecci\u00f3n, entre otros.<\/p>\n<\/div><\/section><\/div><div  style='height:50px' class='hr hr-invisible   avia-builder-el-6  el_after_av_one_full  el_before_av_social_share '><span class='hr-inner ' ><span class='hr-inner-style'><\/span><\/span><\/div><\/p>\n<div  class='av-social-sharing-box  avia-builder-el-7  el_after_av_hr  el_before_av_hr  '><div class='av-share-box'><h5 class='av-share-link-description av-no-toc '>Compartir esta noticia<\/h5><ul class='av-share-box-list noLightbox'><li class='av-share-link av-social-link-facebook' ><a target=\"_blank\" aria-label=\"Compartir en Facebook\" href='https:\/\/www.facebook.com\/sharer.php?u=https:\/\/radiorevelacionfm.cl\/?p=5141&#038;t=En%20Chile%20Chico%20OPD%20y%20Consejo%20Consultivo%20logran%20compromiso%20de%20comerciantes%20para%20erradicar%20el%20trabajo%20infantil' aria-hidden='false' data-av_icon='\ue8f3' data-av_iconfont='entypo-fontello' title='' data-avia-related-tooltip='Compartir en Facebook' rel=\"noopener\"><span class='avia_hidden_link_text'>Compartir en Facebook<\/span><\/a><\/li><li class='av-share-link av-social-link-twitter' ><a target=\"_blank\" aria-label=\"Compartir en Twitter\" href='https:\/\/twitter.com\/share?text=En%20Chile%20Chico%20OPD%20y%20Consejo%20Consultivo%20logran%20compromiso%20de%20comerciantes%20para%20erradicar%20el%20trabajo%20infantil&#038;url=https:\/\/radiorevelacionfm.cl\/?p=5141' aria-hidden='false' data-av_icon='\ue8f1' data-av_iconfont='entypo-fontello' title='' data-avia-related-tooltip='Compartir en Twitter' rel=\"noopener\"><span class='avia_hidden_link_text'>Compartir en Twitter<\/span><\/a><\/li><li class='av-share-link av-social-link-whatsapp' ><a target=\"_blank\" aria-label=\"Compartir en Whatsapp\" href='https:\/\/api.whatsapp.com\/send?text=https:\/\/radiorevelacionfm.cl\/?p=5141' aria-hidden='false' data-av_icon='\uf232' data-av_iconfont='entypo-fontello' title='' data-avia-related-tooltip='Compartir en Whatsapp' rel=\"noopener\"><span class='avia_hidden_link_text'>Compartir en Whatsapp<\/span><\/a><\/li><li class='av-share-link av-social-link-linkedin' ><a target=\"_blank\" aria-label=\"Compartir en LinkedIn\" href='https:\/\/linkedin.com\/shareArticle?mini=true&#038;title=En%20Chile%20Chico%20OPD%20y%20Consejo%20Consultivo%20logran%20compromiso%20de%20comerciantes%20para%20erradicar%20el%20trabajo%20infantil&#038;url=https:\/\/radiorevelacionfm.cl\/?p=5141' aria-hidden='false' data-av_icon='\ue8fc' data-av_iconfont='entypo-fontello' title='' data-avia-related-tooltip='Compartir en LinkedIn' rel=\"noopener\"><span class='avia_hidden_link_text'>Compartir en LinkedIn<\/span><\/a><\/li><li class='av-share-link av-social-link-mail' ><a  aria-label=\"Compartir por correo\" href='mailto:?subject=En%20Chile%20Chico%20OPD%20y%20Consejo%20Consultivo%20logran%20compromiso%20de%20comerciantes%20para%20erradicar%20el%20trabajo%20infantil&#038;body=https:\/\/radiorevelacionfm.cl\/?p=5141' aria-hidden='false' data-av_icon='\ue805' data-av_iconfont='entypo-fontello' title='' data-avia-related-tooltip='Compartir por correo'><span class='avia_hidden_link_text'>Compartir por correo<\/span><\/a><\/li><\/ul><\/div><\/div>\n<div  style='height:50px' class='hr hr-invisible   avia-builder-el-8  el_after_av_social_share  el_before_av_comments_list '><span class='hr-inner ' ><span class='hr-inner-style'><\/span><\/span><\/div>\n<div  class='av-buildercomment  av-blog-meta-html-info-disabled av-blog-meta-tag-disabled  '><\/div>\n","protected":false},"excerpt":{"rendered":"","protected":false},"author":1,"featured_media":5142,"comment_status":"open","ping_status":"open","sticky":false,"template":"","format":"standard","meta":{"footnotes":""},"categories":[38],"tags":[],"class_list":["post-5141","post","type-post","status-publish","format-standard","has-post-thumbnail","hentry","category-regional"],"jetpack_featured_media_url":"https:\/\/radiorevelacionfm.cl\/wp-content\/uploads\/2021\/06\/trabajo-infantil-0_optimized.jpg","_links":{"self":[{"href":"https:\/\/radiorevelacionfm.cl\/index.php?rest_route=\/wp\/v2\/posts\/5141","targetHints":{"allow":["GET"]}}],"collection":[{"href":"https:\/\/radiorevelacionfm.cl\/index.php?rest_route=\/wp\/v2\/posts"}],"about":[{"href":"https:\/\/radiorevelacionfm.cl\/index.php?rest_route=\/wp\/v2\/types\/post"}],"author":[{"embeddable":true,"href":"https:\/\/radiorevelacionfm.cl\/index.php?rest_route=\/wp\/v2\/users\/1"}],"replies":[{"embeddable":true,"href":"https:\/\/radiorevelacionfm.cl\/index.php?rest_route=%2Fwp%2Fv2%2Fcomments&post=5141"}],"version-history":[{"count":1,"href":"https:\/\/radiorevelacionfm.cl\/index.php?rest_route=\/wp\/v2\/posts\/5141\/revisions"}],"predecessor-version":[{"id":5143,"href":"https:\/\/radiorevelacionfm.cl\/index.php?rest_route=\/wp\/v2\/posts\/5141\/revisions\/5143"}],"wp:featuredmedia":[{"embeddable":true,"href":"https:\/\/radiorevelacionfm.cl\/index.php?rest_route=\/wp\/v2\/media\/5142"}],"wp:attachment":[{"href":"https:\/\/radiorevelacionfm.cl\/index.php?rest_route=%2Fwp%2Fv2%2Fmedia&parent=5141"}],"wp:term":[{"taxonomy":"category","embeddable":true,"href":"https:\/\/radiorevelacionfm.cl\/index.php?rest_route=%2Fwp%2Fv2%2Fcategories&post=5141"},{"taxonomy":"post_tag","embeddable":true,"href":"https:\/\/radiorevelacionfm.cl\/index.php?rest_route=%2Fwp%2Fv2%2Ftags&post=5141"}],"curies":[{"name":"wp","href":"https:\/\/api.w.org\/{rel}","templated":true}]}}